{"id":34136,"date":"2023-01-16T20:29:40","date_gmt":"2023-01-16T20:29:40","guid":{"rendered":"http:\/\/historiografija.hr\/?p=34136"},"modified":"2023-01-16T20:30:19","modified_gmt":"2023-01-16T20:30:19","slug":"drugi-poziv-na-studentski-skup-tijelo-i-emocije","status":"publish","type":"post","link":"https:\/\/historiografija.hr\/?p=34136","title":{"rendered":"Drugi poziv na studentski skup \u201cTijelo i emocije\u201d"},"content":{"rendered":"\n<p>Uz potporu Odsjeka za povijest Filozofskog fakulteta Sveu\u010dili\u0161ta u Zagrebu, uredni\u0161tvo 18. broja \u010dasopisa<em> Pro tempore <\/em>i ove je godine odlu\u010dilo odr\u017eati studentski skup na kojem mogu izlagati studenti i svi drugi zainteresirani. Odabir ovogodi\u0161nje teme <em>Tijelo i emocije<\/em> nudi mogu\u0107nost sudjelovanja izlaga\u010dima iz razli\u010ditih struka, \u010dime se studente poti\u010de na suradnju i me\u0111usobnu razmjenu ideja te otvara prostor za u\u010denje i znanstveno sazrijevanje. Skup \u0107e se odr\u017eati 20. travnja 2023. godine s po\u010detkom u 10 sati u Vije\u0107nici Filozofskog fakulteta u Zagrebu. U prijavi je potrebno navesti ime i prezime, stupanj obrazovanja te kratak sa\u017eetak u kojem je potrebno ukratko objasniti temu o kojoj se namjerava izlagati (ne vi\u0161e od 500 rije\u010di). Mogu\u0107e je izlagati na hrvatskom i njemu srodnim jezicima (srpskom, bosanskom, crnogorskom) te na engleskom jeziku. Izlaganje mo\u017ee trajati najvi\u0161e 20 minuta.<\/p>\n\n\n\n<p>Prijavu je potrebno podnijeti do 31. o\u017eujka 2023. godine na mail <a href=\"mailto:casopis.protempore@gmail.com\">casopis.protempore@gmail.com<\/a>.<\/p>\n\n\n\n<p>Sudionike skupa nastoji se potaknuti i da svoje referate objave u 18. broju \u010dasopisa <em>Pro tempore<\/em>.<\/p>\n\n\n\n<p>Detaljnije: <a rel=\"noreferrer noopener\" href=\"https:\/\/protempore.ffzg.unizg.hr\/studentski-znanstveni-skup\/?fbclid=IwAR1xrPdU8SCuUJqAAYL4ixhSiBpJuOnnDNtU-P_okKoq3IU7dIdvUjB_PHU\" target=\"_blank\">https:\/\/protempore.ffzg.unizg.hr\/studentski-znanstveni-skup\/<\/a><\/p>\n\n\n\n<hr class=\"wp-block-separator\"\/>\n\n\n\n<figure class=\"wp-block-image size-large\"><img data-recalc-dims=\"1\" loading=\"lazy\" decoding=\"async\" width=\"724\" height=\"1024\" data-attachment-id=\"34137\" data-permalink=\"https:\/\/historiografija.hr\/?attachment_id=34137\" data-orig-file=\"https:\/\/i0.wp.com\/historiografija.hr\/wp-content\/uploads\/2023\/01\/Skup-2023.-tijelo-i-emocije.png?fit=1587%2C2245&amp;ssl=1\" data-orig-size=\"1587,2245\" data-comments-opened=\"1\" data-image-meta=\"{&quot;aperture&quot;:&quot;0&quot;,&quot;credit&quot;:&quot;&quot;,&quot;camera&quot;:&quot;&quot;,&quot;caption&quot;:&quot;&quot;,&quot;created_timestamp&quot;:&quot;0&quot;,&quot;copyright&quot;:&quot;&quot;,&quot;focal_length&quot;:&quot;0&quot;,&quot;iso&quot;:&quot;0&quot;,&quot;shutter_speed&quot;:&quot;0&quot;,&quot;title&quot;:&quot;&quot;,&quot;orientation&quot;:&quot;0&quot;}\" data-image-title=\"Skup 2023. tijelo i emocije\" data-image-description=\"\" data-image-caption=\"\" data-large-file=\"https:\/\/i0.wp.com\/historiografija.hr\/wp-content\/uploads\/2023\/01\/Skup-2023.-tijelo-i-emocije.png?fit=724%2C1024&amp;ssl=1\" src=\"https:\/\/i0.wp.com\/historiografija.hr\/wp-content\/uploads\/2023\/01\/Skup-2023.-tijelo-i-emocije-724x1024.png?resize=724%2C1024&#038;ssl=1\" alt=\"\" class=\"wp-image-34137\" srcset=\"https:\/\/i0.wp.com\/historiografija.hr\/wp-content\/uploads\/2023\/01\/Skup-2023.-tijelo-i-emocije.png?resize=724%2C1024&amp;ssl=1 724w, https:\/\/i0.wp.com\/historiografija.hr\/wp-content\/uploads\/2023\/01\/Skup-2023.-tijelo-i-emocije.png?resize=212%2C300&amp;ssl=1 212w, https:\/\/i0.wp.com\/historiografija.hr\/wp-content\/uploads\/2023\/01\/Skup-2023.-tijelo-i-emocije.png?resize=768%2C1086&amp;ssl=1 768w, https:\/\/i0.wp.com\/historiografija.hr\/wp-content\/uploads\/2023\/01\/Skup-2023.-tijelo-i-emocije.png?resize=1086%2C1536&amp;ssl=1 1086w, https:\/\/i0.wp.com\/historiografija.hr\/wp-content\/uploads\/2023\/01\/Skup-2023.-tijelo-i-emocije.png?resize=1448%2C2048&amp;ssl=1 1448w, https:\/\/i0.wp.com\/historiografija.hr\/wp-content\/uploads\/2023\/01\/Skup-2023.-tijelo-i-emocije.png?w=1587&amp;ssl=1 1587w\" sizes=\"auto, (max-width: 724px) 100vw, 724px\" \/><\/figure>\n\n\n\n<hr class=\"wp-block-separator\"\/>\n","protected":false},"excerpt":{"rendered":"","protected":false},"author":2,"featured_media":34137,"comment_status":"open","ping_status":"open","sticky":false,"template":"","format":"standard","meta":{"_acf_changed":false,"jetpack_post_was_ever_published":false,"_jetpack_newsletter_access":"","_jetpack_dont_email_post_to_subs":false,"_jetpack_newsletter_tier_id":0,"_jetpack_memberships_contains_paywalled_content":false,"_jetpack_memberships_contains_paid_content":false,"footnotes":"","jetpack_publicize_message":"","jetpack_publicize_feature_enabled":true,"jetpack_social_post_already_shared":true,"jetpack_social_options":{"image_generator_settings":{"template":"highway","default_image_id":0,"font":"","enabled":false},"version":2}},"categories":[3,9],"tags":[],"class_list":["post-34136","post","type-post","status-publish","format-standard","has-post-thumbnail","hentry","category-novosti","category-skupovi"],"acf":{"facebook_opis":""},"jetpack_publicize_connections":[],"jetpack_featured_media_url":"https:\/\/i0.wp.com\/historiografija.hr\/wp-content\/uploads\/2023\/01\/Skup-2023.-tijelo-i-emocije.png?fit=1587%2C2245&ssl=1","jetpack_sharing_enabled":true,"jetpack-related-posts":[],"_links":{"self":[{"href":"https:\/\/historiografija.hr\/index.php?rest_route=\/wp\/v2\/posts\/34136","targetHints":{"allow":["GET"]}}],"collection":[{"href":"https:\/\/historiografija.hr\/index.php?rest_route=\/wp\/v2\/posts"}],"about":[{"href":"https:\/\/historiografija.hr\/index.php?rest_route=\/wp\/v2\/types\/post"}],"author":[{"embeddable":true,"href":"https:\/\/historiografija.hr\/index.php?rest_route=\/wp\/v2\/users\/2"}],"replies":[{"embeddable":true,"href":"https:\/\/historiografija.hr\/index.php?rest_route=%2Fwp%2Fv2%2Fcomments&post=34136"}],"version-history":[{"count":2,"href":"https:\/\/historiografija.hr\/index.php?rest_route=\/wp\/v2\/posts\/34136\/revisions"}],"predecessor-version":[{"id":34139,"href":"https:\/\/historiografija.hr\/index.php?rest_route=\/wp\/v2\/posts\/34136\/revisions\/34139"}],"wp:featuredmedia":[{"embeddable":true,"href":"https:\/\/historiografija.hr\/index.php?rest_route=\/wp\/v2\/media\/34137"}],"wp:attachment":[{"href":"https:\/\/historiografija.hr\/index.php?rest_route=%2Fwp%2Fv2%2Fmedia&parent=34136"}],"wp:term":[{"taxonomy":"category","embeddable":true,"href":"https:\/\/historiografija.hr\/index.php?rest_route=%2Fwp%2Fv2%2Fcategories&post=34136"},{"taxonomy":"post_tag","embeddable":true,"href":"https:\/\/historiografija.hr\/index.php?rest_route=%2Fwp%2Fv2%2Ftags&post=34136"}],"curies":[{"name":"wp","href":"https:\/\/api.w.org\/{rel}","templated":true}]}}