{"id":34117,"date":"2023-01-14T16:12:06","date_gmt":"2023-01-14T16:12:06","guid":{"rendered":"http:\/\/historiografija.hr\/?p=34117"},"modified":"2023-01-14T16:12:06","modified_gmt":"2023-01-14T16:12:06","slug":"vesna-miovic-dubrovacki-ples-s-kugom","status":"publish","type":"post","link":"https:\/\/historiografija.hr\/?p=34117","title":{"rendered":"Vesna Miovi\u0107, \u201eDubrova\u010dki ples s kugom\u201c"},"content":{"rendered":"\n<p>Zavod za povijesne znanosti HAZU u Dubrovniku objavio je knjigu Vesne Miovi\u0107 \u201eDubrova\u010dki ples s kugom: vrijeme Lazareta na Plo\u010dama\u201c (Zagreb \u2013 Dubrovnik, 2022, 232 str.).<\/p>\n\n\n\n<p>Op\u0161irnije o knjizi:<\/p>\n\n\n\n<figure class=\"wp-block-embed-wordpress wp-block-embed is-type-wp-embed is-provider-zavod-za-povijesne-znanosti-hazu-u-dubrovniku\"><div class=\"wp-block-embed__wrapper\">\n<blockquote class=\"wp-embedded-content\" data-secret=\"Pp3etz2eN4\"><a href=\"https:\/\/www.zavoddbk.org\/izdanja\/vesna-miovic-dubrovacki-ples-s-kugom-vrijeme-lazareta-na-plocama\/\">Vesna Miovi\u0107, Dubrova\u010dki ples s kugom: vrijeme Lazareta na Plo\u010dama<\/a><\/blockquote><iframe loading=\"lazy\" class=\"wp-embedded-content\" sandbox=\"allow-scripts\" security=\"restricted\" style=\"position: absolute; clip: rect(1px, 1px, 1px, 1px);\" title=\"&#8220;Vesna Miovi\u0107, Dubrova\u010dki ples s kugom: vrijeme Lazareta na Plo\u010dama&#8221; &#8212; Zavod za povijesne znanosti HAZU u Dubrovniku\" src=\"https:\/\/www.zavoddbk.org\/izdanja\/vesna-miovic-dubrovacki-ples-s-kugom-vrijeme-lazareta-na-plocama\/embed\/#?secret=VuT6uBIwOP#?secret=Pp3etz2eN4\" data-secret=\"Pp3etz2eN4\" width=\"600\" height=\"338\" frameborder=\"0\" marginwidth=\"0\" marginheight=\"0\" scrolling=\"no\"><\/iframe>\n<\/div><\/figure>\n\n\n\n<hr class=\"wp-block-separator\"\/>\n\n\n\n<p><strong>Iz medija:<\/strong><\/p>\n\n\n\n<figure class=\"wp-block-embed-wordpress wp-block-embed is-type-wp-embed is-provider-dulist\"><div class=\"wp-block-embed__wrapper\">\n<blockquote class=\"wp-embedded-content\" data-secret=\"H0i8jNpTYn\"><a href=\"https:\/\/dulist.hr\/dubrovacki-ples-s-kugom-vrijeme-lazareta-na-plocama-nova-je-knjiga-dr-sc-vesne-miovic\/806210\/\">&#8216;Dubrova\u010dki ples s kugom: vrijeme Lazareta na Plo\u010dama&#8217; nova je knjiga dr.sc. Vesne Miovi\u0107<\/a><\/blockquote><iframe loading=\"lazy\" class=\"wp-embedded-content\" sandbox=\"allow-scripts\" security=\"restricted\" style=\"position: absolute; clip: rect(1px, 1px, 1px, 1px);\" title=\"&#8220;&#8216;Dubrova\u010dki ples s kugom: vrijeme Lazareta na Plo\u010dama&#8217; nova je knjiga dr.sc. Vesne Miovi\u0107&#8221; &#8212; DuList\" src=\"https:\/\/dulist.hr\/dubrovacki-ples-s-kugom-vrijeme-lazareta-na-plocama-nova-je-knjiga-dr-sc-vesne-miovic\/806210\/embed\/#?secret=qIRzE6TmPX#?secret=H0i8jNpTYn\" data-secret=\"H0i8jNpTYn\" width=\"600\" height=\"338\" frameborder=\"0\" marginwidth=\"0\" marginheight=\"0\" scrolling=\"no\"><\/iframe>\n<\/div><\/figure>\n\n\n\n<p><a href=\"https:\/\/dubrovacki.slobodnadalmacija.hr\/dubrovnik\/vijesti\/kultura\/vesna-miovic-objavila-knjigu-dubrovacki-ples-s-kugom-lijepo-ilustrirano-djelo-koje-nudi-posve-novi-uvid-u-problematiku-pogranicnih-odnosa-ali-i-borbu-dubrovcana-protiv-opake-bolesti-1255180\">https:\/\/dubrovacki.slobodnadalmacija.hr\/dubrovnik\/vijesti\/kultura\/vesna-miovic-objavila-knjigu-dubrovacki-ples-s-kugom-lijepo-ilustrirano-djelo-koje-nudi-posve-novi-uvid-u-problematiku-pogranicnih-odnosa-ali-i-borbu-dubrovcana-protiv-opake-bolesti-1255180<\/a><\/p>\n\n\n\n<hr class=\"wp-block-separator\"\/>\n\n\n\n<p>Obavijest o knjizi objavljena je i na portalu <strong>Historiografija.ba<\/strong>:<\/p>\n\n\n\n<p><a href=\"https:\/\/historiografija.ba\/article.php?id=1648\">https:\/\/historiografija.ba\/article.php?id=1648<\/a><\/p>\n\n\n\n<hr class=\"wp-block-separator\"\/>\n","protected":false},"excerpt":{"rendered":"","protected":false},"author":2,"featured_media":34118,"comment_status":"open","ping_status":"open","sticky":false,"template":"","format":"standard","meta":{"_acf_changed":false,"jetpack_post_was_ever_published":false,"_jetpack_newsletter_access":"","_jetpack_dont_email_post_to_subs":false,"_jetpack_newsletter_tier_id":0,"_jetpack_memberships_contains_paywalled_content":false,"_jetpack_memberships_contains_paid_content":false,"footnotes":"","jetpack_publicize_message":"","jetpack_publicize_feature_enabled":true,"jetpack_social_post_already_shared":true,"jetpack_social_options":{"image_generator_settings":{"template":"highway","default_image_id":0,"font":"","enabled":false},"version":2}},"categories":[8,3],"tags":[],"class_list":["post-34117","post","type-post","status-publish","format-standard","has-post-thumbnail","hentry","category-knjige","category-novosti"],"acf":{"facebook_opis":""},"jetpack_publicize_connections":[],"jetpack_featured_media_url":"https:\/\/i0.wp.com\/historiografija.hr\/wp-content\/uploads\/2023\/01\/Miovic_Vesna_Kuga_korica.jpg?fit=450%2C600&ssl=1","jetpack_sharing_enabled":true,"jetpack-related-posts":[],"_links":{"self":[{"href":"https:\/\/historiografija.hr\/index.php?rest_route=\/wp\/v2\/posts\/34117","targetHints":{"allow":["GET"]}}],"collection":[{"href":"https:\/\/historiografija.hr\/index.php?rest_route=\/wp\/v2\/posts"}],"about":[{"href":"https:\/\/historiografija.hr\/index.php?rest_route=\/wp\/v2\/types\/post"}],"author":[{"embeddable":true,"href":"https:\/\/historiografija.hr\/index.php?rest_route=\/wp\/v2\/users\/2"}],"replies":[{"embeddable":true,"href":"https:\/\/historiografija.hr\/index.php?rest_route=%2Fwp%2Fv2%2Fcomments&post=34117"}],"version-history":[{"count":1,"href":"https:\/\/historiografija.hr\/index.php?rest_route=\/wp\/v2\/posts\/34117\/revisions"}],"predecessor-version":[{"id":34119,"href":"https:\/\/historiografija.hr\/index.php?rest_route=\/wp\/v2\/posts\/34117\/revisions\/34119"}],"wp:featuredmedia":[{"embeddable":true,"href":"https:\/\/historiografija.hr\/index.php?rest_route=\/wp\/v2\/media\/34118"}],"wp:attachment":[{"href":"https:\/\/historiografija.hr\/index.php?rest_route=%2Fwp%2Fv2%2Fmedia&parent=34117"}],"wp:term":[{"taxonomy":"category","embeddable":true,"href":"https:\/\/historiografija.hr\/index.php?rest_route=%2Fwp%2Fv2%2Fcategories&post=34117"},{"taxonomy":"post_tag","embeddable":true,"href":"https:\/\/historiografija.hr\/index.php?rest_route=%2Fwp%2Fv2%2Ftags&post=34117"}],"curies":[{"name":"wp","href":"https:\/\/api.w.org\/{rel}","templated":true}]}}