{"id":34097,"date":"2023-01-13T20:47:29","date_gmt":"2023-01-13T20:47:29","guid":{"rendered":"http:\/\/historiografija.hr\/?p=34097"},"modified":"2023-01-13T20:47:29","modified_gmt":"2023-01-13T20:47:29","slug":"poziv-na-sudjelovanje-past-and-present-representations-of-historical-urban-spaces-middle-ages-early-modern-time","status":"publish","type":"post","link":"https:\/\/historiografija.hr\/?p=34097","title":{"rendered":"Poziv na sudjelovanje: Past and Present Representations of Historical Urban Spaces (Middle Ages \u2013 Early Modern Time)"},"content":{"rendered":"\n<p><a href=\"https:\/\/www.biblhertz.it\/en\/home\" target=\"_blank\" rel=\"noreferrer noopener\">Bibliotheca Hertziana<\/a> i Institut za povijest umjetnosti pozivaju na sudjelovanje na me\u0111unarodnoj znanstvenoj radionici <em>Past and Present Representations of Historical Urban Spaces (Middle Ages \u2013 Early Modern Time)<\/em>, koja \u0107e se u organizaciji dr. Tanje Michalsky i dr. Ane Plosni\u0107 \u0160kari\u0107 odr\u017eati u Dubrovniku od 21. do 23. rujna 2023. godine.<\/p>\n\n\n\n<p>Vi\u0161e informacija <a href=\"https:\/\/www.ipu.hr\/article\/en\/1340\/past-and-present-representations-of-historical-urban-spaces\">ovdje<\/a>.<\/p>\n\n\n\n<hr class=\"wp-block-separator\"\/>\n\n\n\n<p>Izvor:<\/p>\n\n\n\n<p><a href=\"https:\/\/www.ipu.hr\/article\/en\/1340\/past-and-present-representations-of-historical-urban-spaces\">https:\/\/www.ipu.hr\/article\/en\/1340\/past-and-present-representations-of-historical-urban-spaces<\/a><\/p>\n\n\n\n<hr class=\"wp-block-separator\"\/>\n","protected":false},"excerpt":{"rendered":"","protected":false},"author":2,"featured_media":34098,"comment_status":"open","ping_status":"open","sticky":false,"template":"","format":"standard","meta":{"_acf_changed":false,"_jetpack_newsletter_access":"","_jetpack_dont_email_post_to_subs":false,"_jetpack_newsletter_tier_id":0,"_jetpack_memberships_contains_paywalled_content":false,"_jetpack_memberships_contains_paid_content":false,"footnotes":"","jetpack_publicize_message":"","jetpack_publicize_feature_enabled":true,"jetpack_social_post_already_shared":true,"jetpack_social_options":{"image_generator_settings":{"template":"highway","default_image_id":0,"font":"","enabled":false},"version":2},"jetpack_post_was_ever_published":false},"categories":[3,9],"tags":[],"class_list":["post-34097","post","type-post","status-publish","format-standard","has-post-thumbnail","hentry","category-novosti","category-skupovi"],"acf":{"facebook_opis":""},"jetpack_publicize_connections":[],"jetpack_featured_media_url":"https:\/\/i0.wp.com\/historiografija.hr\/wp-content\/uploads\/2023\/01\/IPU.png?fit=322%2C156&ssl=1","jetpack_sharing_enabled":true,"jetpack-related-posts":[{"id":47341,"url":"https:\/\/historiografija.hr\/?p=47341","url_meta":{"origin":34097,"position":0},"title":"Call for Papers: International Medieval Congress 2026 &#8211; &#8216;Temporalities&#8217;","author":"Branimir Jankovi\u0107","date":"10. srpnja 2025.","format":false,"excerpt":"IMC 2026 will take place from Monday 06 July to Thursday 09 July 2026 and this will be the fifth fully-hybrid event. There will be an in-person gathering in Leeds with a virtual component for those unable to attend in person. Call for Papers: IMC 2026 - Temporalities The IMC\u2026","rel":"","context":"U &quot;Novosti&quot;","block_context":{"text":"Novosti","link":"https:\/\/historiografija.hr\/?cat=3"},"img":{"alt_text":"","src":"https:\/\/i0.wp.com\/historiografija.hr\/wp-content\/uploads\/2025\/07\/IMC-Postcard-2026.jpg?fit=1200%2C851&ssl=1&resize=350%2C200","width":350,"height":200,"srcset":"https:\/\/i0.wp.com\/historiografija.hr\/wp-content\/uploads\/2025\/07\/IMC-Postcard-2026.jpg?fit=1200%2C851&ssl=1&resize=350%2C200 1x, https:\/\/i0.wp.com\/historiografija.hr\/wp-content\/uploads\/2025\/07\/IMC-Postcard-2026.jpg?fit=1200%2C851&ssl=1&resize=525%2C300 1.5x, https:\/\/i0.wp.com\/historiografija.hr\/wp-content\/uploads\/2025\/07\/IMC-Postcard-2026.jpg?fit=1200%2C851&ssl=1&resize=700%2C400 2x, https:\/\/i0.wp.com\/historiografija.hr\/wp-content\/uploads\/2025\/07\/IMC-Postcard-2026.jpg?fit=1200%2C851&ssl=1&resize=1050%2C600 3x"},"classes":[]},{"id":52834,"url":"https:\/\/historiografija.hr\/?p=52834","url_meta":{"origin":34097,"position":1},"title":"&#8220;Spatial Worlds of Medieval Central Europe: Real, Imagined, and Conceptual&#8221;, Budapest, 19\u201321 May 2027","author":"Filip \u0160imunjak","date":"6. svibnja 2026.","format":false,"excerpt":"Following successful conferences in Budapest (2014), Olomouc (2016), Zagreb (2018), Gda\u0144sk (2021), Bratislava (2023), and Munich (2025), the Seventh Biennial Conference of MECERN (http:\/\/mecern.eu\/) will focus on spatial worlds in medieval history, especially in Central Europe. The concepts of space, place, and the environment are central to our understanding of\u2026","rel":"","context":"U &quot;Novosti&quot;","block_context":{"text":"Novosti","link":"https:\/\/historiografija.hr\/?cat=3"},"img":{"alt_text":"","src":"https:\/\/i0.wp.com\/historiografija.hr\/wp-content\/uploads\/2026\/05\/Mecern-Logo.jpg?fit=450%2C270&ssl=1&resize=350%2C200","width":350,"height":200},"classes":[]},{"id":53964,"url":"https:\/\/historiografija.hr\/?p=53964","url_meta":{"origin":34097,"position":2},"title":"Poziv na sudjelovanje: Umjetni\u010dko blago zagreba\u010dke katedrale \u2013 nova istra\u017eivanja","author":"Branimir Jankovi\u0107","date":"9. lipnja 2026.","format":false,"excerpt":"Poziv na sudjelovanje na znanstvenom skupu Umjetni\u010dko blago zagreba\u010dke katedrale \u2013 nova istra\u017eivanja koji \u0107e se u organizaciji Instituta za povijest umjetnosti odr\u017eati 14. i 15. listopada 2026. u Nadbiskupijskom pastoralnom institutu u Zagrebu, Kaptol 29 a. >>> VI\u0160E Financira Europska unija \u2013 NextGenerationEU. Izvor: https:\/\/www.ipu.hr\/article\/hr\/2176\/umjetnicko-blago-zagrebacke-katedrale-nova-istrazivanja-","rel":"","context":"U &quot;Novosti&quot;","block_context":{"text":"Novosti","link":"https:\/\/historiografija.hr\/?cat=3"},"img":{"alt_text":"","src":"https:\/\/i0.wp.com\/historiografija.hr\/wp-content\/uploads\/2026\/06\/Blago-zg.-katedrale.jpg?fit=1200%2C983&ssl=1&resize=350%2C200","width":350,"height":200,"srcset":"https:\/\/i0.wp.com\/historiografija.hr\/wp-content\/uploads\/2026\/06\/Blago-zg.-katedrale.jpg?fit=1200%2C983&ssl=1&resize=350%2C200 1x, https:\/\/i0.wp.com\/historiografija.hr\/wp-content\/uploads\/2026\/06\/Blago-zg.-katedrale.jpg?fit=1200%2C983&ssl=1&resize=525%2C300 1.5x, https:\/\/i0.wp.com\/historiografija.hr\/wp-content\/uploads\/2026\/06\/Blago-zg.-katedrale.jpg?fit=1200%2C983&ssl=1&resize=700%2C400 2x, https:\/\/i0.wp.com\/historiografija.hr\/wp-content\/uploads\/2026\/06\/Blago-zg.-katedrale.jpg?fit=1200%2C983&ssl=1&resize=1050%2C600 3x"},"classes":[]},{"id":53378,"url":"https:\/\/historiografija.hr\/?p=53378","url_meta":{"origin":34097,"position":3},"title":"&#8220;Kali Sara&#8221;: Poziv za sudjelovanje u 5. ljetnoj \u0161koli suo\u010davanja s pro\u0161lo\u0161\u0107u","author":"Branimir Jankovi\u0107","date":"15. svibnja 2026.","format":false,"excerpt":"Savez Roma u Republici Hrvatskoj \u201cKALI SARA\u201d poziva na sudjelovanje u 5. ljetnoj \u0161koli suo\u010davanja s pro\u0161lo\u0161\u0107u koja se odr\u017eava u sklopu me\u0111unarodnog projekta \"Osna\u017eivanje mladih kroz povijest\", usmjerenog na dublje razumijevanje triju mra\u010dnih doga\u0111aja 20. stolje\u0107a: Holokausta, ratnog genocida nad Romima (Samudaripena) i genocida u Srebrenici. Ljetna \u0161kola -\u2026","rel":"","context":"U &quot;Novosti&quot;","block_context":{"text":"Novosti","link":"https:\/\/historiografija.hr\/?cat=3"},"img":{"alt_text":"","src":"https:\/\/i0.wp.com\/historiografija.hr\/wp-content\/uploads\/2026\/05\/Tribina-NDH.jpg?fit=784%2C540&ssl=1&resize=350%2C200","width":350,"height":200,"srcset":"https:\/\/i0.wp.com\/historiografija.hr\/wp-content\/uploads\/2026\/05\/Tribina-NDH.jpg?fit=784%2C540&ssl=1&resize=350%2C200 1x, https:\/\/i0.wp.com\/historiografija.hr\/wp-content\/uploads\/2026\/05\/Tribina-NDH.jpg?fit=784%2C540&ssl=1&resize=525%2C300 1.5x, https:\/\/i0.wp.com\/historiografija.hr\/wp-content\/uploads\/2026\/05\/Tribina-NDH.jpg?fit=784%2C540&ssl=1&resize=700%2C400 2x"},"classes":[]},{"id":52677,"url":"https:\/\/historiografija.hr\/?p=52677","url_meta":{"origin":34097,"position":4},"title":"CfP: NAVIGATING THE PAST, FACING THE PRESENT: CHALLENGES AND OPPORTUNITIES IN RE-PRESENTING CONFLICTS AND VIOLENCE IN MEMORY AND EDUCATION INSTITUTIONS, WARSAW, 22ND\u201324TH OCTOBER 2026 (DEADLINE: 30TH APRIL 2026)","author":"Branimir Jankovi\u0107","date":"27. travnja 2026.","format":false,"excerpt":"The conference and graduate workshop (October 22-24, 2026, Warsaw) addresses the representation of history in public and institutional contexts, with a focus beyond the often-studied field of \u201cmemory culture\u201d. Rather than emphasizing the politicization of memory and cultural institutions, the discussion shifts toward new methods, media, and challenges in historical\u2026","rel":"","context":"U &quot;Novosti&quot;","block_context":{"text":"Novosti","link":"https:\/\/historiografija.hr\/?cat=3"},"img":{"alt_text":"","src":"https:\/\/i0.wp.com\/historiografija.hr\/wp-content\/uploads\/2017\/10\/hsozkult.png?fit=1006%2C241&ssl=1&resize=350%2C200","width":350,"height":200,"srcset":"https:\/\/i0.wp.com\/historiografija.hr\/wp-content\/uploads\/2017\/10\/hsozkult.png?fit=1006%2C241&ssl=1&resize=350%2C200 1x, https:\/\/i0.wp.com\/historiografija.hr\/wp-content\/uploads\/2017\/10\/hsozkult.png?fit=1006%2C241&ssl=1&resize=525%2C300 1.5x, https:\/\/i0.wp.com\/historiografija.hr\/wp-content\/uploads\/2017\/10\/hsozkult.png?fit=1006%2C241&ssl=1&resize=700%2C400 2x"},"classes":[]},{"id":53473,"url":"https:\/\/historiografija.hr\/?p=53473","url_meta":{"origin":34097,"position":5},"title":"CfP: Those Who Serve: Service, Labor, and Social Hierarchies in Historical Perspective","author":"Branimir Jankovi\u0107","date":"19. svibnja 2026.","format":false,"excerpt":"Doctoral and Postdoctoral Workshop: Ljubljana, 12\u201313 November 2026 Keynote: prof. dr. Jane Whittle (University of Exeter) From domestic servants and agricultural laborers to apprentices, soldiers, and clerks \u2013 countless people across history lived and worked in the service of others. This workshop explores service not merely as a job category,\u2026","rel":"","context":"U &quot;Novosti&quot;","block_context":{"text":"Novosti","link":"https:\/\/historiografija.hr\/?cat=3"},"img":{"alt_text":"","src":"https:\/\/i0.wp.com\/historiografija.hr\/wp-content\/uploads\/2017\/10\/hsozkult.png?fit=1006%2C241&ssl=1&resize=350%2C200","width":350,"height":200,"srcset":"https:\/\/i0.wp.com\/historiografija.hr\/wp-content\/uploads\/2017\/10\/hsozkult.png?fit=1006%2C241&ssl=1&resize=350%2C200 1x, https:\/\/i0.wp.com\/historiografija.hr\/wp-content\/uploads\/2017\/10\/hsozkult.png?fit=1006%2C241&ssl=1&resize=525%2C300 1.5x, https:\/\/i0.wp.com\/historiografija.hr\/wp-content\/uploads\/2017\/10\/hsozkult.png?fit=1006%2C241&ssl=1&resize=700%2C400 2x"},"classes":[]}],"_links":{"self":[{"href":"https:\/\/historiografija.hr\/index.php?rest_route=\/wp\/v2\/posts\/34097","targetHints":{"allow":["GET"]}}],"collection":[{"href":"https:\/\/historiografija.hr\/index.php?rest_route=\/wp\/v2\/posts"}],"about":[{"href":"https:\/\/historiografija.hr\/index.php?rest_route=\/wp\/v2\/types\/post"}],"author":[{"embeddable":true,"href":"https:\/\/historiografija.hr\/index.php?rest_route=\/wp\/v2\/users\/2"}],"replies":[{"embeddable":true,"href":"https:\/\/historiografija.hr\/index.php?rest_route=%2Fwp%2Fv2%2Fcomments&post=34097"}],"version-history":[{"count":1,"href":"https:\/\/historiografija.hr\/index.php?rest_route=\/wp\/v2\/posts\/34097\/revisions"}],"predecessor-version":[{"id":34099,"href":"https:\/\/historiografija.hr\/index.php?rest_route=\/wp\/v2\/posts\/34097\/revisions\/34099"}],"wp:featuredmedia":[{"embeddable":true,"href":"https:\/\/historiografija.hr\/index.php?rest_route=\/wp\/v2\/media\/34098"}],"wp:attachment":[{"href":"https:\/\/historiografija.hr\/index.php?rest_route=%2Fwp%2Fv2%2Fmedia&parent=34097"}],"wp:term":[{"taxonomy":"category","embeddable":true,"href":"https:\/\/historiografija.hr\/index.php?rest_route=%2Fwp%2Fv2%2Fcategories&post=34097"},{"taxonomy":"post_tag","embeddable":true,"href":"https:\/\/historiografija.hr\/index.php?rest_route=%2Fwp%2Fv2%2Ftags&post=34097"}],"curies":[{"name":"wp","href":"https:\/\/api.w.org\/{rel}","templated":true}]}}