{"id":34094,"date":"2023-01-13T20:41:17","date_gmt":"2023-01-13T20:41:17","guid":{"rendered":"http:\/\/historiografija.hr\/?p=34094"},"modified":"2023-01-13T20:41:17","modified_gmt":"2023-01-13T20:41:17","slug":"okrugli-stol-zagrebacka-katedrala-nekoc-danas-i-sutra","status":"publish","type":"post","link":"https:\/\/historiografija.hr\/?p=34094","title":{"rendered":"Okrugli stol &#8220;Zagreba\u010dka katedrala neko\u0107, danas i sutra&#8221;"},"content":{"rendered":"\n<p><strong>Srijeda, 18. sije\u010dnja, 2023., 9:30 sati<\/strong><\/p>\n\n\n\n<p><strong>Matica hrvatska, Strossmayerov trg 4, Zagreb<\/strong><\/p>\n\n\n\n<hr class=\"wp-block-separator\"\/>\n\n\n\n<p>Sudjeluju: Jo\u0161ko Belamari\u0107, Sanja Cvetni\u0107, \u017deljka \u010corak, Dragan Damjanovi\u0107, Vladimir P. Goss, Katarina Horvat Levaj, Milan Pelc, Dino Milinovi\u0107 (moderator)<\/p>\n\n\n\n<hr class=\"wp-block-separator\"\/>\n\n\n\n<p>Katedrala je mjesto euharistijskog slavlja i molitve, ali i mjesto sje\u0107anja jedne zajednice. Ona je popri\u0161te liturgijskog teatra, ali i riznica, grobnica, muzej, koncertni podij, jednom rje\u010dju, veli\u010danstveni spomenik \u010dija povijest se\u017ee gotovo tisu\u0107u godina unatrag. S nama je od po\u010detka na\u0161ega grada, prvo kao njegova biskupska polovica, a od 19. stolje\u0107a kao sinonim nacionalne zajednice i hrvatske dr\u017eavnosti. Pa ipak, \u201esve \u0161to je do sada pisano o zagreba\u010dkoj katedrali zapo\u010dinje i zavr\u0161ava hipotezama\u201c, ka\u017ee Ana Deanovi\u0107 u knjizi iz sada ve\u0107 davne 1988. godine, koja sve do danas ostaje jedina prava monografija posve\u0107ena katedrali. Suautorica knjige, \u017deljka \u010corak, nadahnuto je usporedila katedralu \u201es nekim golemim pre\u017eivjelim bi\u0107em koje je iz geologije prestupilo u povijest i zemljopis\u201c. Jednom rje\u010dju, zagreba\u010dka katedrala i dalje je svojevrsna nepoznanica, koja skriva dobar dio svoje povijesti, \u010dak i od onih koji je redovito posje\u0107uju. Okrugli stol \u201eZagreba\u010dka katedrala neko\u0107, danas i sutra\u201c organiziran je ne zato \u0161to bismo u AD 2023. slavili neku posebnu obljetnicu, ve\u0107 zato \u0161to je novi veliki potres, nakon onoga koji je 1880. doveo do novog ruha zagreba\u010dke prvostolnice, pred nas postavio niz pitanja koja se ti\u010du kako obnove same gra\u0111evine, tako i interpretacije njezine slojevite, tisu\u0107ljetne povijesti. Za razliku od nekih (mahom starijih) katedrala diljem Hrvatske, \u010dija nam je povijest postala dostupna zahvaljuju\u0107i sustavnim istra\u017eivanjima, mi ne znamo \u0161to sve skriva pretpovijest na\u0161e prvostolnice, niti imamo jasne obrise predtatarske gra\u0111evine. Za\u0161to je ugarski kralj Ladislav dao podi\u0107i episkopalnu crkvu \u2013 kojoj je namijenio prvorazrednu politi\u010dku ulogu \u2013 upravo na ovome mjestu? Ta i sli\u010dna pitanja ostaju bez odgovora. Bez sumnje je njezina va\u017enost i uloga \u2013 od rasadi\u0161ta pismenosti u doba Augustina Ka\u017eoti\u0107a u 13. stolje\u0107u, do bedemima opasane utvrde (<em>antemurale Christianitatis<\/em>) u vrijeme ratova protiv Osmanlija, ili, pak, presti\u017enog simbola glavnoga grada krajem 19. stolje\u0107a \u2013 utjecala na izostanak sustavnih arheolo\u0161kih istra\u017eivanja koji bi nas upoznali s njezinim po\u010decima. Okrugli stol u organizaciji Matice hrvatske i Dru\u0161tva povjesni\u010dara umjetnosti Hrvatske ima za cilj iznova skrenuti pa\u017enju na umjetni\u010dke i simboli\u010dke sadr\u017eaje koje katedrala utjelovljuje kroz svoju arhitekturu, slikarstvo, skulpturu, oslikane liturgijske rukopise i predmete iz crkvene riznice. Nadamo se da \u0107e prigodni podsjetnik na njezinu bogatu ba\u0161tinu ujedno biti poticaj da se u trenutku kada zapo\u010dinje jo\u0161 jedna obnova, koja \u0107e biti dugotrajna i skupa, vodi ra\u010duna o tome da je vrijeme da doznamo odgovore na pitanja njezina nastanka i ranog razvoja. Jednako tako, sada je prigoda da se promisli kako vrednovati i predstaviti vrhunska djela iz njezinih riznica i umjetni\u010dkih zbirki te ih u\u010diniti dostupnijima \u0161iroj javnosti. (Dino Milinovi\u0107)<\/p>\n\n\n\n<p>Organizatori: Matica hrvatska i Dru\u0161tvo povjesni\u010dara umjetnosti Hrvatske<\/p>\n\n\n\n<hr class=\"wp-block-separator\"\/>\n\n\n\n<p>Izvori:<\/p>\n\n\n\n<p><a href=\"https:\/\/www.matica.hr\/novosti\/okrugli-stol-zagrebacka-katedrala-nekoc-danas-i-sutra-u-matici-hrvatskoj-254\/\">https:\/\/www.matica.hr\/novosti\/okrugli-stol-zagrebacka-katedrala-nekoc-danas-i-sutra-u-matici-hrvatskoj-254\/<\/a><\/p>\n\n\n\n<p><a href=\"http:\/\/www.dpuh.hr\/\">http:\/\/www.dpuh.hr\/<\/a><\/p>\n\n\n\n<p><a href=\"https:\/\/www.ipu.hr\/article\/hr\/1346\/zagrebacka-katedrala-nekoc-danas-i-sutra\">https:\/\/www.ipu.hr\/article\/hr\/1346\/zagrebacka-katedrala-nekoc-danas-i-sutra<\/a><\/p>\n\n\n\n<hr class=\"wp-block-separator\"\/>\n","protected":false},"excerpt":{"rendered":"","protected":false},"author":2,"featured_media":34095,"comment_status":"open","ping_status":"open","sticky":false,"template":"","format":"standard","meta":{"_acf_changed":false,"_jetpack_newsletter_access":"","_jetpack_dont_email_post_to_subs":false,"_jetpack_newsletter_tier_id":0,"_jetpack_memberships_contains_paywalled_content":false,"_jetpack_memberships_contains_paid_content":false,"footnotes":"","jetpack_publicize_message":"","jetpack_publicize_feature_enabled":true,"jetpack_social_post_already_shared":true,"jetpack_social_options":{"image_generator_settings":{"template":"highway","default_image_id":0,"font":"","enabled":false},"version":2},"jetpack_post_was_ever_published":false},"categories":[3],"tags":[],"class_list":["post-34094","post","type-post","status-publish","format-standard","has-post-thumbnail","hentry","category-novosti"],"acf":{"facebook_opis":""},"jetpack_publicize_connections":[],"jetpack_featured_media_url":"https:\/\/i0.wp.com\/historiografija.hr\/wp-content\/uploads\/2023\/01\/Katedrala.png?fit=940%2C788&ssl=1","jetpack_sharing_enabled":true,"jetpack-related-posts":[{"id":53716,"url":"https:\/\/historiografija.hr\/?p=53716","url_meta":{"origin":34094,"position":0},"title":"Radionica &#8220;Jugoslavenski modernizam u hrvatskoj kulturi sje\u0107anja&#8221;","author":"Filip \u0160imunjak","date":"26. svibnja 2026.","format":false,"excerpt":"Iako su karakteristi\u010dan dio vizure mnogih hrvatskih gradova, o jugoslavenskim arhitektonskim postignu\u0107ima rijetko kada dublje promi\u0161ljamo, bilo zato \u0161to su proizvod jednog minulog vremena ili zato \u0161to njihov izgled ne izaziva jednostrano divljenje. Po\u017ear koji je zadesio zgradu nekada\u0161nje izdava\u010dke ku\u0107e Vjesnik, koja je za mnoge predstavljala simbol grada Zagreba,\u2026","rel":"","context":"U &quot;Novosti&quot;","block_context":{"text":"Novosti","link":"https:\/\/historiografija.hr\/?cat=3"},"img":{"alt_text":"","src":"https:\/\/i0.wp.com\/historiografija.hr\/wp-content\/uploads\/2026\/05\/Radionica-Jugoslavenski-modernizam-u-hrvatskoj-kulturi-sjecanja.png?fit=1200%2C700&ssl=1&resize=350%2C200","width":350,"height":200,"srcset":"https:\/\/i0.wp.com\/historiografija.hr\/wp-content\/uploads\/2026\/05\/Radionica-Jugoslavenski-modernizam-u-hrvatskoj-kulturi-sjecanja.png?fit=1200%2C700&ssl=1&resize=350%2C200 1x, https:\/\/i0.wp.com\/historiografija.hr\/wp-content\/uploads\/2026\/05\/Radionica-Jugoslavenski-modernizam-u-hrvatskoj-kulturi-sjecanja.png?fit=1200%2C700&ssl=1&resize=525%2C300 1.5x, https:\/\/i0.wp.com\/historiografija.hr\/wp-content\/uploads\/2026\/05\/Radionica-Jugoslavenski-modernizam-u-hrvatskoj-kulturi-sjecanja.png?fit=1200%2C700&ssl=1&resize=700%2C400 2x, https:\/\/i0.wp.com\/historiografija.hr\/wp-content\/uploads\/2026\/05\/Radionica-Jugoslavenski-modernizam-u-hrvatskoj-kulturi-sjecanja.png?fit=1200%2C700&ssl=1&resize=1050%2C600 3x"},"classes":[]},{"id":54583,"url":"https:\/\/historiografija.hr\/?p=54583","url_meta":{"origin":34094,"position":1},"title":"Novi interaktivni sadr\u017eaj u Muzejskoj zoni Zra\u010dne luke Franjo Tu\u0111man o nacionalnim simbolima","author":"Branimir Jankovi\u0107","date":"14. srpnja 2026.","format":false,"excerpt":"Zagreb, 9. srpnja 2026. \u2013 Hrvatski povijesni muzej i Me\u0111unarodna zra\u010dna luka Zagreb predstavili su prvo pro\u0161irenje Muzejske zone u putni\u010dkom terminalu. Izlo\u017eba \"Zvijezde hrvatske povijesti: Nebo im je granica. Upoznaj ih!\", otvorena u velja\u010di 2025. godine, od danas je bogatija za svoju 25. zvijezdu \u2013 hrvatsku zastavu. Novi interaktivni\u2026","rel":"","context":"U &quot;Novosti&quot;","block_context":{"text":"Novosti","link":"https:\/\/historiografija.hr\/?cat=3"},"img":{"alt_text":"","src":"https:\/\/i0.wp.com\/historiografija.hr\/wp-content\/uploads\/2026\/07\/Nacionalni-simboli.jpg?fit=1200%2C800&ssl=1&resize=350%2C200","width":350,"height":200,"srcset":"https:\/\/i0.wp.com\/historiografija.hr\/wp-content\/uploads\/2026\/07\/Nacionalni-simboli.jpg?fit=1200%2C800&ssl=1&resize=350%2C200 1x, https:\/\/i0.wp.com\/historiografija.hr\/wp-content\/uploads\/2026\/07\/Nacionalni-simboli.jpg?fit=1200%2C800&ssl=1&resize=525%2C300 1.5x, https:\/\/i0.wp.com\/historiografija.hr\/wp-content\/uploads\/2026\/07\/Nacionalni-simboli.jpg?fit=1200%2C800&ssl=1&resize=700%2C400 2x, https:\/\/i0.wp.com\/historiografija.hr\/wp-content\/uploads\/2026\/07\/Nacionalni-simboli.jpg?fit=1200%2C800&ssl=1&resize=1050%2C600 3x"},"classes":[]},{"id":54592,"url":"https:\/\/historiografija.hr\/?p=54592","url_meta":{"origin":34094,"position":2},"title":"Rashid I. Khalidi, &#8220;Stogodi\u0161nji rat protiv Palestine&#8221;","author":"Branimir Jankovi\u0107","date":"14. srpnja 2026.","format":false,"excerpt":"Hrabro, briljantno i referentno, ovo izvanredno djelo s polja povijesne znanosti tako\u0111er obiluje dramati\u010dno\u0161\u0107u i zapanjuju\u0107om naracijom. Khalidi iznosi uvjerljive dokaze za preispitivanje konvencionalnog zapadnja\u010dkog poimanja spomenute teme, a njegova knjiga predstavlja prekretnicu u prou\u010davanju arapsko-izraelskog sukoba. Avi Shlaim, autor knjige The Iron Wall: Israel and the Arab World Stogodi\u0161nji\u2026","rel":"","context":"U &quot;Knjige&quot;","block_context":{"text":"Knjige","link":"https:\/\/historiografija.hr\/?cat=8"},"img":{"alt_text":"","src":"https:\/\/i0.wp.com\/historiografija.hr\/wp-content\/uploads\/2026\/07\/PK_Stogodisnji-Rat-Protiv-Palestine.jpg?fit=660%2C417&ssl=1&resize=350%2C200","width":350,"height":200,"srcset":"https:\/\/i0.wp.com\/historiografija.hr\/wp-content\/uploads\/2026\/07\/PK_Stogodisnji-Rat-Protiv-Palestine.jpg?fit=660%2C417&ssl=1&resize=350%2C200 1x, https:\/\/i0.wp.com\/historiografija.hr\/wp-content\/uploads\/2026\/07\/PK_Stogodisnji-Rat-Protiv-Palestine.jpg?fit=660%2C417&ssl=1&resize=525%2C300 1.5x"},"classes":[]},{"id":54956,"url":"https:\/\/historiografija.hr\/?p=54956","url_meta":{"origin":34094,"position":3},"title":"Izlo\u017eba &#8220;Drezdenski dnevnik Anke Krizmani\u0107&#8221;","author":"Branimir Jankovi\u0107","date":"13. kolovoza 2026.","format":false,"excerpt":"Mjesto: Muzej grada ZagrebaVrijeme otvorenja: 14. srpnja 2026., 19 satiTrajanje izlo\u017ebe: \u00a014. srpnja \u2013 20. rujna 2026.Autorice: Aneta Bari\u0161i\u0107 i dr. sc. Ana \u0160eparovi\u0107Stru\u010dna suradnica: dr. sc. Tihana Puc U utorak, 14. srpnja 2026. godine, u Muzeju grada Zagreba otvorena je izlo\u017eba Umjetni\u010dkog paviljona u Zagrebu Drezdenski dnevnik Anke Krizmani\u0107.\u2026","rel":"","context":"U &quot;Izlo\u017ebe&quot;","block_context":{"text":"Izlo\u017ebe","link":"https:\/\/historiografija.hr\/?cat=10"},"img":{"alt_text":"","src":"https:\/\/i0.wp.com\/historiografija.hr\/wp-content\/uploads\/2026\/08\/FOTO_MGZ-2.jpg?fit=1200%2C370&ssl=1&resize=350%2C200","width":350,"height":200,"srcset":"https:\/\/i0.wp.com\/historiografija.hr\/wp-content\/uploads\/2026\/08\/FOTO_MGZ-2.jpg?fit=1200%2C370&ssl=1&resize=350%2C200 1x, https:\/\/i0.wp.com\/historiografija.hr\/wp-content\/uploads\/2026\/08\/FOTO_MGZ-2.jpg?fit=1200%2C370&ssl=1&resize=525%2C300 1.5x, https:\/\/i0.wp.com\/historiografija.hr\/wp-content\/uploads\/2026\/08\/FOTO_MGZ-2.jpg?fit=1200%2C370&ssl=1&resize=700%2C400 2x, https:\/\/i0.wp.com\/historiografija.hr\/wp-content\/uploads\/2026\/08\/FOTO_MGZ-2.jpg?fit=1200%2C370&ssl=1&resize=1050%2C600 3x"},"classes":[]},{"id":53723,"url":"https:\/\/historiografija.hr\/?p=53723","url_meta":{"origin":34094,"position":4},"title":"Od Krle\u017ee i Galicije do DNK ranih Slavena: Leksikografski zavod suorganizirao slavisti\u010dki kolokvij u Lavovu","author":"Filip \u0160imunjak","date":"26. svibnja 2026.","format":false,"excerpt":"Leksikografski zavod Miroslav Krle\u017ea suorganizator 33. me\u0111unarodnoga slavisti\u010dkoga kolokvija u LavovuZAGREB\/LAVOV, 22. svibnja 2026. \u2013 Leksikografski zavod Miroslav Krle\u017ea jedan je od suorganizatora 33. me\u0111unarodnoga slavisti\u010dkoga kolokvija koji je 21. i 22. svibnja odr\u017ean u organizaciji i doma\u0107instvu Dr\u017eavnog sveu\u010dili\u0161ta Ivana Franka u Lavovu. Zbog ratnih okolnosti u Ukrajini vi\u0161e\u2026","rel":"","context":"U &quot;Novosti&quot;","block_context":{"text":"Novosti","link":"https:\/\/historiografija.hr\/?cat=3"},"img":{"alt_text":"","src":"https:\/\/i0.wp.com\/historiografija.hr\/wp-content\/uploads\/2026\/05\/Od-Krleze-i-Galicije-do-DNK-ranih-Slavena-scaled.jpg?fit=1200%2C771&ssl=1&resize=350%2C200","width":350,"height":200,"srcset":"https:\/\/i0.wp.com\/historiografija.hr\/wp-content\/uploads\/2026\/05\/Od-Krleze-i-Galicije-do-DNK-ranih-Slavena-scaled.jpg?fit=1200%2C771&ssl=1&resize=350%2C200 1x, https:\/\/i0.wp.com\/historiografija.hr\/wp-content\/uploads\/2026\/05\/Od-Krleze-i-Galicije-do-DNK-ranih-Slavena-scaled.jpg?fit=1200%2C771&ssl=1&resize=525%2C300 1.5x, https:\/\/i0.wp.com\/historiografija.hr\/wp-content\/uploads\/2026\/05\/Od-Krleze-i-Galicije-do-DNK-ranih-Slavena-scaled.jpg?fit=1200%2C771&ssl=1&resize=700%2C400 2x, https:\/\/i0.wp.com\/historiografija.hr\/wp-content\/uploads\/2026\/05\/Od-Krleze-i-Galicije-do-DNK-ranih-Slavena-scaled.jpg?fit=1200%2C771&ssl=1&resize=1050%2C600 3x"},"classes":[]},{"id":52543,"url":"https:\/\/historiografija.hr\/?p=52543","url_meta":{"origin":34094,"position":5},"title":"Znanstveno-stru\u010dni skup \u201eOto\u010dne pu\u010dke pobo\u017enosti: kontinuiteti i transformacije\u201c","author":"Branimir Jankovi\u0107","date":"20. travnja 2026.","format":false,"excerpt":"Najavljujemo\u00a0znanstveno-stru\u010dni skup \u201eOto\u010dne pu\u010dke pobo\u017enosti: kontinuiteti i transformacije\u201c,\u00a0koji \u0107e se odr\u017eati\u00a0u Rabu od 24. do 26. travnja 2026.,\u00a0u organizaciji i uz potporu\u00a0Instituta za etnologiju i folkloristiku, Zagreb, \u00a0Grada Raba, Pu\u010dkog otvorenog u\u010dili\u0161ta Rab i Centra za istra\u017eivanje srednjovjekovne ba\u0161tine Jadrana RIMAH. Skup okuplja vode\u0107e doma\u0107e stru\u010dnjake koji \u0107e kroz niz\u2026","rel":"","context":"U &quot;Novosti&quot;","block_context":{"text":"Novosti","link":"https:\/\/historiografija.hr\/?cat=3"},"img":{"alt_text":"","src":"https:\/\/i0.wp.com\/historiografija.hr\/wp-content\/uploads\/2026\/04\/Skup_Rab.jpg?fit=848%2C1200&ssl=1&resize=350%2C200","width":350,"height":200,"srcset":"https:\/\/i0.wp.com\/historiografija.hr\/wp-content\/uploads\/2026\/04\/Skup_Rab.jpg?fit=848%2C1200&ssl=1&resize=350%2C200 1x, https:\/\/i0.wp.com\/historiografija.hr\/wp-content\/uploads\/2026\/04\/Skup_Rab.jpg?fit=848%2C1200&ssl=1&resize=525%2C300 1.5x, https:\/\/i0.wp.com\/historiografija.hr\/wp-content\/uploads\/2026\/04\/Skup_Rab.jpg?fit=848%2C1200&ssl=1&resize=700%2C400 2x"},"classes":[]}],"_links":{"self":[{"href":"https:\/\/historiografija.hr\/index.php?rest_route=\/wp\/v2\/posts\/34094","targetHints":{"allow":["GET"]}}],"collection":[{"href":"https:\/\/historiografija.hr\/index.php?rest_route=\/wp\/v2\/posts"}],"about":[{"href":"https:\/\/historiografija.hr\/index.php?rest_route=\/wp\/v2\/types\/post"}],"author":[{"embeddable":true,"href":"https:\/\/historiografija.hr\/index.php?rest_route=\/wp\/v2\/users\/2"}],"replies":[{"embeddable":true,"href":"https:\/\/historiografija.hr\/index.php?rest_route=%2Fwp%2Fv2%2Fcomments&post=34094"}],"version-history":[{"count":1,"href":"https:\/\/historiografija.hr\/index.php?rest_route=\/wp\/v2\/posts\/34094\/revisions"}],"predecessor-version":[{"id":34096,"href":"https:\/\/historiografija.hr\/index.php?rest_route=\/wp\/v2\/posts\/34094\/revisions\/34096"}],"wp:featuredmedia":[{"embeddable":true,"href":"https:\/\/historiografija.hr\/index.php?rest_route=\/wp\/v2\/media\/34095"}],"wp:attachment":[{"href":"https:\/\/historiografija.hr\/index.php?rest_route=%2Fwp%2Fv2%2Fmedia&parent=34094"}],"wp:term":[{"taxonomy":"category","embeddable":true,"href":"https:\/\/historiografija.hr\/index.php?rest_route=%2Fwp%2Fv2%2Fcategories&post=34094"},{"taxonomy":"post_tag","embeddable":true,"href":"https:\/\/historiografija.hr\/index.php?rest_route=%2Fwp%2Fv2%2Ftags&post=34094"}],"curies":[{"name":"wp","href":"https:\/\/api.w.org\/{rel}","templated":true}]}}