{"id":34081,"date":"2023-01-12T11:26:51","date_gmt":"2023-01-12T11:26:51","guid":{"rendered":"http:\/\/historiografija.hr\/?p=34081"},"modified":"2023-01-12T11:27:30","modified_gmt":"2023-01-12T11:27:30","slug":"zbornik-jankovic-poziv-za-slanje-priloga","status":"publish","type":"post","link":"https:\/\/historiografija.hr\/?p=34081","title":{"rendered":"Zbornik Jankovi\u0107 \u2013 poziv za slanje priloga"},"content":{"rendered":"\n<p>Uredni\u0161tvo Zbornika Jankovi\u0107, godi\u0161njaka Ogranka Matice hrvatske Daruvar, poziva sve zainteresirane autore na dostavu priloga za novi, 7. broj Zbornika Jankovi\u0107 koji objavljuje znanstvene i stru\u010dne priloge iz podru\u010dja prvenstveno povijesne znanosti u njezinu \u0161irem smislu te ostalih srodnih znanstvenih disciplina. Tekstovi se mogu baviti bilo kojim povijesnim razdobljem iz nacionalne i europske te svjetske povijesti s time da se daje prednost onima koji obra\u0111uju povijest Daruvara, \u0161ire njegove okolice i prostora Bjelovarsko-bilogorske \u017eupanije. Mogu biti napisani na hrvatskom ili engleskom jeziku te ostalim jezicima koji su navedeni na portalu HR\u010cAK &#8211; Zbornik Jankovi\u0107. Uredni\u0161tvo \u0107e prihvatiti za objavljivanje znanstvene i stru\u010dne radove kategorizirane prema propisanim i uvrije\u017eenim normama (izvorni znanstveni rad, prethodno priop\u0107enje, pregledni rad, stru\u010dni rad), \u0161to se odre\u0111uje dvjema slijepim recenzijama.<br><br>Rok za predaju radova je 1. lipanj 2023. Priloge slati na mail: <a href=\"mailto:historik2000@gmail.com\">historik2000@gmail.com<\/a> (osobno glavnom uredniku \u010dasopisa dr. sc. \u017deljku Karauli) ili na <a href=\"mailto:daruvar@matica.hr\">daruvar@matica.hr<\/a>. Sve detalje i upute o pisanju radova vidi na &#8211; <a rel=\"noreferrer noopener\" href=\"https:\/\/hrcak.srce.hr\/jankovic\" target=\"_blank\">https:\/\/hrcak.srce.hr\/jankovic<\/a><\/p>\n\n\n\n<hr class=\"wp-block-separator\"\/>\n\n\n\n<figure class=\"wp-block-image size-large\"><img data-recalc-dims=\"1\" loading=\"lazy\" decoding=\"async\" width=\"725\" height=\"1024\" data-attachment-id=\"34082\" data-permalink=\"https:\/\/historiografija.hr\/?attachment_id=34082\" data-orig-file=\"https:\/\/i0.wp.com\/historiografija.hr\/wp-content\/uploads\/2023\/01\/Korice-Jankovic%CC%81-7.jpg?fit=1004%2C1418&amp;ssl=1\" data-orig-size=\"1004,1418\" data-comments-opened=\"1\" data-image-meta=\"{&quot;aperture&quot;:&quot;0&quot;,&quot;credit&quot;:&quot;&quot;,&quot;camera&quot;:&quot;&quot;,&quot;caption&quot;:&quot;&quot;,&quot;created_timestamp&quot;:&quot;0&quot;,&quot;copyright&quot;:&quot;&quot;,&quot;focal_length&quot;:&quot;0&quot;,&quot;iso&quot;:&quot;0&quot;,&quot;shutter_speed&quot;:&quot;0&quot;,&quot;title&quot;:&quot;&quot;,&quot;orientation&quot;:&quot;0&quot;}\" data-image-title=\"Korice Jankovic\u0301 7\" data-image-description=\"\" data-image-caption=\"\" data-large-file=\"https:\/\/i0.wp.com\/historiografija.hr\/wp-content\/uploads\/2023\/01\/Korice-Jankovic%CC%81-7.jpg?fit=725%2C1024&amp;ssl=1\" src=\"https:\/\/i0.wp.com\/historiografija.hr\/wp-content\/uploads\/2023\/01\/Korice-Jankovic%CC%81-7.jpg?resize=725%2C1024&#038;ssl=1\" alt=\"\" class=\"wp-image-34082\" srcset=\"https:\/\/i0.wp.com\/historiografija.hr\/wp-content\/uploads\/2023\/01\/Korice-Jankovic%CC%81-7.jpg?resize=725%2C1024&amp;ssl=1 725w, https:\/\/i0.wp.com\/historiografija.hr\/wp-content\/uploads\/2023\/01\/Korice-Jankovic%CC%81-7.jpg?resize=212%2C300&amp;ssl=1 212w, https:\/\/i0.wp.com\/historiografija.hr\/wp-content\/uploads\/2023\/01\/Korice-Jankovic%CC%81-7.jpg?resize=768%2C1085&amp;ssl=1 768w, https:\/\/i0.wp.com\/historiografija.hr\/wp-content\/uploads\/2023\/01\/Korice-Jankovic%CC%81-7.jpg?w=1004&amp;ssl=1 1004w\" sizes=\"auto, (max-width: 725px) 100vw, 725px\" \/><\/figure>\n\n\n\n<hr class=\"wp-block-separator\"\/>\n","protected":false},"excerpt":{"rendered":"","protected":false},"author":2,"featured_media":34082,"comment_status":"open","ping_status":"open","sticky":false,"template":"","format":"standard","meta":{"_acf_changed":false,"jetpack_post_was_ever_published":false,"_jetpack_newsletter_access":"","_jetpack_dont_email_post_to_subs":false,"_jetpack_newsletter_tier_id":0,"_jetpack_memberships_contains_paywalled_content":false,"_jetpack_memberships_contains_paid_content":false,"footnotes":"","jetpack_publicize_message":"","jetpack_publicize_feature_enabled":true,"jetpack_social_post_already_shared":true,"jetpack_social_options":{"image_generator_settings":{"template":"highway","default_image_id":0,"font":"","enabled":false},"version":2}},"categories":[21,3],"tags":[],"class_list":["post-34081","post","type-post","status-publish","format-standard","has-post-thumbnail","hentry","category-casopisi","category-novosti"],"acf":{"facebook_opis":""},"jetpack_publicize_connections":[],"jetpack_featured_media_url":"https:\/\/i0.wp.com\/historiografija.hr\/wp-content\/uploads\/2023\/01\/Korice-Jankovic%CC%81-7.jpg?fit=1004%2C1418&ssl=1","jetpack_sharing_enabled":true,"jetpack-related-posts":[],"_links":{"self":[{"href":"https:\/\/historiografija.hr\/index.php?rest_route=\/wp\/v2\/posts\/34081","targetHints":{"allow":["GET"]}}],"collection":[{"href":"https:\/\/historiografija.hr\/index.php?rest_route=\/wp\/v2\/posts"}],"about":[{"href":"https:\/\/historiografija.hr\/index.php?rest_route=\/wp\/v2\/types\/post"}],"author":[{"embeddable":true,"href":"https:\/\/historiografija.hr\/index.php?rest_route=\/wp\/v2\/users\/2"}],"replies":[{"embeddable":true,"href":"https:\/\/historiografija.hr\/index.php?rest_route=%2Fwp%2Fv2%2Fcomments&post=34081"}],"version-history":[{"count":2,"href":"https:\/\/historiografija.hr\/index.php?rest_route=\/wp\/v2\/posts\/34081\/revisions"}],"predecessor-version":[{"id":34084,"href":"https:\/\/historiografija.hr\/index.php?rest_route=\/wp\/v2\/posts\/34081\/revisions\/34084"}],"wp:featuredmedia":[{"embeddable":true,"href":"https:\/\/historiografija.hr\/index.php?rest_route=\/wp\/v2\/media\/34082"}],"wp:attachment":[{"href":"https:\/\/historiografija.hr\/index.php?rest_route=%2Fwp%2Fv2%2Fmedia&parent=34081"}],"wp:term":[{"taxonomy":"category","embeddable":true,"href":"https:\/\/historiografija.hr\/index.php?rest_route=%2Fwp%2Fv2%2Fcategories&post=34081"},{"taxonomy":"post_tag","embeddable":true,"href":"https:\/\/historiografija.hr\/index.php?rest_route=%2Fwp%2Fv2%2Ftags&post=34081"}],"curies":[{"name":"wp","href":"https:\/\/api.w.org\/{rel}","templated":true}]}}