{"id":34078,"date":"2023-01-12T11:16:45","date_gmt":"2023-01-12T11:16:45","guid":{"rendered":"http:\/\/historiografija.hr\/?p=34078"},"modified":"2023-01-12T11:16:45","modified_gmt":"2023-01-12T11:16:45","slug":"predstavljanje-knjige-50-godina-povijesnog-drustva-otoka-krka-1969-2019","status":"publish","type":"post","link":"https:\/\/historiografija.hr\/?p=34078","title":{"rendered":"Predstavljanje knjige \u201e50 godina Povijesnog dru\u0161tva otoka Krka (1969. &#8211; 2019.)\u201c"},"content":{"rendered":"\n<p>Knji\u017enica i \u010ditaonica Bogdana Ogrizovi\u0107a<\/p>\n\n\n\n<p>Preradovi\u0107eva 5, Zagreb<\/p>\n\n\n\n<p>13.01.2023. | petak<\/p>\n\n\n\n<p>Po\u010detak doga\u0111anja: 18.00 sati<\/p>\n\n\n\n<p>Odr\u017eat \u0107e se predstavljanje knjige 50 godina Povijesnog dru\u0161tva otoka Krka (1969. &#8211; 2019.).\u00a0Knjigu \u0107e predstaviti\u00a0Perica Dujmovi\u0107, Tomislav Galovi\u0107 i Juraj Mu\u017eina.<\/p>\n\n\n\n<p>Predstavljanje organiziraju Dru\u0161tvo Kr\u010dana i prijatelja otoka Krka, Odjel za povijest Matice hrvatske i Knji\u017enica.\u00a0<\/p>\n\n\n\n<hr class=\"wp-block-separator\"\/>\n\n\n\n<p>Izvor:<\/p>\n\n\n\n<p><a href=\"https:\/\/www.kgz.hr\/hr\/knjiznice\/knjiznica-i-citaonica-bogdana-ogrizovica\/72\">https:\/\/www.kgz.hr\/hr\/knjiznice\/knjiznica-i-citaonica-bogdana-ogrizovica\/72<\/a><\/p>\n\n\n\n<hr class=\"wp-block-separator\"\/>\n","protected":false},"excerpt":{"rendered":"","protected":false},"author":2,"featured_media":34079,"comment_status":"open","ping_status":"open","sticky":false,"template":"","format":"standard","meta":{"_acf_changed":false,"_jetpack_newsletter_access":"","_jetpack_dont_email_post_to_subs":false,"_jetpack_newsletter_tier_id":0,"_jetpack_memberships_contains_paywalled_content":false,"_jetpack_memberships_contains_paid_content":false,"footnotes":"","jetpack_publicize_message":"","jetpack_publicize_feature_enabled":true,"jetpack_social_post_already_shared":true,"jetpack_social_options":{"image_generator_settings":{"template":"highway","default_image_id":0,"font":"","enabled":false},"version":2},"jetpack_post_was_ever_published":false},"categories":[3],"tags":[],"class_list":["post-34078","post","type-post","status-publish","format-standard","has-post-thumbnail","hentry","category-novosti"],"acf":{"facebook_opis":""},"jetpack_publicize_connections":[],"jetpack_featured_media_url":"https:\/\/i0.wp.com\/historiografija.hr\/wp-content\/uploads\/2023\/01\/Ogrizovic.jpg?fit=340%2C340&ssl=1","jetpack_sharing_enabled":true,"jetpack-related-posts":[{"id":54933,"url":"https:\/\/historiografija.hr\/?p=54933","url_meta":{"origin":34078,"position":0},"title":"Predstavljanje knjiga Antona Bozani\u0107a \u201cZavi\u010dajni kalendar otoka Krka\u201d i \u201cKr\u010dki iseljenici u New Yorku i Sjedinjenim Ameri\u010dkim Dr\u017eavama\u201d u Omi\u0161lju","author":"Branimir Jankovi\u0107","date":"11. kolovoza 2026.","format":false,"excerpt":"Promocija knjiga ''Zavi\u010dajni kalendar otoka Krka'' i \"Kr\u010dki iseljenici u New Yorku i u Sjedinjenim Ameri\u010dkim Dr\u017eavama'' doc. dr. sc. Antona Bozani\u0107a odr\u017eat \u0107e se u \u010detvrtak 13. kolovoza 2026. u 20,00 sati u Omi\u0161lju na Smitiru (kod \u017eupne crkve). Izvor: https:\/\/otok-krk.org\/krk\/pozivnica-promocija-knjiga-zavicajni-kalendar-otoka-krka-i-krcki-iseljenici-u-new-yorku-i-u-sjedinjenim-americkim-drzavama","rel":"","context":"U &quot;Novosti&quot;","block_context":{"text":"Novosti","link":"https:\/\/historiografija.hr\/?cat=3"},"img":{"alt_text":"","src":"https:\/\/i0.wp.com\/historiografija.hr\/wp-content\/uploads\/2026\/08\/slika-1.png?fit=1200%2C831&ssl=1&resize=350%2C200","width":350,"height":200,"srcset":"https:\/\/i0.wp.com\/historiografija.hr\/wp-content\/uploads\/2026\/08\/slika-1.png?fit=1200%2C831&ssl=1&resize=350%2C200 1x, https:\/\/i0.wp.com\/historiografija.hr\/wp-content\/uploads\/2026\/08\/slika-1.png?fit=1200%2C831&ssl=1&resize=525%2C300 1.5x, https:\/\/i0.wp.com\/historiografija.hr\/wp-content\/uploads\/2026\/08\/slika-1.png?fit=1200%2C831&ssl=1&resize=700%2C400 2x, https:\/\/i0.wp.com\/historiografija.hr\/wp-content\/uploads\/2026\/08\/slika-1.png?fit=1200%2C831&ssl=1&resize=1050%2C600 3x"},"classes":[]},{"id":52961,"url":"https:\/\/historiografija.hr\/?p=52961","url_meta":{"origin":34078,"position":1},"title":"Predstavljanje prvoga sveska knjige \u201cIzvori i konteksti. Rasprave o jadranskom srednjovjekovlju\u201d na Kliofestu","author":"Branimir Jankovi\u0107","date":"6. svibnja 2026.","format":false,"excerpt":"Predstavljanje knjige Izvori i konteksti. Rasprave o jadranskom srednjovjekovlju. Svezak I odr\u017eat \u0107e se u sklopu ovogodi\u0161njeg Kliofesta u \u010detvrtak, 7. svibnja 2026. u 18 sati u Knji\u017enici i \u010ditaonici Bogdana Ogrizovi\u0107a (Preradovi\u0107eva 5, Zagreb). Knjigu \u0107e pored autora, dr. sc. Ivana Basi\u0107a (Filozofski fakultet Sveu\u010dili\u0161ta u Splitu) predstaviti recenzent\u2026","rel":"","context":"U &quot;Novosti&quot;","block_context":{"text":"Novosti","link":"https:\/\/historiografija.hr\/?cat=3"},"img":{"alt_text":"","src":"https:\/\/i0.wp.com\/historiografija.hr\/wp-content\/uploads\/2026\/05\/Kliofest-7_5_2026-Izvori-i-konteksti.jpg?fit=1030%2C486&ssl=1&resize=350%2C200","width":350,"height":200,"srcset":"https:\/\/i0.wp.com\/historiografija.hr\/wp-content\/uploads\/2026\/05\/Kliofest-7_5_2026-Izvori-i-konteksti.jpg?fit=1030%2C486&ssl=1&resize=350%2C200 1x, https:\/\/i0.wp.com\/historiografija.hr\/wp-content\/uploads\/2026\/05\/Kliofest-7_5_2026-Izvori-i-konteksti.jpg?fit=1030%2C486&ssl=1&resize=525%2C300 1.5x, https:\/\/i0.wp.com\/historiografija.hr\/wp-content\/uploads\/2026\/05\/Kliofest-7_5_2026-Izvori-i-konteksti.jpg?fit=1030%2C486&ssl=1&resize=700%2C400 2x"},"classes":[]},{"id":49060,"url":"https:\/\/historiografija.hr\/?p=49060","url_meta":{"origin":34078,"position":2},"title":"Predstavljanje knjige \u201ePOVIJEST \u0160KOLA SESTARA KLANJATELJICA KRVI KRISTOVE U BOSNI I HERCEGOVINI (1880. \u2013 1945.)\u201c","author":"Branimir Jankovi\u0107","date":"22. listopada 2025.","format":false,"excerpt":"Imamo \u010dast i zadovoljstvo pozvati Vas na predstavljanje Znanstvene monografije POVIJEST \u0160KOLA SESTARA KLANJATELJICA KRVI KRISTOVE U BOSNI I HERCEGOVINI (1880. \u2013 1945.) autorice dr. sc. Viktorie Ko\u0161akO knjizi \u0107e govoriti:predstavnici suizdava\u010daprof. dr. sc. Hrvoje Petri\u0107, recenzentdr. sc. Tihana Lueti\u0107, recenzenticadr. sc. Viktoria Ko\u0161ak, autorica Predstavljanje \u0107e se odr\u017eati u\u2026","rel":"","context":"U &quot;Novosti&quot;","block_context":{"text":"Novosti","link":"https:\/\/historiografija.hr\/?cat=3"},"img":{"alt_text":"","src":"https:\/\/i0.wp.com\/historiografija.hr\/wp-content\/uploads\/2025\/10\/pozivnica-kosak-ogrizovic.jpg?fit=600%2C285&ssl=1&resize=350%2C200","width":350,"height":200,"srcset":"https:\/\/i0.wp.com\/historiografija.hr\/wp-content\/uploads\/2025\/10\/pozivnica-kosak-ogrizovic.jpg?fit=600%2C285&ssl=1&resize=350%2C200 1x, https:\/\/i0.wp.com\/historiografija.hr\/wp-content\/uploads\/2025\/10\/pozivnica-kosak-ogrizovic.jpg?fit=600%2C285&ssl=1&resize=525%2C300 1.5x"},"classes":[]},{"id":52704,"url":"https:\/\/historiografija.hr\/?p=52704","url_meta":{"origin":34078,"position":3},"title":"Predstavljanje knjige &#8220;Vladimir Vasiljevi\u0107: Moji do\u017eivljaji. Dnevni\u010dki zapisi iz Prvoga svjetskog rata i poratnoga vremena&#8221;","author":"Filip \u0160imunjak","date":"29. travnja 2026.","format":false,"excerpt":"Doga\u0111anja ovogodi\u0161njega Festivala povijesti Kliofest zapo\u010dinjemo ve\u0107 i prije samoga slu\u017ebenog otvaranja, predstavljanjem knjige \u201eMoji do\u017eivljaji. Dnevni\u010dki zapisi iz Prvoga svjetskog rata i poratnoga vremena\u201d Vladimira Vasiljevi\u0107a, koju su priredili Karlo Rukavina i Damir Agi\u010di\u0107. Pozivamo Vas na predstavljanje koje \u0107e se odr\u017eati u ponedjeljak 4. svibnja, s po\u010detkom u\u2026","rel":"","context":"U &quot;Knjige&quot;","block_context":{"text":"Knjige","link":"https:\/\/historiografija.hr\/?cat=8"},"img":{"alt_text":"","src":"https:\/\/i0.wp.com\/historiografija.hr\/wp-content\/uploads\/2026\/04\/Naslovna-V.-Vasiljevic.webp?fit=1200%2C600&ssl=1&resize=350%2C200","width":350,"height":200,"srcset":"https:\/\/i0.wp.com\/historiografija.hr\/wp-content\/uploads\/2026\/04\/Naslovna-V.-Vasiljevic.webp?fit=1200%2C600&ssl=1&resize=350%2C200 1x, https:\/\/i0.wp.com\/historiografija.hr\/wp-content\/uploads\/2026\/04\/Naslovna-V.-Vasiljevic.webp?fit=1200%2C600&ssl=1&resize=525%2C300 1.5x, https:\/\/i0.wp.com\/historiografija.hr\/wp-content\/uploads\/2026\/04\/Naslovna-V.-Vasiljevic.webp?fit=1200%2C600&ssl=1&resize=700%2C400 2x, https:\/\/i0.wp.com\/historiografija.hr\/wp-content\/uploads\/2026\/04\/Naslovna-V.-Vasiljevic.webp?fit=1200%2C600&ssl=1&resize=1050%2C600 3x"},"classes":[]},{"id":53820,"url":"https:\/\/historiografija.hr\/?p=53820","url_meta":{"origin":34078,"position":4},"title":"Predstavljanje knjige Antona Bozani\u0107a &#8220;Kr\u010dki iseljenici u New Yorku i Sjedinjenim Ameri\u010dkim Dr\u017eavama&#8221; u Krku","author":"Branimir Jankovi\u0107","date":"29. svibnja 2026.","format":false,"excerpt":"Predstavljanje knjige doc. dr. sc. Antona Bozani\u0107a \"Kr\u010dki iseljenici u New Yorku i Sjedinjenim Ameri\u010dkim Dr\u017eavama\" bit \u0107e odr\u017eano u utorak, 2. lipnja 2026. godine u 12:00 sati u Velikoj vije\u0107nici Grada Krka. Op\u0161irnije u nastavku. Izvor: https:\/\/otok-krk.org\/krk\/krk-predstavljanje-knjige-krcki-iseljenici-u-new-yorku-i-sjedinjenim-ameri%C4%8Dkim-drzavama","rel":"","context":"U &quot;Novosti&quot;","block_context":{"text":"Novosti","link":"https:\/\/historiografija.hr\/?cat=3"},"img":{"alt_text":"","src":"https:\/\/i0.wp.com\/historiografija.hr\/wp-content\/uploads\/2026\/05\/Promocija-knjige-Bozanic.jpg?fit=1200%2C574&ssl=1&resize=350%2C200","width":350,"height":200,"srcset":"https:\/\/i0.wp.com\/historiografija.hr\/wp-content\/uploads\/2026\/05\/Promocija-knjige-Bozanic.jpg?fit=1200%2C574&ssl=1&resize=350%2C200 1x, https:\/\/i0.wp.com\/historiografija.hr\/wp-content\/uploads\/2026\/05\/Promocija-knjige-Bozanic.jpg?fit=1200%2C574&ssl=1&resize=525%2C300 1.5x, https:\/\/i0.wp.com\/historiografija.hr\/wp-content\/uploads\/2026\/05\/Promocija-knjige-Bozanic.jpg?fit=1200%2C574&ssl=1&resize=700%2C400 2x, https:\/\/i0.wp.com\/historiografija.hr\/wp-content\/uploads\/2026\/05\/Promocija-knjige-Bozanic.jpg?fit=1200%2C574&ssl=1&resize=1050%2C600 3x"},"classes":[]},{"id":52966,"url":"https:\/\/historiografija.hr\/?p=52966","url_meta":{"origin":34078,"position":5},"title":"Kliofest 2026: Predstavljanje knjige &#8220;Nasilje nad \u017eenama: Diskursi, perspektive, lekcije iz bh. povijesti&#8221;","author":"Branimir Jankovi\u0107","date":"6. svibnja 2026.","format":false,"excerpt":"NACIONALNA I SVEU\u010cILI\u0160NA KNJI\u017dNICA U ZAGREBU POZORNICA II. \u010cetvrtak, 7. svibnja 2026. 18.00-18.45 Predstavljanje knjige Nasilje nad \u017eenama: Diskursi, perspektive, lekcije iz bh. povijesti Fondacija Heinrich B\u00f6ll, Sarajevo i Univerzitet u Sarajevu - Filozofski fakultet Sudjeluju: Amila Kasumovi\u0107, Fahd Kasumovi\u0107 Moderator: Branimir Jankovi\u0107","rel":"","context":"U &quot;Novosti&quot;","block_context":{"text":"Novosti","link":"https:\/\/historiografija.hr\/?cat=3"},"img":{"alt_text":"","src":"https:\/\/i0.wp.com\/historiografija.hr\/wp-content\/uploads\/2026\/05\/Kliofest-03-cetvrtak-II-17-PK-Nasilje-nad-zenama.jpg?fit=1200%2C566&ssl=1&resize=350%2C200","width":350,"height":200,"srcset":"https:\/\/i0.wp.com\/historiografija.hr\/wp-content\/uploads\/2026\/05\/Kliofest-03-cetvrtak-II-17-PK-Nasilje-nad-zenama.jpg?fit=1200%2C566&ssl=1&resize=350%2C200 1x, https:\/\/i0.wp.com\/historiografija.hr\/wp-content\/uploads\/2026\/05\/Kliofest-03-cetvrtak-II-17-PK-Nasilje-nad-zenama.jpg?fit=1200%2C566&ssl=1&resize=525%2C300 1.5x, https:\/\/i0.wp.com\/historiografija.hr\/wp-content\/uploads\/2026\/05\/Kliofest-03-cetvrtak-II-17-PK-Nasilje-nad-zenama.jpg?fit=1200%2C566&ssl=1&resize=700%2C400 2x, https:\/\/i0.wp.com\/historiografija.hr\/wp-content\/uploads\/2026\/05\/Kliofest-03-cetvrtak-II-17-PK-Nasilje-nad-zenama.jpg?fit=1200%2C566&ssl=1&resize=1050%2C600 3x"},"classes":[]}],"_links":{"self":[{"href":"https:\/\/historiografija.hr\/index.php?rest_route=\/wp\/v2\/posts\/34078","targetHints":{"allow":["GET"]}}],"collection":[{"href":"https:\/\/historiografija.hr\/index.php?rest_route=\/wp\/v2\/posts"}],"about":[{"href":"https:\/\/historiografija.hr\/index.php?rest_route=\/wp\/v2\/types\/post"}],"author":[{"embeddable":true,"href":"https:\/\/historiografija.hr\/index.php?rest_route=\/wp\/v2\/users\/2"}],"replies":[{"embeddable":true,"href":"https:\/\/historiografija.hr\/index.php?rest_route=%2Fwp%2Fv2%2Fcomments&post=34078"}],"version-history":[{"count":1,"href":"https:\/\/historiografija.hr\/index.php?rest_route=\/wp\/v2\/posts\/34078\/revisions"}],"predecessor-version":[{"id":34080,"href":"https:\/\/historiografija.hr\/index.php?rest_route=\/wp\/v2\/posts\/34078\/revisions\/34080"}],"wp:featuredmedia":[{"embeddable":true,"href":"https:\/\/historiografija.hr\/index.php?rest_route=\/wp\/v2\/media\/34079"}],"wp:attachment":[{"href":"https:\/\/historiografija.hr\/index.php?rest_route=%2Fwp%2Fv2%2Fmedia&parent=34078"}],"wp:term":[{"taxonomy":"category","embeddable":true,"href":"https:\/\/historiografija.hr\/index.php?rest_route=%2Fwp%2Fv2%2Fcategories&post=34078"},{"taxonomy":"post_tag","embeddable":true,"href":"https:\/\/historiografija.hr\/index.php?rest_route=%2Fwp%2Fv2%2Ftags&post=34078"}],"curies":[{"name":"wp","href":"https:\/\/api.w.org\/{rel}","templated":true}]}}