{"id":34075,"date":"2023-01-12T11:08:39","date_gmt":"2023-01-12T11:08:39","guid":{"rendered":"http:\/\/historiografija.hr\/?p=34075"},"modified":"2023-01-12T11:08:39","modified_gmt":"2023-01-12T11:08:39","slug":"dovrsena-digitalizacija-priloga-o-zavicaju","status":"publish","type":"post","link":"https:\/\/historiografija.hr\/?p=34075","title":{"rendered":"Dovr\u0161ena digitalizacija \u201cPriloga o zavi\u010daju\u201d"},"content":{"rendered":"\n<p>Istarsko povijesno dru\u0161tvo \u2013 Societ\u00e0 storica Istriana u suradnji s Katedrom \u010cavakavskog sabora za povijest Istre Pazin dovr\u0161ila je digitalizaciju svih \u0161est svezaka iz serije zbornika \u201ePrilozi o zavi\u010daju\u201c. Izdanja je mogu\u0107e konzultirati u otvorenom pristupu na mre\u017enoj stranici Dru\u0161tva <a href=\"https:\/\/ipd-ssi.hr\/projekti\/digitalizacija\/digitalizacija-literature\/prilozi-o-zavicaju\/\">https:\/\/ipd-ssi.hr\/projekti\/digitalizacija\/digitalizacija-literature\/prilozi-o-zavicaju\/<\/a> Projekt su financirali Grad Pula-Pola, Grad Pazin te Upravni odjel za kulturu i zavi\u010dajnost Istarske \u017eupanije.<\/p>\n\n\n\n<p>Prilozi o zavi\u010daju objavljivani su od 1980. do 1990. u izdanju Katedre \u010cakavskog sabora u Puli. U ukupno \u0161est svezaka objavljeni su odabrani radovi eminentnih istarskih povjesni\u010dara, povjesni\u010dara umjetnosti, arheologa i dr., predstavljeni na znanstvenim skupovima i kolokvijima koje je Katedra organizirala od 1977. do 1987.<\/p>\n\n\n\n<p>Prvi svezak (1980) donosi radove sa skupova Revolucionarna gibanja u Puli 1918. i Iz kulturne ba\u0161tine Pule; drugi (1980) je posve\u0107en Vinkuranu, Premanturi i Pomeru; tre\u0107i (1983) Medulinu, Svetvin\u010dentu i Sutivancu; u \u010detvrtom (1986) su radovi sa skupova Pretpostavke, putovi i rezultati kulturne integracije Istre s maticom zemljom, Doprinos Matka Laginje kulturnom sjedinjenju s mati\u010dnom nacionalnom kulturom, Li\u017enjan nekad i danas te Premantura (U povodu 400-godi\u0161njice postojanja); peti (1988) je povezan s kolokvijima o Mutvoranu i Pro\u0161tini te o Mar\u010dani, a \u0161esti (1990) donosi radove s kolokvija o Peroju. Urednik prvih pet svezaka bio je Josip Percan, a posljednjega sveska Mirko Jurki\u0107.<\/p>\n\n\n\n<p>Projekt \u201eDigitalizacija historiografske literature\u201c Istarskoga povijesnog dru\u0161tva osmi\u0161ljen je s ciljem sustavne digitalizacije svih povijesnih \u010dasopisa koji su izlazili na podru\u010dju Istre kako bi se pomo\u0107u digitalnih preslika omogu\u0107ila dostupnost gra\u0111i putem interneta te istovremeno za\u0161titili izvornici posljedi\u010dnim smanjivanjem rukovanja i kori\u0161tenja. Prednost elektroni\u010dke gra\u0111e ogleda se i u mogu\u0107nosti pretra\u017eivanja \u010ditavoga izdanja prema klju\u010dnoj rije\u010di. Digitalizacija historiografske literature u okviru IPD-a zapo\u010deta je s digitalizacijom Vjesnika historijskih arhiva u Rijeci i Pazinu te Vjesnika istarskog arhiva, nastavila se s Pazinskim memorijalom i Prilozima o zavi\u010daju, a u pripremi su i druga vrijedna izdanja. Voditelj projekta je \u017deljko Cetina, a koordinator Milan Rado\u0161evi\u0107.<\/p>\n\n\n\n<hr class=\"wp-block-separator\"\/>\n\n\n\n<p>Izvor:<\/p>\n\n\n\n<figure class=\"wp-block-embed-wordpress wp-block-embed is-type-wp-embed is-provider-istarsko-povijesno-drustvo-societa-storica-istriana\"><div class=\"wp-block-embed__wrapper\">\n<blockquote class=\"wp-embedded-content\" data-secret=\"lLpI9caMEW\"><a href=\"https:\/\/ipd-ssi.hr\/2023\/01\/11\/dovrsena-digitalizacija-priloga-o-zavicaju\/\">Dovr\u0161ena digitalizacija &#8220;Priloga o zavi\u010daju&#8221;<\/a><\/blockquote><iframe loading=\"lazy\" class=\"wp-embedded-content\" sandbox=\"allow-scripts\" security=\"restricted\" style=\"position: absolute; clip: rect(1px, 1px, 1px, 1px);\" title=\"&#8220;Dovr\u0161ena digitalizacija &#8220;Priloga o zavi\u010daju&#8221;&#8221; &#8212; Istarsko povijesno dru\u0161tvo - Societ\u00e0 Storica Istriana\" src=\"https:\/\/ipd-ssi.hr\/2023\/01\/11\/dovrsena-digitalizacija-priloga-o-zavicaju\/embed\/#?secret=Qom81cnnhi#?secret=lLpI9caMEW\" data-secret=\"lLpI9caMEW\" width=\"600\" height=\"338\" frameborder=\"0\" marginwidth=\"0\" marginheight=\"0\" scrolling=\"no\"><\/iframe>\n<\/div><\/figure>\n\n\n\n<hr class=\"wp-block-separator\"\/>\n","protected":false},"excerpt":{"rendered":"","protected":false},"author":2,"featured_media":34076,"comment_status":"open","ping_status":"open","sticky":false,"template":"","format":"standard","meta":{"_acf_changed":false,"_jetpack_newsletter_access":"","_jetpack_dont_email_post_to_subs":false,"_jetpack_newsletter_tier_id":0,"_jetpack_memberships_contains_paywalled_content":false,"_jetpack_memberships_contains_paid_content":false,"footnotes":"","jetpack_publicize_message":"","jetpack_publicize_feature_enabled":true,"jetpack_social_post_already_shared":true,"jetpack_social_options":{"image_generator_settings":{"template":"highway","default_image_id":0,"font":"","enabled":false},"version":2},"jetpack_post_was_ever_published":false},"categories":[19,3],"tags":[],"class_list":["post-34075","post","type-post","status-publish","format-standard","has-post-thumbnail","hentry","category-e-knjige","category-novosti"],"acf":{"facebook_opis":""},"jetpack_publicize_connections":[],"jetpack_featured_media_url":"https:\/\/i0.wp.com\/historiografija.hr\/wp-content\/uploads\/2023\/01\/Prilozi-o-zavicaju.jpg?fit=700%2C441&ssl=1","jetpack_sharing_enabled":true,"jetpack-related-posts":[{"id":53463,"url":"https:\/\/historiografija.hr\/?p=53463","url_meta":{"origin":34075,"position":0},"title":"Predstavljen je prvi svezak zbornika \u201cNovi prilozi za povijest hrvatske socijaldemokracije\u201d","author":"Branimir Jankovi\u0107","date":"19. svibnja 2026.","format":false,"excerpt":"U srijedu 6. svibnja 2026. u Knji\u017enici i \u010ditaonici Bogdana Ogrizovi\u0107a u Zagrebu u sklopu ovogodi\u0161njeg Kliofesta odr\u017eano je predstavljanje prvoga sveska zbornika Novi prilozi za povijest hrvatske socijaldemokracije urednika dr. sc. Matka Globa\u010dnika. Zbornik su predstavili recenzenti s Filozofskog fakulteta Sveu\u010dili\u0161ta u Zagrebu, dr. sc. Martin Previ\u0161i\u0107, red. prof.,\u2026","rel":"","context":"U &quot;Novosti&quot;","block_context":{"text":"Novosti","link":"https:\/\/historiografija.hr\/?cat=3"},"img":{"alt_text":"","src":"https:\/\/i0.wp.com\/historiografija.hr\/wp-content\/uploads\/2026\/05\/Kliofest-6_5_2026.jpg?fit=1030%2C633&ssl=1&resize=350%2C200","width":350,"height":200,"srcset":"https:\/\/i0.wp.com\/historiografija.hr\/wp-content\/uploads\/2026\/05\/Kliofest-6_5_2026.jpg?fit=1030%2C633&ssl=1&resize=350%2C200 1x, https:\/\/i0.wp.com\/historiografija.hr\/wp-content\/uploads\/2026\/05\/Kliofest-6_5_2026.jpg?fit=1030%2C633&ssl=1&resize=525%2C300 1.5x, https:\/\/i0.wp.com\/historiografija.hr\/wp-content\/uploads\/2026\/05\/Kliofest-6_5_2026.jpg?fit=1030%2C633&ssl=1&resize=700%2C400 2x"},"classes":[]},{"id":54520,"url":"https:\/\/historiografija.hr\/?p=54520","url_meta":{"origin":34075,"position":1},"title":"\u201ePrilozi za povijest Broda i okolice\u201c. Knjiga 7","author":"Branimir Jankovi\u0107","date":"8. srpnja 2026.","format":false,"excerpt":"U okviru Hrvatskog instituta za povijest \u2013 Podru\u017enice za povijest Slavonije, Srijema i Baranje objavljen je sedmi svezak povremenika Prilozi za povijest Broda i okolice \u010diji je urednik Robert Skenderovi\u0107. Uvodna rije\u010d urednika\u00a0 Ovim, sedmim sveskom nastavljamo objavljivanje povremenika Prilozi za povijest Broda i okolice u izdanju na\u0161e Podru\u017enice. Slijede\u0107i\u2026","rel":"","context":"U &quot;Knjige&quot;","block_context":{"text":"Knjige","link":"https:\/\/historiografija.hr\/?cat=8"},"img":{"alt_text":"","src":"https:\/\/i0.wp.com\/historiografija.hr\/wp-content\/uploads\/2026\/07\/Prilozi-za-povijest-Broda-i-okolice-naslov.png?fit=661%2C426&ssl=1&resize=350%2C200","width":350,"height":200,"srcset":"https:\/\/i0.wp.com\/historiografija.hr\/wp-content\/uploads\/2026\/07\/Prilozi-za-povijest-Broda-i-okolice-naslov.png?fit=661%2C426&ssl=1&resize=350%2C200 1x, https:\/\/i0.wp.com\/historiografija.hr\/wp-content\/uploads\/2026\/07\/Prilozi-za-povijest-Broda-i-okolice-naslov.png?fit=661%2C426&ssl=1&resize=525%2C300 1.5x"},"classes":[]},{"id":54646,"url":"https:\/\/historiografija.hr\/?p=54646","url_meta":{"origin":34075,"position":2},"title":"Novi broj \u010dasopisa \u201ePRILOZI\u201c (br. 54, 2025)","author":"Branimir Jankovi\u0107","date":"17. srpnja 2026.","format":false,"excerpt":"Institut za historiju Univerziteta u Sarajevu objavio je 54. broj \u010dasopisa \u201ePrilozi\u201c, koji je u cijelosti dostupan na stranici Instituta za historiju Univerziteta u Sarajevu. Op\u0161irnije: https:\/\/prilozi.iis.unsa.ba\/prilozi-br-54-2025\/ Dodatne obavijesti: https:\/\/historiografija.ba\/casopisi\/bosna-i-hercegovina\/objavljen-je-br-54-casopisa-prilozi-instituta-za-historiju","rel":"","context":"U &quot;\u010casopisi&quot;","block_context":{"text":"\u010casopisi","link":"https:\/\/historiografija.hr\/?cat=21"},"img":{"alt_text":"","src":"https:\/\/i0.wp.com\/historiografija.hr\/wp-content\/uploads\/2026\/07\/prilozi-instituta-za-historiju-54.jpg?fit=450%2C665&ssl=1&resize=350%2C200","width":350,"height":200},"classes":[]},{"id":53144,"url":"https:\/\/historiografija.hr\/?p=53144","url_meta":{"origin":34075,"position":3},"title":"Novi brojevi \u010dasopisa \u201ePovijesni prilozi\u201c (44\/2025)","author":"Filip \u0160imunjak","date":"14. svibnja 2026.","format":false,"excerpt":"U 2025. godini iza\u0161la su dva nova broja \u010dasopisa \u201ePovijesni prilozi\u201c Hrvatskog instituta za povijest, oba broja u cijelosti su dostupna na portalu hrvatskih znanstvenih i stru\u010dnih \u010dasopisa Hr\u010dak. Povijesni prilozi, Vol. 44 No. 68, 2025. https:\/\/hrcak.srce.hr\/broj\/25945 Povijesni prilozi, Vol. 44 No. 69, 2025. https:\/\/hrcak.srce.hr\/broj\/26431","rel":"","context":"U &quot;\u010casopisi&quot;","block_context":{"text":"\u010casopisi","link":"https:\/\/historiografija.hr\/?cat=21"},"img":{"alt_text":"","src":"https:\/\/i0.wp.com\/historiografija.hr\/wp-content\/uploads\/2026\/05\/Povijesni-prilozi-44.webp?fit=707%2C900&ssl=1&resize=350%2C200","width":350,"height":200,"srcset":"https:\/\/i0.wp.com\/historiografija.hr\/wp-content\/uploads\/2026\/05\/Povijesni-prilozi-44.webp?fit=707%2C900&ssl=1&resize=350%2C200 1x, https:\/\/i0.wp.com\/historiografija.hr\/wp-content\/uploads\/2026\/05\/Povijesni-prilozi-44.webp?fit=707%2C900&ssl=1&resize=525%2C300 1.5x, https:\/\/i0.wp.com\/historiografija.hr\/wp-content\/uploads\/2026\/05\/Povijesni-prilozi-44.webp?fit=707%2C900&ssl=1&resize=700%2C400 2x"},"classes":[]},{"id":53121,"url":"https:\/\/historiografija.hr\/?p=53121","url_meta":{"origin":34075,"position":4},"title":"Novi broj \u010dasopisa \u201eSenjski zbornik\u201c (52\/2025)","author":"Filip \u0160imunjak","date":"13. svibnja 2026.","format":false,"excerpt":"U prosincu 2025. godine objavljen je 52. broj \u010dasopisa \u201eSenjski zbornik: prilozi za geografiju, etnologiju, gospodarstvo, povijest i kulturu\u201c, u cijelosti je dostupan na portalu hrvatskih znanstvenih i stru\u010dnih \u010dasopisa Hr\u010dak. Op\u0161irnije: https:\/\/hrcak.srce.hr\/broj\/26354","rel":"","context":"U &quot;\u010casopisi&quot;","block_context":{"text":"\u010casopisi","link":"https:\/\/historiografija.hr\/?cat=21"},"img":{"alt_text":"","src":"https:\/\/i0.wp.com\/historiografija.hr\/wp-content\/uploads\/2026\/05\/Senjski-zbornik-52.webp?fit=654%2C900&ssl=1&resize=350%2C200","width":350,"height":200,"srcset":"https:\/\/i0.wp.com\/historiografija.hr\/wp-content\/uploads\/2026\/05\/Senjski-zbornik-52.webp?fit=654%2C900&ssl=1&resize=350%2C200 1x, https:\/\/i0.wp.com\/historiografija.hr\/wp-content\/uploads\/2026\/05\/Senjski-zbornik-52.webp?fit=654%2C900&ssl=1&resize=525%2C300 1.5x"},"classes":[]},{"id":54778,"url":"https:\/\/historiografija.hr\/?p=54778","url_meta":{"origin":34075,"position":5},"title":"Boris Akunin, &#8220;Pelagija i crni monah&#8221;","author":"Branimir Jankovi\u0107","date":"23. srpnja 2023.","format":false,"excerpt":"U ovom romanu \u010ditatelji mogu \u010duti odjeke Tolstoja, Dostojevskog i \u010cehova, u\u017eivati u intrigantnom krimi\u0107u i u dobroj knji\u017eevnosti. Los Angeles Times Mali ruski gradi\u0107 Zavol\u017esk nije se jo\u0161 do kraja oporavio od slu\u010daja Bijelog buldoga, a njegovu je snenu ruralnu rutinu uzdrmala jo\u0161 jedna neobi\u010dna pojava. U grad je\u2026","rel":"","context":"U &quot;Novosti&quot;","block_context":{"text":"Novosti","link":"https:\/\/historiografija.hr\/?cat=3"},"img":{"alt_text":"","src":"https:\/\/i0.wp.com\/historiografija.hr\/wp-content\/uploads\/2026\/07\/pelagija-i-crni-monah-naslovnica.jpg?fit=675%2C1000&ssl=1&resize=350%2C200","width":350,"height":200,"srcset":"https:\/\/i0.wp.com\/historiografija.hr\/wp-content\/uploads\/2026\/07\/pelagija-i-crni-monah-naslovnica.jpg?fit=675%2C1000&ssl=1&resize=350%2C200 1x, https:\/\/i0.wp.com\/historiografija.hr\/wp-content\/uploads\/2026\/07\/pelagija-i-crni-monah-naslovnica.jpg?fit=675%2C1000&ssl=1&resize=525%2C300 1.5x"},"classes":[]}],"_links":{"self":[{"href":"https:\/\/historiografija.hr\/index.php?rest_route=\/wp\/v2\/posts\/34075","targetHints":{"allow":["GET"]}}],"collection":[{"href":"https:\/\/historiografija.hr\/index.php?rest_route=\/wp\/v2\/posts"}],"about":[{"href":"https:\/\/historiografija.hr\/index.php?rest_route=\/wp\/v2\/types\/post"}],"author":[{"embeddable":true,"href":"https:\/\/historiografija.hr\/index.php?rest_route=\/wp\/v2\/users\/2"}],"replies":[{"embeddable":true,"href":"https:\/\/historiografija.hr\/index.php?rest_route=%2Fwp%2Fv2%2Fcomments&post=34075"}],"version-history":[{"count":1,"href":"https:\/\/historiografija.hr\/index.php?rest_route=\/wp\/v2\/posts\/34075\/revisions"}],"predecessor-version":[{"id":34077,"href":"https:\/\/historiografija.hr\/index.php?rest_route=\/wp\/v2\/posts\/34075\/revisions\/34077"}],"wp:featuredmedia":[{"embeddable":true,"href":"https:\/\/historiografija.hr\/index.php?rest_route=\/wp\/v2\/media\/34076"}],"wp:attachment":[{"href":"https:\/\/historiografija.hr\/index.php?rest_route=%2Fwp%2Fv2%2Fmedia&parent=34075"}],"wp:term":[{"taxonomy":"category","embeddable":true,"href":"https:\/\/historiografija.hr\/index.php?rest_route=%2Fwp%2Fv2%2Fcategories&post=34075"},{"taxonomy":"post_tag","embeddable":true,"href":"https:\/\/historiografija.hr\/index.php?rest_route=%2Fwp%2Fv2%2Ftags&post=34075"}],"curies":[{"name":"wp","href":"https:\/\/api.w.org\/{rel}","templated":true}]}}