{"id":34065,"date":"2023-01-11T23:27:37","date_gmt":"2023-01-11T23:27:37","guid":{"rendered":"http:\/\/historiografija.hr\/?p=34065"},"modified":"2023-01-11T23:27:37","modified_gmt":"2023-01-11T23:27:37","slug":"jugoslavija-i-poljska-veze-i-medusobni-odnosi-u-xx-veku","status":"publish","type":"post","link":"https:\/\/historiografija.hr\/?p=34065","title":{"rendered":"JUGOSLAVIJA I POLJSKA: VEZE I ME\u0110USOBNI ODNOSI U XX VEKU"},"content":{"rendered":"\n<p>JUGOSLAVIJA I POLJSKA: VEZE I ME\u0110USOBNI ODNOSI U XX VEKU. Me\u0111unarodni tematski zbornik radova, urednici: Bojan DIMITRIJEVI\u0106, Andrzej ZA\u0106MI\u0143SKI, Neboj\u0161a STAMBOLIJA, Beograd 2022.<\/p>\n\n\n\n<hr class=\"wp-block-separator\"\/>\n\n\n\n<p>Institut za savremenu istoriju iz Beograda i Istorijski fakultet (u po\u010detku Institut za istoriju i me\u0111unarodne odnose) Univerziteta Kazimira Velikog iz Bidgo\u0161\u0107a u toku protekle decenije organizovali su zajedno, godi\u0161nje nau\u010dne konferencije. One su se odr\u017eavale jednom godi\u0161nje naizmeni\u010dno, jedna u Poljskoj, a slede\u0107a u Srbiji. Teme svakog od odr\u017eanih osam skupova su se kretale u okviru pitanja jugoslovensko\/srpskih i poljskih odnosa u 20. veku. U po\u010detku, istra\u017eiva\u010dke teme su se kretale u okviru epohe socijalizma u obe dr\u017eave, od 1945. do 1990. godine. Kasnije, opseg tema se pro\u0161irio na teme iz perioda izme\u0111u dva svetska rata kao i najsavremenijeg doba. Ovaj zbornik koji je pred \u010ditaocima donosi radove sa nau\u010dnog skupa odr\u017eanog 16-17. septembra 2021. godine u Beogradu. U zbornik je u\u0161lo ukupno 33 rada u\u010desnika sa konferencije. Razlike u broju su okolnost, da neki od u\u010desnika nisu dostavili radove, a da su drugi opet, koji su bili u organizacionom odboru tu u\u010dinili. Pored autora iz Poljske i Srbije, tu su i autori iz Slovenije i Hrvatske sa svojim doprinosom ovoj temi u vidu \u010dlanaka, ali i da pru\u017ee svojevrsni \u201ejugoslovenski karakter\u201c radovima u zborniku.<\/p>\n\n\n\n<p>The Institute for Contemporary History from Belgrade and the Faculty of History (initially the Institute for History and International Relations) of Casimir the Great University from Bydgoszcz have jointly organized annual scientific conferences during the past decade. They were held once a year alternately, one in Poland and the next in Serbia. The topics of each of the eight meetings held were within the framework of the issue of Yugoslav\/Serbian and Polish relations in the 20th century. Initially, the research topics ranged within the era of socialism in both countries, from 1945 to 1990. Later, the range of topics expanded to include topics from the period between the two world wars as well as the most modern era. This collection, which is before the readers, brings papers from the scientific meeting held on September 16-17, 2021 in Belgrade. A total of 33 works of participants from the conference were included in the collection. The difference in numbers is due to the fact that some of the participants did not submit papers, while others, who were in the organizing committee, did. In addition to authors from Poland and Serbia, there are also authors from Slovenia and Croatia with their contribution to this topic in the form of articles, but also to provide a kind of &#8220;Yugoslav character&#8221; to the works in the collection.<\/p>\n\n\n\n<hr class=\"wp-block-separator\"\/>\n\n\n\n<p>Izvor i sadr\u017eaj:<\/p>\n\n\n\n<figure class=\"wp-block-embed-wordpress wp-block-embed is-type-wp-embed is-provider-institut-za-savremenu-istoriju\"><div class=\"wp-block-embed__wrapper\">\n<blockquote class=\"wp-embedded-content\" data-secret=\"5QA73p7Yr3\"><a href=\"https:\/\/isi.ac.rs\/jugoslavija-i-poljska-veze-i-medjusobni-odnosi-u-xx-veku\/\">JUGOSLAVIJA I POLJSKA: VEZE I ME\u0110USOBNI ODNOSI U XX VEKU<\/a><\/blockquote><iframe loading=\"lazy\" class=\"wp-embedded-content\" sandbox=\"allow-scripts\" security=\"restricted\" style=\"position: absolute; clip: rect(1px, 1px, 1px, 1px);\" title=\"&#132;JUGOSLAVIJA I POLJSKA: VEZE I ME\u0110USOBNI ODNOSI U XX VEKU&#147; &#8212; Institut za savremenu istoriju\" src=\"https:\/\/isi.ac.rs\/jugoslavija-i-poljska-veze-i-medjusobni-odnosi-u-xx-veku\/embed\/#?secret=5QA73p7Yr3\" data-secret=\"5QA73p7Yr3\" width=\"600\" height=\"338\" frameborder=\"0\" marginwidth=\"0\" marginheight=\"0\" scrolling=\"no\"><\/iframe>\n<\/div><\/figure>\n\n\n\n<hr class=\"wp-block-separator\"\/>\n\n\n\n<p>Obavijest je objavljena i na portalu <strong>Historiografija.ba<\/strong>:<\/p>\n\n\n\n<p><a href=\"https:\/\/historiografija.ba\/article.php?id=1642\">https:\/\/historiografija.ba\/article.php?id=1642<\/a><\/p>\n\n\n\n<hr class=\"wp-block-separator\"\/>\n\n\n\n<p><\/p>\n","protected":false},"excerpt":{"rendered":"","protected":false},"author":2,"featured_media":34066,"comment_status":"open","ping_status":"open","sticky":false,"template":"","format":"standard","meta":{"_acf_changed":false,"jetpack_post_was_ever_published":false,"_jetpack_newsletter_access":"","_jetpack_dont_email_post_to_subs":false,"_jetpack_newsletter_tier_id":0,"_jetpack_memberships_contains_paywalled_content":false,"_jetpack_memberships_contains_paid_content":false,"footnotes":"","jetpack_publicize_message":"","jetpack_publicize_feature_enabled":true,"jetpack_social_post_already_shared":true,"jetpack_social_options":{"image_generator_settings":{"template":"highway","default_image_id":0,"font":"","enabled":false},"version":2}},"categories":[8,3],"tags":[],"class_list":["post-34065","post","type-post","status-publish","format-standard","has-post-thumbnail","hentry","category-knjige","category-novosti"],"acf":{"facebook_opis":""},"jetpack_publicize_connections":[],"jetpack_featured_media_url":"https:\/\/i0.wp.com\/historiografija.hr\/wp-content\/uploads\/2023\/01\/jugoslavija-i-poljska-2022.jpg?fit=350%2C500&ssl=1","jetpack_sharing_enabled":true,"jetpack-related-posts":[],"_links":{"self":[{"href":"https:\/\/historiografija.hr\/index.php?rest_route=\/wp\/v2\/posts\/34065","targetHints":{"allow":["GET"]}}],"collection":[{"href":"https:\/\/historiografija.hr\/index.php?rest_route=\/wp\/v2\/posts"}],"about":[{"href":"https:\/\/historiografija.hr\/index.php?rest_route=\/wp\/v2\/types\/post"}],"author":[{"embeddable":true,"href":"https:\/\/historiografija.hr\/index.php?rest_route=\/wp\/v2\/users\/2"}],"replies":[{"embeddable":true,"href":"https:\/\/historiografija.hr\/index.php?rest_route=%2Fwp%2Fv2%2Fcomments&post=34065"}],"version-history":[{"count":1,"href":"https:\/\/historiografija.hr\/index.php?rest_route=\/wp\/v2\/posts\/34065\/revisions"}],"predecessor-version":[{"id":34067,"href":"https:\/\/historiografija.hr\/index.php?rest_route=\/wp\/v2\/posts\/34065\/revisions\/34067"}],"wp:featuredmedia":[{"embeddable":true,"href":"https:\/\/historiografija.hr\/index.php?rest_route=\/wp\/v2\/media\/34066"}],"wp:attachment":[{"href":"https:\/\/historiografija.hr\/index.php?rest_route=%2Fwp%2Fv2%2Fmedia&parent=34065"}],"wp:term":[{"taxonomy":"category","embeddable":true,"href":"https:\/\/historiografija.hr\/index.php?rest_route=%2Fwp%2Fv2%2Fcategories&post=34065"},{"taxonomy":"post_tag","embeddable":true,"href":"https:\/\/historiografija.hr\/index.php?rest_route=%2Fwp%2Fv2%2Ftags&post=34065"}],"curies":[{"name":"wp","href":"https:\/\/api.w.org\/{rel}","templated":true}]}}