{"id":34061,"date":"2023-01-10T22:47:59","date_gmt":"2023-01-10T22:47:59","guid":{"rendered":"http:\/\/historiografija.hr\/?p=34061"},"modified":"2023-01-10T22:47:59","modified_gmt":"2023-01-10T22:47:59","slug":"socialist-yugoslavia-and-the-non-aligned-movement-social-cultural-political-and-economic-imaginaries-edited-by-paul-stubbs","status":"publish","type":"post","link":"https:\/\/historiografija.hr\/?p=34061","title":{"rendered":"Socialist Yugoslavia and the Non-Aligned Movement: Social, Cultural, Political, and Economic Imaginaries. Edited by Paul Stubbs"},"content":{"rendered":"\n<p><strong>How the Non-Aligned Movement proposed transnational decolonial alternatives to Cold War divisions and global inequalities.<\/strong><\/p>\n\n\n\n<hr class=\"wp-block-separator\"\/>\n\n\n\n<p>After a summit in Belgrade in September 1961, socialist Yugoslavia, led by President Josip Broz Tito until his death in 1980, initiated a movement with states in the Global South. The Non-Aligned Movement not only offered an alternative to the Cold War polarization between NATO and the Warsaw Pact but also expressed the hopes of a world emerging from colonial domination.<br><br>Socialist Yugoslavia and the Non-Aligned Movement investigates the Non-Aligned Movement both as a top-down, interstate initiative and as a site for transnational exchange in science, art and culture, architecture, education, and industry. Re-invigorating older debates by consulting newly available sources, the volume challenges studies that marginalize the role of socialist Yugoslavia in the Non-Aligned Movement. Contributors address topics such as women\u2019s involvement, antifascism and anti-imperialism, cultural and educational exchange, tensions in Yugoslav diplomacy, competing understandings of economic development, the role of the Yugoslav construction company Energoprojekt, Yugoslav relations with Latin America and Africa, and contemporary support for refugees and asylum seekers as a kind of practical and affective afterlife of Yugoslavia\u2019s non-aligned commitments.<br><br>Socialist Yugoslavia and the Non-Aligned Movement offers an innovative approach to one of the twentieth century\u2019s most important international movements and confronts issues of economic, social, and cultural rights that remain relevant today.<\/p>\n\n\n\n<hr class=\"wp-block-separator\"\/>\n\n\n\n<p><strong>Reviews<\/strong><\/p>\n\n\n\n<p>\u201cThis astute volume brings together the latest research by established Non-Aligned Movement specialists &#8211; most of which is being published in English for the first time. Using an interdisciplinary approach, the book deals with important questions raised by prior works and presents unused material, leading to new interpretations.\u201d Nata\u0161a Mi\u0161kovi\u0107, co-editor of The Non-Aligned Movement and the Cold War: Delhi-Bandung-Belgrade<\/p>\n\n\n\n<hr class=\"wp-block-separator\"\/>\n\n\n\n<p><strong>Author Bio<\/strong><\/p>\n\n\n\n<p>Paul Stubbs is a senior research fellow at the Institute of Economics, Zagreb, Croatia, and a co-author of Making Policy Move: Towards a Politics of Assemblage and Translation.<\/p>\n\n\n\n<hr class=\"wp-block-separator\"\/>\n\n\n\n<p><strong>Table of Contents<\/strong><\/p>\n\n\n\n<hr class=\"wp-block-separator\"\/>\n\n\n\n<p>Figures and Tables vii<br>Acknowledgments xi<br>Acronyms xiii<br><br>Introduction: Socialist Yugoslavia and the Non-Aligned Movement: Contradictions and Contestations 3<br>Paul Stubbs<br><br>Part One: Agency and Structure<br><br>1 Representing Women\u2019s Non-Aligned Encounters: A View from Yugoslavia 37<br>Chiara Bonfiglioli<br><br>2 The Foundations of the Non-Aligned Movement: The Trouble with History Is That It Is All in the Past 59<br>Peter Willetts<br><br>3 The Ruptures of Non-Alignment and Socialist Yugoslavia: Ten Theses on Alternative Pasts and Futures 84<br>Gal Kirn<br><br>4 \u201cNot Like a Modern Day Jesus Christ\u201d: Pragmatism and Idealism in Yugoslav Non-Alignment 108<br>Tvrtko Jakovina<br><br>Part Two: Cultural Politics<br><br>5 The Long Dur\u00e9e of Yugoslav Socially Engaged Art and Its Continued Life in the Non-Aligned World 133<br>Bojana Videkani\u0107<br><br>6 Non-Aligned Cross-Cultural Pollination: A Short Graphic Novel 156<br>Bojana Pi\u0161kur and \u0110or\u0111e Balmazovi\u0107<br><br>7 Practices of Yugoslav Cultural Exchange with Non-Aligned Countries 176<br>Ljiljana Kole\u0161nik<br><br>8 Film as the Memory Site of the 1961 Belgrade Conference of Non-Aligned States 203<br>Mila Turajli\u0107<br><br>Part Three: Economic Restructurings<br><br>9 Shades of North-South Economic D\u00e9tente: Non-Aligned Yugoslavia and Neutral Austria Compared 235<br>Jure Ram\u0161ak<br><br>10 \u201cThe Sun Never Sets on Energoprojekt \u2026 until It Does\u201d: The Yugoslav Construction Industry in the Non-Aligned World 257<br>Dubravka Sekuli\u0107<br><br>Part Four: New Multilateralisms<br><br>11 From Santiago to Mexico: The Yugoslav Mission in Latin America during the Cold War and the Limits of Non-Alignment 283<br>Agustin Cosovschi<br><br>12 A Non-Aligned Continent: Africa in the Global Imaginary of Socialist Yugoslavia 302<br>Nemanja Radonji\u0107<br><br>Part Five: Mobilities and Migrations<br><br>13 Transnational Educational Strategies during the Cold War: Students from the Global South in Socialist Yugoslavia, 1961-91 331<br>Leonora Dugonjic-Rodwin and Ivica Mladenovi\u0107<br><br>14 New Borders, Old Solidarities: (Post-)Cold War Genealogies of Mobility along the \u201cBalkan Route\u201d 360<br>David Henig and Maple Razsa<br><br>Contributors 383<br>Index 389<\/p>\n\n\n\n<hr class=\"wp-block-separator\"\/>\n\n\n\n<p>408 Pages, 6 x 9<\/p>\n\n\n\n<p>50 figures, 4 tables<\/p>\n\n\n\n<p>January 2023<\/p>\n\n\n\n<hr class=\"wp-block-separator\"\/>\n\n\n\n<p><a href=\"https:\/\/www.mqup.ca\/socialist-yugoslavia-and-the-non-aligned-movement-products-9780228014652.php?page_id=73\">https:\/\/www.mqup.ca\/socialist-yugoslavia-and-the-non-aligned-movement-products-9780228014652.php?page_id=73<\/a><\/p>\n\n\n\n<hr class=\"wp-block-separator\"\/>\n\n\n\n<p>Obavijest o knjizi objavljena je i na portalu <strong>Historiografija.ba<\/strong>:<\/p>\n\n\n\n<p><a href=\"https:\/\/historiografija.ba\/article.php?id=1580\">https:\/\/historiografija.ba\/article.php?id=1580<\/a><\/p>\n\n\n\n<hr class=\"wp-block-separator\"\/>\n\n\n\n<p><\/p>\n","protected":false},"excerpt":{"rendered":"","protected":false},"author":2,"featured_media":34062,"comment_status":"open","ping_status":"open","sticky":false,"template":"","format":"standard","meta":{"_acf_changed":false,"jetpack_post_was_ever_published":false,"_jetpack_newsletter_access":"","_jetpack_dont_email_post_to_subs":false,"_jetpack_newsletter_tier_id":0,"_jetpack_memberships_contains_paywalled_content":false,"_jetpack_memberships_contains_paid_content":false,"footnotes":"","jetpack_publicize_message":"","jetpack_publicize_feature_enabled":true,"jetpack_social_post_already_shared":true,"jetpack_social_options":{"image_generator_settings":{"template":"highway","default_image_id":0,"font":"","enabled":false},"version":2}},"categories":[8,3],"tags":[],"class_list":["post-34061","post","type-post","status-publish","format-standard","has-post-thumbnail","hentry","category-knjige","category-novosti"],"acf":{"facebook_opis":""},"jetpack_publicize_connections":[],"jetpack_featured_media_url":"https:\/\/i0.wp.com\/historiografija.hr\/wp-content\/uploads\/2023\/01\/Stubbs.jpg?fit=400%2C600&ssl=1","jetpack_sharing_enabled":true,"jetpack-related-posts":[{"id":52516,"url":"https:\/\/historiografija.hr\/?p=52516","url_meta":{"origin":34061,"position":0},"title":"Marko Grde\u0161i\u0107, Mislav \u017ditko, \u201eSocialist Economics in Yugoslavia: A Critical History\u201c","author":"Branimir Jankovi\u0107","date":"17. travnja 2026.","format":false,"excerpt":"This book presents a critical history of Yugoslav socialist economics, from its inception in the late 1940s to its dissolution in the late 1980s. After the dramatic break with the Soviet Union in 1948, Yugoslavia found itself in urgent need of a third way: A socialist trajectory which would not\u2026","rel":"","context":"U &quot;Knjige&quot;","block_context":{"text":"Knjige","link":"https:\/\/historiografija.hr\/?cat=8"},"img":{"alt_text":"","src":"https:\/\/i0.wp.com\/historiografija.hr\/wp-content\/uploads\/2026\/04\/Zitko_Grdesic.jpg?fit=350%2C535&ssl=1&resize=350%2C200","width":350,"height":200},"classes":[]},{"id":52520,"url":"https:\/\/historiografija.hr\/?p=52520","url_meta":{"origin":34061,"position":1},"title":"Predstavljanje knjige &#8220;Socialist Economics in Yugoslavia: A Critical History&#8221; u Zagrebu","author":"Branimir Jankovi\u0107","date":"17. travnja 2026.","format":false,"excerpt":"Pozivamo vas na predstavljanje knjige \"Socialist Economics in Yugoslavia: A Critical History\", autora Mislava \u00a0\u017ditka i Marka Grde\u0161i\u0107a (Routledge, 2026). Na predstavljanju \u0107e govoriti Branko Milanovi\u0107 (CUNY), Milica Uvali\u0107 (EUI), Zdravko Petak (FPZG) te autori.\u00a0 Predstavljanje \u0107e se odr\u017eati u srijedu 22. travnja u 16:00 sati na Fakultetu politi\u010dkih znanosti\u2026","rel":"","context":"U &quot;Novosti&quot;","block_context":{"text":"Novosti","link":"https:\/\/historiografija.hr\/?cat=3"},"img":{"alt_text":"","src":"https:\/\/i0.wp.com\/historiografija.hr\/wp-content\/uploads\/2026\/04\/Poziv-na-predstavljanje.png?fit=800%2C652&ssl=1&resize=350%2C200","width":350,"height":200,"srcset":"https:\/\/i0.wp.com\/historiografija.hr\/wp-content\/uploads\/2026\/04\/Poziv-na-predstavljanje.png?fit=800%2C652&ssl=1&resize=350%2C200 1x, https:\/\/i0.wp.com\/historiografija.hr\/wp-content\/uploads\/2026\/04\/Poziv-na-predstavljanje.png?fit=800%2C652&ssl=1&resize=525%2C300 1.5x, https:\/\/i0.wp.com\/historiografija.hr\/wp-content\/uploads\/2026\/04\/Poziv-na-predstavljanje.png?fit=800%2C652&ssl=1&resize=700%2C400 2x"},"classes":[]},{"id":52580,"url":"https:\/\/historiografija.hr\/?p=52580","url_meta":{"origin":34061,"position":2},"title":"Conference &#8220;Living in the aftermaths: Trauma, politics and survival in Yugoslavia and successor states, 1945 \u2013 present&#8221;","author":"Branimir Jankovi\u0107","date":"21. travnja 2026.","format":false,"excerpt":"The conference aims to explore how war-related psychological distress was experienced, narrated, debated and reframed in Yugoslavia in the second half of the twentieth century. It asks how the theme of wounded psyche and wartime suffering was addressed and acknowledged in political, psychiatric and broader cultural discourses of socialist Yugoslavia,\u2026","rel":"","context":"U &quot;Novosti&quot;","block_context":{"text":"Novosti","link":"https:\/\/historiografija.hr\/?cat=3"},"img":{"alt_text":"","src":"https:\/\/i0.wp.com\/historiografija.hr\/wp-content\/uploads\/2026\/04\/Battle_of_Neretva_Picasso_poster-Conference-Living-in-the-aftermaths.webp?fit=564%2C954&ssl=1&resize=350%2C200","width":350,"height":200,"srcset":"https:\/\/i0.wp.com\/historiografija.hr\/wp-content\/uploads\/2026\/04\/Battle_of_Neretva_Picasso_poster-Conference-Living-in-the-aftermaths.webp?fit=564%2C954&ssl=1&resize=350%2C200 1x, https:\/\/i0.wp.com\/historiografija.hr\/wp-content\/uploads\/2026\/04\/Battle_of_Neretva_Picasso_poster-Conference-Living-in-the-aftermaths.webp?fit=564%2C954&ssl=1&resize=525%2C300 1.5x"},"classes":[]},{"id":52625,"url":"https:\/\/historiografija.hr\/?p=52625","url_meta":{"origin":34061,"position":3},"title":"Omer Bartov, \u201eIsrael: What Went Wrong?\u201c","author":"Branimir Jankovi\u0107","date":"23. travnja 2026.","format":false,"excerpt":"Professor Omer Bartov was born on a kibbutz, grew up in Tel Aviv and served in the Israel Defence Forces during the Yom Kippur War. He went on to become an expert on the German army and the Holocaust, before turning his attention to his native country.In Israel: What Went\u2026","rel":"","context":"U &quot;Knjige&quot;","block_context":{"text":"Knjige","link":"https:\/\/historiografija.hr\/?cat=8"},"img":{"alt_text":"","src":"https:\/\/i0.wp.com\/historiografija.hr\/wp-content\/uploads\/2026\/04\/Bartov.jpeg?fit=320%2C500&ssl=1&resize=350%2C200","width":350,"height":200},"classes":[]},{"id":52664,"url":"https:\/\/historiografija.hr\/?p=52664","url_meta":{"origin":34061,"position":4},"title":"CfP: CONFERENCE OF THE HISTORY OF CONCEPTS GROUP, HELSINKI, 19TH\u201321ST AUGUST 2026 (DEADLINE: 30TH APRIL 2026)","author":"Branimir Jankovi\u0107","date":"24. travnja 2026.","format":false,"excerpt":"The annual conference of the History of Concepts Group is held at the University of Helsinki, 19-21 August 2026. Conference of the History of Concepts Group Conceptual history studies the use of concepts and tries to understand how historical actors have linguistically articulated views of the world. Studying concepts from\u2026","rel":"","context":"U &quot;Novosti&quot;","block_context":{"text":"Novosti","link":"https:\/\/historiografija.hr\/?cat=3"},"img":{"alt_text":"","src":"https:\/\/i0.wp.com\/historiografija.hr\/wp-content\/uploads\/2017\/10\/hsozkult.png?fit=1006%2C241&ssl=1&resize=350%2C200","width":350,"height":200,"srcset":"https:\/\/i0.wp.com\/historiografija.hr\/wp-content\/uploads\/2017\/10\/hsozkult.png?fit=1006%2C241&ssl=1&resize=350%2C200 1x, https:\/\/i0.wp.com\/historiografija.hr\/wp-content\/uploads\/2017\/10\/hsozkult.png?fit=1006%2C241&ssl=1&resize=525%2C300 1.5x, https:\/\/i0.wp.com\/historiografija.hr\/wp-content\/uploads\/2017\/10\/hsozkult.png?fit=1006%2C241&ssl=1&resize=700%2C400 2x"},"classes":[]},{"id":52586,"url":"https:\/\/historiografija.hr\/?p=52586","url_meta":{"origin":34061,"position":5},"title":"Aur\u00e9lie Daher, \u201eHezbollah: Mobilisation and Power\u201c","author":"Branimir Jankovi\u0107","date":"22. travnja 2026.","format":false,"excerpt":"Morning Star \u2018Book of the Year\u2019 Social movement, liberation party or terrorist group? With Hezbollah\u2019s growing involvement in the war in Syria, this study of its impact on Lebanon, drawing heavily on first-hand interviews, could not be more timely. Description Almost forty years after its foundation, Hezbollah remains an enigma.\u2026","rel":"","context":"U &quot;Knjige&quot;","block_context":{"text":"Knjige","link":"https:\/\/historiografija.hr\/?cat=8"},"img":{"alt_text":"","src":"https:\/\/i0.wp.com\/historiografija.hr\/wp-content\/uploads\/2026\/04\/Daher-Hezbollah.jpg?fit=600%2C931&ssl=1&resize=350%2C200","width":350,"height":200,"srcset":"https:\/\/i0.wp.com\/historiografija.hr\/wp-content\/uploads\/2026\/04\/Daher-Hezbollah.jpg?fit=600%2C931&ssl=1&resize=350%2C200 1x, https:\/\/i0.wp.com\/historiografija.hr\/wp-content\/uploads\/2026\/04\/Daher-Hezbollah.jpg?fit=600%2C931&ssl=1&resize=525%2C300 1.5x"},"classes":[]}],"_links":{"self":[{"href":"https:\/\/historiografija.hr\/index.php?rest_route=\/wp\/v2\/posts\/34061","targetHints":{"allow":["GET"]}}],"collection":[{"href":"https:\/\/historiografija.hr\/index.php?rest_route=\/wp\/v2\/posts"}],"about":[{"href":"https:\/\/historiografija.hr\/index.php?rest_route=\/wp\/v2\/types\/post"}],"author":[{"embeddable":true,"href":"https:\/\/historiografija.hr\/index.php?rest_route=\/wp\/v2\/users\/2"}],"replies":[{"embeddable":true,"href":"https:\/\/historiografija.hr\/index.php?rest_route=%2Fwp%2Fv2%2Fcomments&post=34061"}],"version-history":[{"count":1,"href":"https:\/\/historiografija.hr\/index.php?rest_route=\/wp\/v2\/posts\/34061\/revisions"}],"predecessor-version":[{"id":34063,"href":"https:\/\/historiografija.hr\/index.php?rest_route=\/wp\/v2\/posts\/34061\/revisions\/34063"}],"wp:featuredmedia":[{"embeddable":true,"href":"https:\/\/historiografija.hr\/index.php?rest_route=\/wp\/v2\/media\/34062"}],"wp:attachment":[{"href":"https:\/\/historiografija.hr\/index.php?rest_route=%2Fwp%2Fv2%2Fmedia&parent=34061"}],"wp:term":[{"taxonomy":"category","embeddable":true,"href":"https:\/\/historiografija.hr\/index.php?rest_route=%2Fwp%2Fv2%2Fcategories&post=34061"},{"taxonomy":"post_tag","embeddable":true,"href":"https:\/\/historiografija.hr\/index.php?rest_route=%2Fwp%2Fv2%2Ftags&post=34061"}],"curies":[{"name":"wp","href":"https:\/\/api.w.org\/{rel}","templated":true}]}}