{"id":34052,"date":"2023-01-10T22:19:43","date_gmt":"2023-01-10T22:19:43","guid":{"rendered":"http:\/\/historiografija.hr\/?p=34052"},"modified":"2023-01-10T22:22:16","modified_gmt":"2023-01-10T22:22:16","slug":"marijan-buljan-politicka-povijest-splita-od-1918-do-1941","status":"publish","type":"post","link":"https:\/\/historiografija.hr\/?p=34052","title":{"rendered":"Marijan Buljan, \u201ePoliti\u010dka povijest Splita od 1918. do 1941.\u201c"},"content":{"rendered":"\n<p>Uspjesi srpske vojske u balkanskim ratovima i postupci austrijskih predstavnika vlasti doveli su do ja\u010danja protuaustrijskoga duha u Splitu. Zahvaljuju\u0107i nekolicini tada\u0161njih projugoslavenski orijentiranih pisaca i politi\u010dara nastala je vi\u0161e puta kori\u0161tena fraza o Splitu kao \u201enajjugoslavenskijem gradu\u201d. Nije, stoga, nikakvo iznena\u0111enje \u0161to su stvaranjem prve jugoslavenske dr\u017eave o\u010dekivanja gra\u0111ana bila velika, osobito \u0161to je gubitkom Zadra upravo Split postao politi\u010dkim i gospodarskim sjedi\u0161tem istoimene oblasti i Primorske banovine. O\u010dekivalo se, naime, da \u0107e grad postati vode\u0107om jugoslavenskom pomorskom lukom te se sna\u017enije infrastrukturno (u prvom redu \u017eeljezni\u010dki) povezati s ostatkom zemlje. Velika o\u010dekivanja nisu se ispunila. Uz nebrigu re\u017eima, sam razvoj grada dodatno su optere\u0107ivali lokalni sukobi i milijunski dugovi, nastali upravo vo\u0111enjem politike koja je o\u010dekivala ve\u0107i razvoj grada. Budu\u0107i da je zagovaranje komunalne, a ne strana\u010dke politike u prvom planu s vremenom postalo sporedno, nastala je o\u0161tra politi\u010dka suprotnost izme\u0111u predstavnika re\u017eimskih, projugoslavenskih predstavnika s jedne, oporbenog HSS-a s druge, a uvijek prisutnih i sna\u017enih komunista s tre\u0107e strane. Uza strana\u010dke borbe, me\u0111uratno splitsko razdoblje obilje\u017eavaju ve\u0107a izlaznost gra\u0111ana na pojedine izbore, posebno u uzavrelome politi\u010dkom ozra\u010dju, \u0161irenje utjecaja splitskoga (dnevnog) tiska na politi\u010dka zbivanja, sukobi unutar splitskog op\u0107inskog\/gradskog vije\u0107a te pojedine re\u017eimske ili oporbene sve\u010danosti koje bi svojim zna\u010dajem skrenule pozornost \u010ditave zemlje na Split, \u010diji su stanovnici s vremenom sve vi\u0161e po\u010deli prihva\u0107ati HSS-ovu hrvatsku ideologiju. Prema tome, titula \u201enajjugoslavenskijega grada\u201d, unato\u010d tvrdnjama pojedinih politi\u010dara, ni\u010dim nije bila opravdana, a simboli\u010dke promjene naziva pojedinih dru\u0161tava iz \u201ejugoslavenska\u201d u \u201ehrvatska\u201d, kao i prijelazi pojedinih politi\u010dara s integralno-jugoslavenskog programa na hrvatski program, tu tezu samo dodatno potvr\u0111uju.<\/p>\n\n\n\n<hr class=\"wp-block-separator\"\/>\n\n\n\n<p>Izvor:<\/p>\n\n\n\n<p><a href=\"https:\/\/www.leykam-international.hr\/publikacija.php?id=254\">https:\/\/www.leykam-international.hr\/publikacija.php?id=254<\/a><\/p>\n\n\n\n<hr class=\"wp-block-separator\"\/>\n\n\n\n<figure class=\"wp-block-image size-large\"><img data-recalc-dims=\"1\" loading=\"lazy\" decoding=\"async\" width=\"860\" height=\"537\" data-attachment-id=\"34053\" data-permalink=\"https:\/\/historiografija.hr\/?attachment_id=34053\" data-orig-file=\"https:\/\/i0.wp.com\/historiografija.hr\/wp-content\/uploads\/2023\/01\/Naslovnica_Buljan.png?fit=1240%2C774&amp;ssl=1\" data-orig-size=\"1240,774\" data-comments-opened=\"1\" data-image-meta=\"{&quot;aperture&quot;:&quot;0&quot;,&quot;credit&quot;:&quot;&quot;,&quot;camera&quot;:&quot;&quot;,&quot;caption&quot;:&quot;&quot;,&quot;created_timestamp&quot;:&quot;0&quot;,&quot;copyright&quot;:&quot;&quot;,&quot;focal_length&quot;:&quot;0&quot;,&quot;iso&quot;:&quot;0&quot;,&quot;shutter_speed&quot;:&quot;0&quot;,&quot;title&quot;:&quot;&quot;,&quot;orientation&quot;:&quot;0&quot;}\" data-image-title=\"Naslovnica_Buljan\" data-image-description=\"\" data-image-caption=\"\" data-large-file=\"https:\/\/i0.wp.com\/historiografija.hr\/wp-content\/uploads\/2023\/01\/Naslovnica_Buljan.png?fit=860%2C537&amp;ssl=1\" src=\"https:\/\/i0.wp.com\/historiografija.hr\/wp-content\/uploads\/2023\/01\/Naslovnica_Buljan.png?resize=860%2C537&#038;ssl=1\" alt=\"\" class=\"wp-image-34053\" srcset=\"https:\/\/i0.wp.com\/historiografija.hr\/wp-content\/uploads\/2023\/01\/Naslovnica_Buljan.png?resize=1024%2C639&amp;ssl=1 1024w, https:\/\/i0.wp.com\/historiografija.hr\/wp-content\/uploads\/2023\/01\/Naslovnica_Buljan.png?resize=300%2C187&amp;ssl=1 300w, https:\/\/i0.wp.com\/historiografija.hr\/wp-content\/uploads\/2023\/01\/Naslovnica_Buljan.png?resize=768%2C479&amp;ssl=1 768w, https:\/\/i0.wp.com\/historiografija.hr\/wp-content\/uploads\/2023\/01\/Naslovnica_Buljan.png?w=1240&amp;ssl=1 1240w\" sizes=\"auto, (max-width: 860px) 100vw, 860px\" \/><\/figure>\n\n\n\n<hr class=\"wp-block-separator\"\/>\n","protected":false},"excerpt":{"rendered":"","protected":false},"author":2,"featured_media":34055,"comment_status":"open","ping_status":"open","sticky":false,"template":"","format":"standard","meta":{"_acf_changed":false,"jetpack_post_was_ever_published":false,"_jetpack_newsletter_access":"","_jetpack_dont_email_post_to_subs":false,"_jetpack_newsletter_tier_id":0,"_jetpack_memberships_contains_paywalled_content":false,"_jetpack_memberships_contains_paid_content":false,"footnotes":"","jetpack_publicize_message":"","jetpack_publicize_feature_enabled":true,"jetpack_social_post_already_shared":true,"jetpack_social_options":{"image_generator_settings":{"template":"highway","default_image_id":0,"font":"","enabled":false},"version":2}},"categories":[8,3],"tags":[],"class_list":["post-34052","post","type-post","status-publish","format-standard","has-post-thumbnail","hentry","category-knjige","category-novosti"],"acf":{"facebook_opis":""},"jetpack_publicize_connections":[],"jetpack_featured_media_url":"https:\/\/i0.wp.com\/historiografija.hr\/wp-content\/uploads\/2023\/01\/Split.jpg?fit=246%2C344&ssl=1","jetpack_sharing_enabled":true,"jetpack-related-posts":[],"_links":{"self":[{"href":"https:\/\/historiografija.hr\/index.php?rest_route=\/wp\/v2\/posts\/34052","targetHints":{"allow":["GET"]}}],"collection":[{"href":"https:\/\/historiografija.hr\/index.php?rest_route=\/wp\/v2\/posts"}],"about":[{"href":"https:\/\/historiografija.hr\/index.php?rest_route=\/wp\/v2\/types\/post"}],"author":[{"embeddable":true,"href":"https:\/\/historiografija.hr\/index.php?rest_route=\/wp\/v2\/users\/2"}],"replies":[{"embeddable":true,"href":"https:\/\/historiografija.hr\/index.php?rest_route=%2Fwp%2Fv2%2Fcomments&post=34052"}],"version-history":[{"count":2,"href":"https:\/\/historiografija.hr\/index.php?rest_route=\/wp\/v2\/posts\/34052\/revisions"}],"predecessor-version":[{"id":34056,"href":"https:\/\/historiografija.hr\/index.php?rest_route=\/wp\/v2\/posts\/34052\/revisions\/34056"}],"wp:featuredmedia":[{"embeddable":true,"href":"https:\/\/historiografija.hr\/index.php?rest_route=\/wp\/v2\/media\/34055"}],"wp:attachment":[{"href":"https:\/\/historiografija.hr\/index.php?rest_route=%2Fwp%2Fv2%2Fmedia&parent=34052"}],"wp:term":[{"taxonomy":"category","embeddable":true,"href":"https:\/\/historiografija.hr\/index.php?rest_route=%2Fwp%2Fv2%2Fcategories&post=34052"},{"taxonomy":"post_tag","embeddable":true,"href":"https:\/\/historiografija.hr\/index.php?rest_route=%2Fwp%2Fv2%2Ftags&post=34052"}],"curies":[{"name":"wp","href":"https:\/\/api.w.org\/{rel}","templated":true}]}}