{"id":34035,"date":"2023-01-06T11:46:42","date_gmt":"2023-01-06T11:46:42","guid":{"rendered":"http:\/\/historiografija.hr\/?p=34035"},"modified":"2023-01-06T11:55:29","modified_gmt":"2023-01-06T11:55:29","slug":"tragovi-casopis-za-srpske-i-hrvatske-teme-br-2-2022","status":"publish","type":"post","link":"https:\/\/historiografija.hr\/?p=34035","title":{"rendered":"\u201cTragovi: \u010dasopis za srpske i hrvatske teme\u201d (br. 2-2022)"},"content":{"rendered":"\n<p>Novi broj \u201cTragova: \u010dasopisa za srpske i hrvatske teme\u201d (god. 5, br. 2, 2022) dostupan je na portalu hrvatskih znanstvenih i stru\u010dnih \u010dasopisa Hr\u010dak. Vi\u0161e u prilogu.<\/p>\n\n\n\n<hr class=\"wp-block-separator\"\/>\n\n\n\n<p><a href=\"https:\/\/hrcak.srce.hr\/broj\/22236\">https:\/\/hrcak.srce.hr\/broj\/22236<\/a><\/p>\n\n\n\n<hr class=\"wp-block-separator\"\/>\n\n\n\n<p>SADR\u017dAJ<\/p>\n\n\n\n<hr class=\"wp-block-separator\"\/>\n\n\n\n<p><strong>\u010clanci, \u00a0radovi, eseji<\/strong><\/p>\n\n\n\n<hr class=\"wp-block-separator\"\/>\n\n\n\n<p>Rade Dragojevi\u0107<\/p>\n\n\n\n<p>Stipe \u0160uvar i srpsko pitanje u Hrvatskoj<\/p>\n\n\n\n<hr class=\"wp-block-separator\"\/>\n\n\n\n<p>Matko Globa\u010dnik<\/p>\n\n\n\n<p>Protiv Vidovdanskog ustava \u2014 za Jugoslaviju: pogledi Ante Trumbi\u0107a na razvoj politi\u010dkih odnosa u Kraljevini Srba, Hrvata i Slovenaca u 1921.<\/p>\n\n\n\n<hr class=\"wp-block-separator\"\/>\n\n\n\n<p>\u0160tefka Batini\u0107<\/p>\n\n\n\n<p>Djela i djelovanje Paje Radosavljevi\u0107a u Hrvatskoj po\u010detkom 20. stolje\u0107a<\/p>\n\n\n\n<hr class=\"wp-block-separator\"\/>\n\n\n\n<p>Todor Kulji\u0107<\/p>\n\n\n\n<p>Profesionalna autobiografija i mo\u0107<\/p>\n\n\n\n<hr class=\"wp-block-separator\"\/>\n\n\n\n<p>Jovan Kom\u0161i\u0107<\/p>\n\n\n\n<p>Teorijski izazovi tranzicione rekonstrukcije nacionalnog identiteta \u2014 slu\u010daj Vojvodine<\/p>\n\n\n\n<hr class=\"wp-block-separator\"\/>\n\n\n\n<p>Mirko Savkovi\u0107<\/p>\n\n\n\n<p>Percepcija Srpske pravoslavne op\u0161te gimnazije \u201cKantakuzina Katarina Brankovi\u0107\u201d u medijima<\/p>\n\n\n\n<hr class=\"wp-block-separator\"\/>\n\n\n\n<p>Milorad Pupovac<\/p>\n\n\n\n<p>Vernakulari dr\u017eava i diskursi nacija: rasprava povodom knjige Rajke Glu\u0161ice Crnogorski jezik i nacionalizam<\/p>\n\n\n\n<hr class=\"wp-block-separator\"\/>\n\n\n\n<p><strong>Recenzije i prikazi<\/strong><\/p>\n\n\n\n<hr class=\"wp-block-separator\"\/>\n\n\n\n<p>Sanja \u0160aki\u0107<\/p>\n\n\n\n<p>Nata\u0161a Pu\u0161kar: Srpski bukvari 1965. \u2014 2011. Socijalno-semioti\u010dka analiza<\/p>\n\n\n\n<hr class=\"wp-block-separator\"\/>\n\n\n\n<p>Jana Jur\u010devi\u0107<\/p>\n\n\n\n<p>Ranko Bugarski: Saga o \u0107irilici<\/p>\n\n\n\n<hr class=\"wp-block-separator\"\/>\n\n\n\n<p>Matko Globa\u010dnik<\/p>\n\n\n\n<p>Lucija Baliki\u0107: Najbolje namjere. Britanski i francuski intelektualci i stvaranje Jugoslavije<\/p>\n\n\n\n<hr class=\"wp-block-separator\"\/>\n\n\n\n<p>Dejan Jovi\u0107<\/p>\n\n\n\n<p>Jovan Miri\u0107: Zlo\u010din i kazna: politolo\u0161ko-pravni ogled o ratu, zlo\u010dinu, krivnji i oprostu &#8211; prikaz povodom dvadesetogodi\u0161njice objavljivanja<\/p>\n\n\n\n<hr class=\"wp-block-separator\"\/>\n\n\n\n<p><strong>Op\u0161irnije:<\/strong><\/p>\n\n\n\n<p><a href=\"https:\/\/www.portalnovosti.com\/novi-tragovi-suvar-i-srbi\">https:\/\/www.portalnovosti.com\/novi-tragovi-suvar-i-srbi<\/a><\/p>\n\n\n\n<hr class=\"wp-block-separator\"\/>\n\n\n\n<figure class=\"wp-block-embed-wordpress wp-block-embed is-type-wp-embed is-provider-historiografija-hr\"><div class=\"wp-block-embed__wrapper\">\n<blockquote class=\"wp-embedded-content\" data-secret=\"ITX15OY5cM\"><a href=\"https:\/\/historiografija.hr\/?p=31800\">\u201cTragovi: \u010dasopis za srpske i hrvatske teme\u201d (br. 1-2022)<\/a><\/blockquote><iframe loading=\"lazy\" class=\"wp-embedded-content\" sandbox=\"allow-scripts\" security=\"restricted\" style=\"position: absolute; clip: rect(1px, 1px, 1px, 1px);\" title=\"&#8220;\u201cTragovi: \u010dasopis za srpske i hrvatske teme\u201d (br. 1-2022)&#8221; &#8212; Historiografija.hr\" src=\"https:\/\/historiografija.hr\/?p=31800&#038;embed=true#?secret=ITX15OY5cM\" data-secret=\"ITX15OY5cM\" width=\"600\" height=\"338\" frameborder=\"0\" marginwidth=\"0\" marginheight=\"0\" scrolling=\"no\"><\/iframe>\n<\/div><\/figure>\n\n\n\n<hr class=\"wp-block-separator\"\/>\n","protected":false},"excerpt":{"rendered":"","protected":false},"author":2,"featured_media":34036,"comment_status":"open","ping_status":"open","sticky":false,"template":"","format":"standard","meta":{"_acf_changed":false,"jetpack_post_was_ever_published":false,"_jetpack_newsletter_access":"","_jetpack_dont_email_post_to_subs":false,"_jetpack_newsletter_tier_id":0,"_jetpack_memberships_contains_paywalled_content":false,"_jetpack_memberships_contains_paid_content":false,"footnotes":"","jetpack_publicize_message":"","jetpack_publicize_feature_enabled":true,"jetpack_social_post_already_shared":true,"jetpack_social_options":{"image_generator_settings":{"template":"highway","default_image_id":0,"font":"","enabled":false},"version":2}},"categories":[21,3],"tags":[],"class_list":["post-34035","post","type-post","status-publish","format-standard","has-post-thumbnail","hentry","category-casopisi","category-novosti"],"acf":{"facebook_opis":""},"jetpack_publicize_connections":[],"jetpack_featured_media_url":"https:\/\/i0.wp.com\/historiografija.hr\/wp-content\/uploads\/2023\/01\/Tragovi_2_2022.jpg?fit=1200%2C750&ssl=1","jetpack_sharing_enabled":true,"jetpack-related-posts":[],"_links":{"self":[{"href":"https:\/\/historiografija.hr\/index.php?rest_route=\/wp\/v2\/posts\/34035","targetHints":{"allow":["GET"]}}],"collection":[{"href":"https:\/\/historiografija.hr\/index.php?rest_route=\/wp\/v2\/posts"}],"about":[{"href":"https:\/\/historiografija.hr\/index.php?rest_route=\/wp\/v2\/types\/post"}],"author":[{"embeddable":true,"href":"https:\/\/historiografija.hr\/index.php?rest_route=\/wp\/v2\/users\/2"}],"replies":[{"embeddable":true,"href":"https:\/\/historiografija.hr\/index.php?rest_route=%2Fwp%2Fv2%2Fcomments&post=34035"}],"version-history":[{"count":2,"href":"https:\/\/historiografija.hr\/index.php?rest_route=\/wp\/v2\/posts\/34035\/revisions"}],"predecessor-version":[{"id":34038,"href":"https:\/\/historiografija.hr\/index.php?rest_route=\/wp\/v2\/posts\/34035\/revisions\/34038"}],"wp:featuredmedia":[{"embeddable":true,"href":"https:\/\/historiografija.hr\/index.php?rest_route=\/wp\/v2\/media\/34036"}],"wp:attachment":[{"href":"https:\/\/historiografija.hr\/index.php?rest_route=%2Fwp%2Fv2%2Fmedia&parent=34035"}],"wp:term":[{"taxonomy":"category","embeddable":true,"href":"https:\/\/historiografija.hr\/index.php?rest_route=%2Fwp%2Fv2%2Fcategories&post=34035"},{"taxonomy":"post_tag","embeddable":true,"href":"https:\/\/historiografija.hr\/index.php?rest_route=%2Fwp%2Fv2%2Ftags&post=34035"}],"curies":[{"name":"wp","href":"https:\/\/api.w.org\/{rel}","templated":true}]}}