{"id":33984,"date":"2022-12-30T21:42:03","date_gmt":"2022-12-30T21:42:03","guid":{"rendered":"http:\/\/historiografija.hr\/?p=33984"},"modified":"2022-12-30T21:42:45","modified_gmt":"2022-12-30T21:42:45","slug":"gwendolyn-sasse-der-krieg-gegen-die-ukraine-hintergrunde-ereignisse-folgen","status":"publish","type":"post","link":"https:\/\/historiografija.hr\/?p=33984","title":{"rendered":"Gwendolyn Sasse, &#8220;Der Krieg gegen die Ukraine. Hintergr\u00fcnde, Ereignisse, Folgen&#8221;"},"content":{"rendered":"\n<p>Warum und wogegen f\u00fchrt Russland in der Ukraine Krieg? Und wie erkl\u00e4rt sich die St\u00e4rke des ukrainischen Widerstands, von dem nicht nur Wladimir Putin \u00fcberrascht wurde, sondern auch viele westliche Beobachter und Beobachterinnen? Die Osteuropa-Expertin Gwendolyn Sasse analysiert die Hintergr\u00fcnde des russischen Angriffs, der schon 2014 begann, und fragt, welche Folgen er hat &#8211; f\u00fcr Russland, f\u00fcr die Ukraine, aber auch f\u00fcr uns im Westen.<br><br>Am 24. Februar 2022 griff Russland die gesamte Ukraine an, gegen die es schon seit 2014 Krieg f\u00fchrte. Zun\u00e4chst erfolgten Luftschl\u00e4ge, dann bewegten sich Panzerkolonnen auf Kiew und andere ukrainische St\u00e4dte zu. Millionen Menschen flohen, viele wurden verwundet oder get\u00f6tet. Wie konnte es dazu kommen? Warum entschloss sich Putin zu diesem Schritt?\u00a0 Gwendolyn Sasse seziert die Faktoren, die zu dieser verh\u00e4ngnisvollen Entscheidung f\u00fchrten und zeigt, wie sehr die eigenst\u00e4ndige Entwicklung der Ukraine das russische Machtsystem bedrohte. Dabei r\u00e4umt sie mit zahlreichen Fehlwahrnehmungen auf, die gerade auch in Deutschland das Bild der Ukraine lange verzerrt haben. So entsteht eine erhellende historische und politische Einordnung des russischen \u00dcberfalls, der die westlichen Staaten und die internationale Ordnung vor enorme Herausforderungen stellt. \u00a0\u00a0<\/p>\n\n\n\n<hr class=\"wp-block-separator\"\/>\n\n\n\n<p>Erschienen am 13. Oktober 2022<\/p>\n\n\n\n<p>2. Auflage, 2022<\/p>\n\n\n\n<p>128 S., mit 4 Karten<\/p>\n\n\n\n<p>C.H.Beck Wissen<\/p>\n\n\n\n<hr class=\"wp-block-separator\"\/>\n\n\n\n<p>Leseprobe:<\/p>\n\n\n\n<p><a href=\"https:\/\/www.chbeck.de\/sasse-krieg-ukraine\/product\/33864904\">https:\/\/www.chbeck.de\/sasse-krieg-ukraine\/product\/33864904<\/a><\/p>\n\n\n\n<hr class=\"wp-block-separator\"\/>\n\n\n\n<figure class=\"wp-block-image size-large\"><img data-recalc-dims=\"1\" loading=\"lazy\" decoding=\"async\" width=\"672\" height=\"1024\" data-attachment-id=\"33985\" data-permalink=\"https:\/\/historiografija.hr\/?attachment_id=33985\" data-orig-file=\"https:\/\/i0.wp.com\/historiografija.hr\/wp-content\/uploads\/2022\/12\/Sasse.jpg?fit=1279%2C1950&amp;ssl=1\" data-orig-size=\"1279,1950\" data-comments-opened=\"1\" data-image-meta=\"{&quot;aperture&quot;:&quot;0&quot;,&quot;credit&quot;:&quot;&quot;,&quot;camera&quot;:&quot;&quot;,&quot;caption&quot;:&quot;&quot;,&quot;created_timestamp&quot;:&quot;0&quot;,&quot;copyright&quot;:&quot;&quot;,&quot;focal_length&quot;:&quot;0&quot;,&quot;iso&quot;:&quot;0&quot;,&quot;shutter_speed&quot;:&quot;0&quot;,&quot;title&quot;:&quot;&quot;,&quot;orientation&quot;:&quot;0&quot;}\" data-image-title=\"Sasse\" data-image-description=\"\" data-image-caption=\"\" data-large-file=\"https:\/\/i0.wp.com\/historiografija.hr\/wp-content\/uploads\/2022\/12\/Sasse.jpg?fit=672%2C1024&amp;ssl=1\" src=\"https:\/\/i0.wp.com\/historiografija.hr\/wp-content\/uploads\/2022\/12\/Sasse.jpg?resize=672%2C1024&#038;ssl=1\" alt=\"\" class=\"wp-image-33985\" srcset=\"https:\/\/i0.wp.com\/historiografija.hr\/wp-content\/uploads\/2022\/12\/Sasse.jpg?resize=672%2C1024&amp;ssl=1 672w, https:\/\/i0.wp.com\/historiografija.hr\/wp-content\/uploads\/2022\/12\/Sasse.jpg?resize=197%2C300&amp;ssl=1 197w, https:\/\/i0.wp.com\/historiografija.hr\/wp-content\/uploads\/2022\/12\/Sasse.jpg?resize=768%2C1171&amp;ssl=1 768w, https:\/\/i0.wp.com\/historiografija.hr\/wp-content\/uploads\/2022\/12\/Sasse.jpg?resize=1007%2C1536&amp;ssl=1 1007w, https:\/\/i0.wp.com\/historiografija.hr\/wp-content\/uploads\/2022\/12\/Sasse.jpg?w=1279&amp;ssl=1 1279w\" sizes=\"auto, (max-width: 672px) 100vw, 672px\" \/><\/figure>\n\n\n\n<hr class=\"wp-block-separator\"\/>\n","protected":false},"excerpt":{"rendered":"","protected":false},"author":2,"featured_media":33985,"comment_status":"open","ping_status":"open","sticky":false,"template":"","format":"standard","meta":{"_acf_changed":false,"jetpack_post_was_ever_published":false,"_jetpack_newsletter_access":"","_jetpack_dont_email_post_to_subs":false,"_jetpack_newsletter_tier_id":0,"_jetpack_memberships_contains_paywalled_content":false,"_jetpack_memberships_contains_paid_content":false,"footnotes":"","jetpack_publicize_message":"","jetpack_publicize_feature_enabled":true,"jetpack_social_post_already_shared":true,"jetpack_social_options":{"image_generator_settings":{"template":"highway","default_image_id":0,"font":"","enabled":false},"version":2}},"categories":[8,3],"tags":[],"class_list":["post-33984","post","type-post","status-publish","format-standard","has-post-thumbnail","hentry","category-knjige","category-novosti"],"acf":{"facebook_opis":""},"jetpack_publicize_connections":[],"jetpack_featured_media_url":"https:\/\/i0.wp.com\/historiografija.hr\/wp-content\/uploads\/2022\/12\/Sasse.jpg?fit=1279%2C1950&ssl=1","jetpack_sharing_enabled":true,"jetpack-related-posts":[],"_links":{"self":[{"href":"https:\/\/historiografija.hr\/index.php?rest_route=\/wp\/v2\/posts\/33984","targetHints":{"allow":["GET"]}}],"collection":[{"href":"https:\/\/historiografija.hr\/index.php?rest_route=\/wp\/v2\/posts"}],"about":[{"href":"https:\/\/historiografija.hr\/index.php?rest_route=\/wp\/v2\/types\/post"}],"author":[{"embeddable":true,"href":"https:\/\/historiografija.hr\/index.php?rest_route=\/wp\/v2\/users\/2"}],"replies":[{"embeddable":true,"href":"https:\/\/historiografija.hr\/index.php?rest_route=%2Fwp%2Fv2%2Fcomments&post=33984"}],"version-history":[{"count":2,"href":"https:\/\/historiografija.hr\/index.php?rest_route=\/wp\/v2\/posts\/33984\/revisions"}],"predecessor-version":[{"id":33987,"href":"https:\/\/historiografija.hr\/index.php?rest_route=\/wp\/v2\/posts\/33984\/revisions\/33987"}],"wp:featuredmedia":[{"embeddable":true,"href":"https:\/\/historiografija.hr\/index.php?rest_route=\/wp\/v2\/media\/33985"}],"wp:attachment":[{"href":"https:\/\/historiografija.hr\/index.php?rest_route=%2Fwp%2Fv2%2Fmedia&parent=33984"}],"wp:term":[{"taxonomy":"category","embeddable":true,"href":"https:\/\/historiografija.hr\/index.php?rest_route=%2Fwp%2Fv2%2Fcategories&post=33984"},{"taxonomy":"post_tag","embeddable":true,"href":"https:\/\/historiografija.hr\/index.php?rest_route=%2Fwp%2Fv2%2Ftags&post=33984"}],"curies":[{"name":"wp","href":"https:\/\/api.w.org\/{rel}","templated":true}]}}