{"id":33975,"date":"2022-12-30T20:11:58","date_gmt":"2022-12-30T20:11:58","guid":{"rendered":"http:\/\/historiografija.hr\/?p=33975"},"modified":"2022-12-30T20:11:58","modified_gmt":"2022-12-30T20:11:58","slug":"cfp-red-world-literature-university-of-iceland-may-11-12-2023","status":"publish","type":"post","link":"https:\/\/historiografija.hr\/?p=33975","title":{"rendered":"CFP: Red World Literature (University of Iceland, May 11-12, 2023)"},"content":{"rendered":"\n<p>At the center of the literary-political project of the Soviet-sponsored Communist International, or Comintern (1919-1943), was the attempt to create a new canon of world literature that could rival the canon of bourgeois literature, centered in the cultural capitals of Europe. Surviving the Comintern, the project of creating internationalist world literature continued to influence the cultural landscape of the Second World during the post-war period. This project was far-reaching and included outreach to all the continents with an emphasis on Asia and Africa. Furthermore, cultural producers in peripheral locations looked toward the Soviet Union, and many sought to contribute to internationalist or red world literature. The conference contributes to recent efforts to chart the cultural geography of the internationalist literary field throughout the 20th century with an emphasis on tracing the various literary worlds that emerged within national and regional contexts. Specifically, we invite proposals on cultural traditions that developed at a distance from the Soviet Union or from locations and regions that were peripheral vis-\u00e0-vis the Soviet world.<\/p>\n\n\n\n<p><strong>Topics might include, but are in no way limited to:<\/strong><\/p>\n\n\n\n<ul class=\"wp-block-list\"><li><strong>Internationalist World Literature and the Peripheries<\/strong>, e.g., focusing on uneven and combined development; local or regional literary worlds and networks.<\/li><li><strong>Internationalist World Literature and History<\/strong>, e.g., focusing on specific moments or periods of the 20th century; the historical trajectory of the internationalist world literary space.<\/li><li><strong>Internationalist World Literature during the Cold War<\/strong>, e.g., looking at the reception history of particular authors or groups during the Cold War; the effects of the Cold War on local or regional literary canons; the Cold War formulation of opposing Modernism and Realism.<\/li><li><strong>Internationalist World Literature and Literary Theory<\/strong>, e.g., addressing recent discussions on the Second World literary space and the questions that such inquiries have raised for materialist literary theory and criticism that draws on the world systems analysis.<\/li><li><strong>Internationalist World Literature and the Canon<\/strong>, e.g., addressing the circulation of internationalist literature and discussion through publishing houses, journals and magazines, translations, edited serials, and other collaborative networks that aimed to circulate red world literature.<\/li><li><strong>Internationalist World Literature and Political Movements<\/strong>,&nbsp;e.g., considering the interplay between the internationalist literary sphere and feminism, black radicalism, indigenous struggles, national, ethnic, and decolonization movements.<\/li><\/ul>\n\n\n\n<p>We invite proposals for 20-minute papers and proposals for workshops or roundtables on topics relevant to the conference themes. Particularly, graduate students and post-docs are encouraged to submit proposals. To propose a paper, please submit a 250-word abstract with a short biographical note by&nbsp;<strong>Friday, January 27, 2023<\/strong>,&nbsp;to<a href=\"mailto:redworldlit@gmail.com\"><strong>redworldlit@gmail.com<\/strong><\/a>. Workshops and roundtables submissions should consist of a 1000-word outline of the session\u2019s purpose and the contribution of each speaker sent to <a href=\"mailto:redworldlit@gmail.com\"><strong>redworldlit@gmail.com<\/strong><\/a> by&nbsp;<strong>Friday, January 27, 2023.<\/strong><\/p>\n\n\n\n<p>The main languages of the conference are English and Icelandic. We welcome proposals in both languages.<\/p>\n\n\n\n<p><a href=\"https:\/\/boklist.hi.is\/is\/radstefnukall-raudar-heimsbokmenntir\">https:\/\/boklist.hi.is\/is\/radstefnukall-raudar-heimsbokmenntir<\/a><\/p>\n\n\n\n<p>Sponsored by Vigd\u00eds Finnbogad\u00f3ttir Institute of Foreign Languages, B\u00f3kmennta- og listfr\u00e6\u00f0astofnun H\u00e1sk\u00f3la \u00cdslands<\/p>\n\n\n\n<hr class=\"wp-block-separator\"\/>\n\n\n\n<p><a href=\"https:\/\/networks.h-net.org\/node\/79435\/discussions\/12001483\/cfp-red-world-literature-university-iceland-may-11-12-2023\">https:\/\/networks.h-net.org\/node\/79435\/discussions\/12001483\/cfp-red-world-literature-university-iceland-may-11-12-2023<\/a><\/p>\n\n\n\n<hr class=\"wp-block-separator\"\/>\n","protected":false},"excerpt":{"rendered":"","protected":false},"author":2,"featured_media":12932,"comment_status":"open","ping_status":"open","sticky":false,"template":"","format":"standard","meta":{"_acf_changed":false,"_jetpack_newsletter_access":"","_jetpack_dont_email_post_to_subs":false,"_jetpack_newsletter_tier_id":0,"_jetpack_memberships_contains_paywalled_content":false,"_jetpack_memberships_contains_paid_content":false,"footnotes":"","jetpack_publicize_message":"","jetpack_publicize_feature_enabled":true,"jetpack_social_post_already_shared":true,"jetpack_social_options":{"image_generator_settings":{"template":"highway","default_image_id":0,"font":"","enabled":false},"version":2},"jetpack_post_was_ever_published":false},"categories":[3,9],"tags":[],"class_list":["post-33975","post","type-post","status-publish","format-standard","has-post-thumbnail","hentry","category-novosti","category-skupovi"],"acf":{"facebook_opis":""},"jetpack_publicize_connections":[],"jetpack_featured_media_url":"https:\/\/i0.wp.com\/historiografija.hr\/wp-content\/uploads\/2018\/12\/header-hnet.png?fit=583%2C143&ssl=1","jetpack_sharing_enabled":true,"jetpack-related-posts":[{"id":53935,"url":"https:\/\/historiografija.hr\/?p=53935","url_meta":{"origin":33975,"position":0},"title":"Konferencija &#8220;Bending the Rules: Social Radicalism, Wanderlust, and Utopianism in Children\u2019s and YA Literature&#8221;","author":"Branimir Jankovi\u0107","date":"8. lipnja 2026.","format":false,"excerpt":"Centar za teorijska istra\u017eivanja u humanistici poziva na me\u0111unarodnu konferenciju \u201cBending the Rules: Social Radicalism, Wanderlust, and Utopianism in Children\u2019s and YA Literature\u201d koja \u0107e se odr\u017eati 9. i 10. lipnja 2026. na Filozofskom fakultetu Sveu\u010dili\u0161ta u Zagrebu. Konferencija se odr\u017eava u sklopu HERA projekta LIMINALWATER. Liminalwater Conference: Bending the\u2026","rel":"","context":"U &quot;Novosti&quot;","block_context":{"text":"Novosti","link":"https:\/\/historiografija.hr\/?cat=3"},"img":{"alt_text":"","src":"https:\/\/i0.wp.com\/historiografija.hr\/wp-content\/uploads\/2026\/06\/Rules.jpg?fit=1200%2C601&ssl=1&resize=350%2C200","width":350,"height":200,"srcset":"https:\/\/i0.wp.com\/historiografija.hr\/wp-content\/uploads\/2026\/06\/Rules.jpg?fit=1200%2C601&ssl=1&resize=350%2C200 1x, https:\/\/i0.wp.com\/historiografija.hr\/wp-content\/uploads\/2026\/06\/Rules.jpg?fit=1200%2C601&ssl=1&resize=525%2C300 1.5x, https:\/\/i0.wp.com\/historiografija.hr\/wp-content\/uploads\/2026\/06\/Rules.jpg?fit=1200%2C601&ssl=1&resize=700%2C400 2x, https:\/\/i0.wp.com\/historiografija.hr\/wp-content\/uploads\/2026\/06\/Rules.jpg?fit=1200%2C601&ssl=1&resize=1050%2C600 3x"},"classes":[]},{"id":54537,"url":"https:\/\/historiografija.hr\/?p=54537","url_meta":{"origin":33975,"position":1},"title":"Call for Applications: Visegrad Scholarship at OSA 2026\/2027","author":"Branimir Jankovi\u0107","date":"9. srpnja 2026.","format":false,"excerpt":"The\u00a0Visegrad Scholarship at Blinken OSA Archivum\u00a0(Budapest, Hungary)\u00a0supports 8-week research stays (shorter stays pro-rated) for scholars and socially engaged artists working with the Archivum\u2019s Cold War and post-Cold War collections. Each grant is\u00a03.000,00\u20ac, intended to cover travel, accommodation and living costs. Next application deadline: July 25, 2026\u00a0(for the 2026\/2027 academic year).\u2026","rel":"","context":"U &quot;Novosti&quot;","block_context":{"text":"Novosti","link":"https:\/\/historiografija.hr\/?cat=3"},"img":{"alt_text":"","src":"https:\/\/i0.wp.com\/historiografija.hr\/wp-content\/uploads\/2026\/07\/Blinken-OSA-Archivum-Visegrad-Scholarship-at-OSA.png?fit=1200%2C624&ssl=1&resize=350%2C200","width":350,"height":200,"srcset":"https:\/\/i0.wp.com\/historiografija.hr\/wp-content\/uploads\/2026\/07\/Blinken-OSA-Archivum-Visegrad-Scholarship-at-OSA.png?fit=1200%2C624&ssl=1&resize=350%2C200 1x, https:\/\/i0.wp.com\/historiografija.hr\/wp-content\/uploads\/2026\/07\/Blinken-OSA-Archivum-Visegrad-Scholarship-at-OSA.png?fit=1200%2C624&ssl=1&resize=525%2C300 1.5x, https:\/\/i0.wp.com\/historiografija.hr\/wp-content\/uploads\/2026\/07\/Blinken-OSA-Archivum-Visegrad-Scholarship-at-OSA.png?fit=1200%2C624&ssl=1&resize=700%2C400 2x, https:\/\/i0.wp.com\/historiografija.hr\/wp-content\/uploads\/2026\/07\/Blinken-OSA-Archivum-Visegrad-Scholarship-at-OSA.png?fit=1200%2C624&ssl=1&resize=1050%2C600 3x"},"classes":[]},{"id":52834,"url":"https:\/\/historiografija.hr\/?p=52834","url_meta":{"origin":33975,"position":2},"title":"&#8220;Spatial Worlds of Medieval Central Europe: Real, Imagined, and Conceptual&#8221;, Budapest, 19\u201321 May 2027","author":"Filip \u0160imunjak","date":"6. svibnja 2026.","format":false,"excerpt":"Following successful conferences in Budapest (2014), Olomouc (2016), Zagreb (2018), Gda\u0144sk (2021), Bratislava (2023), and Munich (2025), the Seventh Biennial Conference of MECERN (http:\/\/mecern.eu\/) will focus on spatial worlds in medieval history, especially in Central Europe. The concepts of space, place, and the environment are central to our understanding of\u2026","rel":"","context":"U &quot;Novosti&quot;","block_context":{"text":"Novosti","link":"https:\/\/historiografija.hr\/?cat=3"},"img":{"alt_text":"","src":"https:\/\/i0.wp.com\/historiografija.hr\/wp-content\/uploads\/2026\/05\/Mecern-Logo.jpg?fit=450%2C270&ssl=1&resize=350%2C200","width":350,"height":200},"classes":[]},{"id":55062,"url":"https:\/\/historiografija.hr\/?p=55062","url_meta":{"origin":33975,"position":3},"title":"CfP: The Making of Solidarity: A\u00a0Conference on Eastern and Central European Dissidents, 1945-1991","author":"Branimir Jankovi\u0107","date":"24. kolovoza 2026.","format":false,"excerpt":"This open call invites proposals for an interdisciplinary conference on Eastern and Central European dissidence, solidarity, and anti-imperial thought. The Making of Solidarity: A\u00a0Conference on Eastern and Central European Dissidents, 1945-1991 16.-17. November 2026 A close reading of Ivan Dziuba\u2019s classic\u00a01965 essay Internationalism or Russification? offers a\u00a0useful lens through which\u2026","rel":"","context":"U &quot;Novosti&quot;","block_context":{"text":"Novosti","link":"https:\/\/historiografija.hr\/?cat=3"},"img":{"alt_text":"","src":"https:\/\/i0.wp.com\/historiografija.hr\/wp-content\/uploads\/2026\/08\/The-Making-of-Solidarity.png?fit=883%2C662&ssl=1&resize=350%2C200","width":350,"height":200,"srcset":"https:\/\/i0.wp.com\/historiografija.hr\/wp-content\/uploads\/2026\/08\/The-Making-of-Solidarity.png?fit=883%2C662&ssl=1&resize=350%2C200 1x, https:\/\/i0.wp.com\/historiografija.hr\/wp-content\/uploads\/2026\/08\/The-Making-of-Solidarity.png?fit=883%2C662&ssl=1&resize=525%2C300 1.5x, https:\/\/i0.wp.com\/historiografija.hr\/wp-content\/uploads\/2026\/08\/The-Making-of-Solidarity.png?fit=883%2C662&ssl=1&resize=700%2C400 2x"},"classes":[]},{"id":47341,"url":"https:\/\/historiografija.hr\/?p=47341","url_meta":{"origin":33975,"position":4},"title":"Call for Papers: International Medieval Congress 2026 &#8211; &#8216;Temporalities&#8217;","author":"Branimir Jankovi\u0107","date":"10. srpnja 2025.","format":false,"excerpt":"IMC 2026 will take place from Monday 06 July to Thursday 09 July 2026 and this will be the fifth fully-hybrid event. There will be an in-person gathering in Leeds with a virtual component for those unable to attend in person. Call for Papers: IMC 2026 - Temporalities The IMC\u2026","rel":"","context":"U &quot;Novosti&quot;","block_context":{"text":"Novosti","link":"https:\/\/historiografija.hr\/?cat=3"},"img":{"alt_text":"","src":"https:\/\/i0.wp.com\/historiografija.hr\/wp-content\/uploads\/2025\/07\/IMC-Postcard-2026.jpg?fit=1200%2C851&ssl=1&resize=350%2C200","width":350,"height":200,"srcset":"https:\/\/i0.wp.com\/historiografija.hr\/wp-content\/uploads\/2025\/07\/IMC-Postcard-2026.jpg?fit=1200%2C851&ssl=1&resize=350%2C200 1x, https:\/\/i0.wp.com\/historiografija.hr\/wp-content\/uploads\/2025\/07\/IMC-Postcard-2026.jpg?fit=1200%2C851&ssl=1&resize=525%2C300 1.5x, https:\/\/i0.wp.com\/historiografija.hr\/wp-content\/uploads\/2025\/07\/IMC-Postcard-2026.jpg?fit=1200%2C851&ssl=1&resize=700%2C400 2x, https:\/\/i0.wp.com\/historiografija.hr\/wp-content\/uploads\/2025\/07\/IMC-Postcard-2026.jpg?fit=1200%2C851&ssl=1&resize=1050%2C600 3x"},"classes":[]},{"id":54541,"url":"https:\/\/historiografija.hr\/?p=54541","url_meta":{"origin":33975,"position":5},"title":"(CAPONEU) Summer School in Critical Theory and Praxis: Literature and Society","author":"Branimir Jankovi\u0107","date":"9. srpnja 2026.","format":false,"excerpt":"Ljetna \u0161kola\u00a0Summer School in Critical Theory and Praxis: Literature and Society odr\u017eava se od\u00a05. do 12. srpnja 2026.\u00a0u\u00a0Pala\u010di Moise u Cresu. Program organizira\u00a0Centar za teorijska istra\u017eivanja u humanistici (CTIH)\u00a0u okviru projekta\u00a0The Cartography of Political Novel in Europe (CAPONEU). Rije\u010d je o sedmodnevnom intenzivnom programu koji okuplja znanstvenike, studente, umjetnike, nastavnike,\u2026","rel":"","context":"U &quot;Novosti&quot;","block_context":{"text":"Novosti","link":"https:\/\/historiografija.hr\/?cat=3"},"img":{"alt_text":"","src":"https:\/\/i0.wp.com\/historiografija.hr\/wp-content\/uploads\/2026\/03\/Cres.png?fit=712%2C1004&ssl=1&resize=350%2C200","width":350,"height":200,"srcset":"https:\/\/i0.wp.com\/historiografija.hr\/wp-content\/uploads\/2026\/03\/Cres.png?fit=712%2C1004&ssl=1&resize=350%2C200 1x, https:\/\/i0.wp.com\/historiografija.hr\/wp-content\/uploads\/2026\/03\/Cres.png?fit=712%2C1004&ssl=1&resize=525%2C300 1.5x, https:\/\/i0.wp.com\/historiografija.hr\/wp-content\/uploads\/2026\/03\/Cres.png?fit=712%2C1004&ssl=1&resize=700%2C400 2x"},"classes":[]}],"_links":{"self":[{"href":"https:\/\/historiografija.hr\/index.php?rest_route=\/wp\/v2\/posts\/33975","targetHints":{"allow":["GET"]}}],"collection":[{"href":"https:\/\/historiografija.hr\/index.php?rest_route=\/wp\/v2\/posts"}],"about":[{"href":"https:\/\/historiografija.hr\/index.php?rest_route=\/wp\/v2\/types\/post"}],"author":[{"embeddable":true,"href":"https:\/\/historiografija.hr\/index.php?rest_route=\/wp\/v2\/users\/2"}],"replies":[{"embeddable":true,"href":"https:\/\/historiografija.hr\/index.php?rest_route=%2Fwp%2Fv2%2Fcomments&post=33975"}],"version-history":[{"count":1,"href":"https:\/\/historiografija.hr\/index.php?rest_route=\/wp\/v2\/posts\/33975\/revisions"}],"predecessor-version":[{"id":33976,"href":"https:\/\/historiografija.hr\/index.php?rest_route=\/wp\/v2\/posts\/33975\/revisions\/33976"}],"wp:featuredmedia":[{"embeddable":true,"href":"https:\/\/historiografija.hr\/index.php?rest_route=\/wp\/v2\/media\/12932"}],"wp:attachment":[{"href":"https:\/\/historiografija.hr\/index.php?rest_route=%2Fwp%2Fv2%2Fmedia&parent=33975"}],"wp:term":[{"taxonomy":"category","embeddable":true,"href":"https:\/\/historiografija.hr\/index.php?rest_route=%2Fwp%2Fv2%2Fcategories&post=33975"},{"taxonomy":"post_tag","embeddable":true,"href":"https:\/\/historiografija.hr\/index.php?rest_route=%2Fwp%2Fv2%2Ftags&post=33975"}],"curies":[{"name":"wp","href":"https:\/\/api.w.org\/{rel}","templated":true}]}}