{"id":33968,"date":"2022-12-29T22:10:27","date_gmt":"2022-12-29T22:10:27","guid":{"rendered":"http:\/\/historiografija.hr\/?p=33968"},"modified":"2023-01-25T23:16:39","modified_gmt":"2023-01-25T23:16:39","slug":"milan-radosevic-geneza-antifasizma-u-istri-fasisticko-nasilje-spram-radnickog-i-hrvatskog-nacionalnog-pokreta-na-puljstini-1920","status":"publish","type":"post","link":"https:\/\/historiografija.hr\/?p=33968","title":{"rendered":"Milan Rado\u0161evi\u0107, \u201eGeneza antifa\u0161izma u Istri. Fa\u0161isti\u010dko nasilje spram radni\u010dkog i hrvatskog nacionalnog pokreta na Pulj\u0161tini 1920.\u201c"},"content":{"rendered":"\n<p>U hrvatskom medijskom i politi\u010dkom prostoru pojam \u201eantifa\u0161izam\u201c u posljednjih je trideset godina postao prijeporan. Za razliku od kontinentalne Hrvatske gdje je fokus postavljen na relaciji <em>usta\u0161e vs partizani<\/em>, u Istri se antifa\u0161izam vezuje za mnogo du\u017ee razdoblje fa\u0161isti\u010dkog terora i posljedi\u010dnog otpora. Za razliku od svih prija\u0161njih oblika nasilja, sukoba i ratova, fa\u0161izam nastaje kao jedinstveni oblik globalne prijetnje \u010dovje\u010danstvu te je unato\u010d tome, za globalni odgovor, koji je doveo do njegovog sloma, trebalo pro\u0107i skoro \u010detvrt stolje\u0107a. (iz Predgovora <em>Geneza antifa\u0161izma u Istri<\/em>)<\/p>\n\n\n\n<p>\u017delimo li shvatiti povijest fa\u0161izma u Istri, kao i istarskog antifa\u0161isti\u010dkog otpora, koji se u jeku Drugog svjetskog rata organizirano priklju\u010dio narodnooslobodila\u010dkoj borbi, a&nbsp; time i saveznicima u svjetskoj borbi protiv fa\u0161izma i nacizma, nu\u017eno je rekonstruirati i objasniti polazi\u0161nu to\u010dku tog procesa.<\/p>\n\n\n\n<p><strong>Milan Rado\u0161evi\u0107<\/strong>, povjesni\u010dar, vi\u0161i znanstveni suradnik na Zavodu za povijesne i dru\u0161tvene znanosti HAZU \u2013 Podru\u010dnoj jedinici u Puli. Objavio je dvije autorske i tri uredni\u010dke knjige te stotinjak stru\u010dnih i znanstvenih radova, osvrta, priop\u0107enja prikaza i kataloga izlo\u017ebi. \u010clan je uredni\u0161tva \u010dasopisa <em>Histria i <\/em>urednik mre\u017ene stranice Istarskog povijesnog dru\u0161tva.<\/p>\n\n\n\n<hr class=\"wp-block-separator\"\/>\n\n\n\n<p>Izvor:<\/p>\n\n\n\n<figure class=\"wp-block-embed-wordpress wp-block-embed is-type-wp-embed is-provider-srednja-europa\"><div class=\"wp-block-embed__wrapper\">\n<blockquote class=\"wp-embedded-content\" data-secret=\"QmPH1oEEqD\"><a href=\"https:\/\/srednja-europa.hr\/proizvod\/geneza-antifasizma-u-istri\/\">Geneza antifa\u0161izma u istri<\/a><\/blockquote><iframe loading=\"lazy\" class=\"wp-embedded-content\" sandbox=\"allow-scripts\" security=\"restricted\" style=\"position: absolute; clip: rect(1px, 1px, 1px, 1px);\" title=\"&#8220;Geneza antifa\u0161izma u istri&#8221; &#8212; Srednja Europa\" src=\"https:\/\/srednja-europa.hr\/proizvod\/geneza-antifasizma-u-istri\/embed\/#?secret=QmPH1oEEqD\" data-secret=\"QmPH1oEEqD\" width=\"600\" height=\"338\" frameborder=\"0\" marginwidth=\"0\" marginheight=\"0\" scrolling=\"no\"><\/iframe>\n<\/div><\/figure>\n\n\n\n<hr class=\"wp-block-separator\"\/>\n\n\n\n<p>Obavijest je objavljena i na portalu <strong>Historiografija.ba<\/strong>:<\/p>\n\n\n\n<p><a href=\"https:\/\/historiografija.ba\/article.php?id=1616\">https:\/\/historiografija.ba\/article.php?id=1616<\/a><\/p>\n\n\n\n<hr class=\"wp-block-separator\"\/>\n\n\n\n<p>Odjeci:<\/p>\n\n\n\n<p><a href=\"https:\/\/www.glasistre.hr\/pula\/2023\/01\/22\/drsc-milan-radosevic-o-knjizi-geneza-antifasizma-u-istri-napokon-imamo-necenzurirani-govor-muss-841831?fbclid=IwAR2lDtH_iDMMOY2g3N6FDGOmo-W7QIWgfZ-UoqBFxSTp9bSACn-6EpFg6ac\">https:\/\/www.glasistre.hr\/pula\/2023\/01\/22\/drsc-milan-radosevic-o-knjizi-geneza-antifasizma-u-istri-napokon-imamo-necenzurirani-govor-muss-841831<\/a><\/p>\n\n\n\n<hr class=\"wp-block-separator\"\/>\n","protected":false},"excerpt":{"rendered":"","protected":false},"author":2,"featured_media":33969,"comment_status":"open","ping_status":"open","sticky":false,"template":"","format":"standard","meta":{"_acf_changed":false,"jetpack_post_was_ever_published":false,"_jetpack_newsletter_access":"","_jetpack_dont_email_post_to_subs":false,"_jetpack_newsletter_tier_id":0,"_jetpack_memberships_contains_paywalled_content":false,"_jetpack_memberships_contains_paid_content":false,"footnotes":"","jetpack_publicize_message":"","jetpack_publicize_feature_enabled":true,"jetpack_social_post_already_shared":true,"jetpack_social_options":{"image_generator_settings":{"template":"highway","default_image_id":0,"font":"","enabled":false},"version":2}},"categories":[8,3],"tags":[],"class_list":["post-33968","post","type-post","status-publish","format-standard","has-post-thumbnail","hentry","category-knjige","category-novosti"],"acf":{"facebook_opis":""},"jetpack_publicize_connections":[],"jetpack_featured_media_url":"https:\/\/i0.wp.com\/historiografija.hr\/wp-content\/uploads\/2022\/12\/Radosevic.jpg?fit=450%2C630&ssl=1","jetpack_sharing_enabled":true,"jetpack-related-posts":[],"_links":{"self":[{"href":"https:\/\/historiografija.hr\/index.php?rest_route=\/wp\/v2\/posts\/33968","targetHints":{"allow":["GET"]}}],"collection":[{"href":"https:\/\/historiografija.hr\/index.php?rest_route=\/wp\/v2\/posts"}],"about":[{"href":"https:\/\/historiografija.hr\/index.php?rest_route=\/wp\/v2\/types\/post"}],"author":[{"embeddable":true,"href":"https:\/\/historiografija.hr\/index.php?rest_route=\/wp\/v2\/users\/2"}],"replies":[{"embeddable":true,"href":"https:\/\/historiografija.hr\/index.php?rest_route=%2Fwp%2Fv2%2Fcomments&post=33968"}],"version-history":[{"count":2,"href":"https:\/\/historiografija.hr\/index.php?rest_route=\/wp\/v2\/posts\/33968\/revisions"}],"predecessor-version":[{"id":34247,"href":"https:\/\/historiografija.hr\/index.php?rest_route=\/wp\/v2\/posts\/33968\/revisions\/34247"}],"wp:featuredmedia":[{"embeddable":true,"href":"https:\/\/historiografija.hr\/index.php?rest_route=\/wp\/v2\/media\/33969"}],"wp:attachment":[{"href":"https:\/\/historiografija.hr\/index.php?rest_route=%2Fwp%2Fv2%2Fmedia&parent=33968"}],"wp:term":[{"taxonomy":"category","embeddable":true,"href":"https:\/\/historiografija.hr\/index.php?rest_route=%2Fwp%2Fv2%2Fcategories&post=33968"},{"taxonomy":"post_tag","embeddable":true,"href":"https:\/\/historiografija.hr\/index.php?rest_route=%2Fwp%2Fv2%2Ftags&post=33968"}],"curies":[{"name":"wp","href":"https:\/\/api.w.org\/{rel}","templated":true}]}}