{"id":33965,"date":"2022-12-29T22:04:32","date_gmt":"2022-12-29T22:04:32","guid":{"rendered":"http:\/\/historiografija.hr\/?p=33965"},"modified":"2022-12-29T22:04:32","modified_gmt":"2022-12-29T22:04:32","slug":"vasa-cubrilovic-secanja","status":"publish","type":"post","link":"https:\/\/historiografija.hr\/?p=33965","title":{"rendered":"Vasa \u010cubrilovi\u0107, \u201eSe\u0107anja\u201c"},"content":{"rendered":"\n<p>Jedinstven istorijski dokument u kojem jedan od u\u010desnika Sarajevskog atentata iz 1914. godine prvi put iznosi se\u0107anja na jedan od najva\u017enijih i najdramati\u010dnijih dana u srpskoj i jugoslovenskoj istoriji.<\/p>\n\n\n\n<p>\u201eSe\u0107anja\u201c <strong>Vase \u010cubrilovi\u0107a<\/strong>, najmla\u0111eg atentatora, koji je pre\u017eiveo samo zahvaljuju\u0107i okolnosti \u0161to je bio maloletan, dok mu je ro\u0111eni brat <strong>Veljko<\/strong> obe\u0161en, u ovim memoarima iznosi ne\u0161to o \u010demu za \u017eivota nikad nije progovorio: kako je izgledalo stanje u BiH pred atentat, kako su se zaverenici spremali za ovaj \u010din, kako je iz sata u sat izgledalo njihovo kretanje na dan ubistva prestonaslednika <strong>Franca Ferdinanda<\/strong>, kako je izgledalo su\u0111enje, a kako robija\u2026<\/p>\n\n\n\n<p>Ovaj ugledni profesor, akademik, poslanik i ministar, u kasnijem \u017eivotu nije \u017eeleo da o ovom govori u brojnim intervjuima, ali je se\u0107anja zapisao jo\u0161 davne 1970-te godine. Ona se nalaze u rukopisnoj zaostav\u0161tini profesora \u010cubrilovi\u0107a koju je zave\u0161tao Arhivu SANU, pre smrti 1990.<\/p>\n\n\n\n<p>Kona\u010dno, rukopis je pred \u010ditaocima, a ovaj burni doga\u0111aj do detalja osvetljen iz prve ruke.<\/p>\n\n\n\n<hr class=\"wp-block-separator\"\/>\n\n\n\n<p>Pro\u010ditajte odlomak:<\/p>\n\n\n\n<figure class=\"wp-block-embed-wordpress wp-block-embed is-type-wp-embed is-provider-vukotic-media\"><div class=\"wp-block-embed__wrapper\">\n<blockquote class=\"wp-embedded-content\" data-secret=\"Lww2OPYSW3\"><a href=\"https:\/\/www.vukoticmedia.rs\/portfolio\/secanja\/\">SE\u0106ANJA<\/a><\/blockquote><iframe loading=\"lazy\" class=\"wp-embedded-content\" sandbox=\"allow-scripts\" security=\"restricted\" style=\"position: absolute; clip: rect(1px, 1px, 1px, 1px);\" title=\"&#132;SE\u0106ANJA&#147; &#8212; Vukoti\u0107 Media\" src=\"https:\/\/www.vukoticmedia.rs\/portfolio\/secanja\/embed\/#?secret=5yrAxA6R59#?secret=Lww2OPYSW3\" data-secret=\"Lww2OPYSW3\" width=\"600\" height=\"338\" frameborder=\"0\" marginwidth=\"0\" marginheight=\"0\" scrolling=\"no\"><\/iframe>\n<\/div><\/figure>\n\n\n\n<hr class=\"wp-block-separator\"\/>\n\n\n\n<p>Obavijest je objavljena i na portalu <strong>Historiografija.ba<\/strong>:<\/p>\n\n\n\n<p><a href=\"https:\/\/historiografija.ba\/article.php?id=1603\">https:\/\/historiografija.ba\/article.php?id=1603<\/a><\/p>\n\n\n\n<hr class=\"wp-block-separator\"\/>\n","protected":false},"excerpt":{"rendered":"","protected":false},"author":2,"featured_media":33966,"comment_status":"open","ping_status":"open","sticky":false,"template":"","format":"standard","meta":{"_acf_changed":false,"jetpack_post_was_ever_published":false,"_jetpack_newsletter_access":"","_jetpack_dont_email_post_to_subs":false,"_jetpack_newsletter_tier_id":0,"_jetpack_memberships_contains_paywalled_content":false,"_jetpack_memberships_contains_paid_content":false,"footnotes":"","jetpack_publicize_message":"","jetpack_publicize_feature_enabled":true,"jetpack_social_post_already_shared":true,"jetpack_social_options":{"image_generator_settings":{"template":"highway","default_image_id":0,"font":"","enabled":false},"version":2}},"categories":[8,3],"tags":[],"class_list":["post-33965","post","type-post","status-publish","format-standard","has-post-thumbnail","hentry","category-knjige","category-novosti"],"acf":{"facebook_opis":""},"jetpack_publicize_connections":[],"jetpack_featured_media_url":"https:\/\/i0.wp.com\/historiografija.hr\/wp-content\/uploads\/2022\/12\/Secanja_Cubrilovic.jpg?fit=800%2C550&ssl=1","jetpack_sharing_enabled":true,"jetpack-related-posts":[],"_links":{"self":[{"href":"https:\/\/historiografija.hr\/index.php?rest_route=\/wp\/v2\/posts\/33965","targetHints":{"allow":["GET"]}}],"collection":[{"href":"https:\/\/historiografija.hr\/index.php?rest_route=\/wp\/v2\/posts"}],"about":[{"href":"https:\/\/historiografija.hr\/index.php?rest_route=\/wp\/v2\/types\/post"}],"author":[{"embeddable":true,"href":"https:\/\/historiografija.hr\/index.php?rest_route=\/wp\/v2\/users\/2"}],"replies":[{"embeddable":true,"href":"https:\/\/historiografija.hr\/index.php?rest_route=%2Fwp%2Fv2%2Fcomments&post=33965"}],"version-history":[{"count":1,"href":"https:\/\/historiografija.hr\/index.php?rest_route=\/wp\/v2\/posts\/33965\/revisions"}],"predecessor-version":[{"id":33967,"href":"https:\/\/historiografija.hr\/index.php?rest_route=\/wp\/v2\/posts\/33965\/revisions\/33967"}],"wp:featuredmedia":[{"embeddable":true,"href":"https:\/\/historiografija.hr\/index.php?rest_route=\/wp\/v2\/media\/33966"}],"wp:attachment":[{"href":"https:\/\/historiografija.hr\/index.php?rest_route=%2Fwp%2Fv2%2Fmedia&parent=33965"}],"wp:term":[{"taxonomy":"category","embeddable":true,"href":"https:\/\/historiografija.hr\/index.php?rest_route=%2Fwp%2Fv2%2Fcategories&post=33965"},{"taxonomy":"post_tag","embeddable":true,"href":"https:\/\/historiografija.hr\/index.php?rest_route=%2Fwp%2Fv2%2Ftags&post=33965"}],"curies":[{"name":"wp","href":"https:\/\/api.w.org\/{rel}","templated":true}]}}