{"id":33961,"date":"2022-12-28T14:06:55","date_gmt":"2022-12-28T14:06:55","guid":{"rendered":"http:\/\/historiografija.hr\/?p=33961"},"modified":"2022-12-28T14:06:55","modified_gmt":"2022-12-28T14:06:55","slug":"danijel-pavlic-potresne-kronike","status":"publish","type":"post","link":"https:\/\/historiografija.hr\/?p=33961","title":{"rendered":"Danijel Pavli\u0107, &#8220;Potresne kronike&#8221;"},"content":{"rendered":"\n<p>\u201eTo\u010dno na dan, 29. prosinca, kada je prije dvije godine katastrofalan potres pogodio Baniju, dokumentarist, novinar i fotograf Danijel Pavli\u0107 u 18 sati, u \u010detvrtak, u Novinarskom domu u Zagrebu, otvorit \u0107e izlo\u017ebu fotografija &#8220;Potresne kronike&#8221; s 20 fotografija velikog formata od kojih svaka pri\u010da izuzetnu pri\u010du nabijenu emocijama i empatijom prema stradalnicima, kao i prema cijelom kraju.<\/p>\n\n\n\n<p>Uz izlo\u017ebu bit \u0107e predstavljeno i drugo izdanje istoimene knjige koju su financijski pomogli Srpsko narodno vije\u0107e i Zaklada Solidarna, kao i digitalno izdanje knjige &#8220;Potresne kronike&#8221;. Knjiga je napisana u formi dnevni\u010dkih zapisa gdje autor na 188 stranica iznosi intimna, a istovremeno objektivna zapa\u017eanja i predstavlja svjedo\u010danstvo svega \u0161to se de\u0161avalo u godini dana od potresa. Uz tekstove u knjizi se nalazi i 96 fotografija koje same za sebe predstavljaju osobitu vrijednost. Na temelju fotografija je nastala i istoimena izlo\u017eba fotografija koja je publici prvi put predstavljena ovog ljeta u GRIN Photo Gallery u Umagu.\u201c (<strong><em>Novosti<\/em><\/strong>)<\/p>\n\n\n\n<hr class=\"wp-block-separator\"\/>\n\n\n\n<p><strong><em>Cijeli \u010dlanak dostupan je na sljede\u0107oj poveznici:<\/em><\/strong><\/p>\n\n\n\n<p><a href=\"https:\/\/www.portalnovosti.com\/potresne-kronike-danijela-pavlica-u-novinarskom-domu\">https:\/\/www.portalnovosti.com\/potresne-kronike-danijela-pavlica-u-novinarskom-domu<\/a><\/p>\n\n\n\n<hr class=\"wp-block-separator\"\/>\n\n\n\n<p><\/p>\n","protected":false},"excerpt":{"rendered":"","protected":false},"author":2,"featured_media":33962,"comment_status":"open","ping_status":"open","sticky":false,"template":"","format":"standard","meta":{"_acf_changed":false,"jetpack_post_was_ever_published":false,"_jetpack_newsletter_access":"","_jetpack_dont_email_post_to_subs":false,"_jetpack_newsletter_tier_id":0,"_jetpack_memberships_contains_paywalled_content":false,"_jetpack_memberships_contains_paid_content":false,"footnotes":"","jetpack_publicize_message":"","jetpack_publicize_feature_enabled":true,"jetpack_social_post_already_shared":true,"jetpack_social_options":{"image_generator_settings":{"template":"highway","default_image_id":0,"font":"","enabled":false},"version":2}},"categories":[10,3],"tags":[],"class_list":["post-33961","post","type-post","status-publish","format-standard","has-post-thumbnail","hentry","category-izlozbe","category-novosti"],"acf":{"facebook_opis":""},"jetpack_publicize_connections":[],"jetpack_featured_media_url":"https:\/\/i0.wp.com\/historiografija.hr\/wp-content\/uploads\/2022\/12\/Potresne_kronike.jpg?fit=1200%2C730&ssl=1","jetpack_sharing_enabled":true,"jetpack-related-posts":[],"_links":{"self":[{"href":"https:\/\/historiografija.hr\/index.php?rest_route=\/wp\/v2\/posts\/33961","targetHints":{"allow":["GET"]}}],"collection":[{"href":"https:\/\/historiografija.hr\/index.php?rest_route=\/wp\/v2\/posts"}],"about":[{"href":"https:\/\/historiografija.hr\/index.php?rest_route=\/wp\/v2\/types\/post"}],"author":[{"embeddable":true,"href":"https:\/\/historiografija.hr\/index.php?rest_route=\/wp\/v2\/users\/2"}],"replies":[{"embeddable":true,"href":"https:\/\/historiografija.hr\/index.php?rest_route=%2Fwp%2Fv2%2Fcomments&post=33961"}],"version-history":[{"count":1,"href":"https:\/\/historiografija.hr\/index.php?rest_route=\/wp\/v2\/posts\/33961\/revisions"}],"predecessor-version":[{"id":33963,"href":"https:\/\/historiografija.hr\/index.php?rest_route=\/wp\/v2\/posts\/33961\/revisions\/33963"}],"wp:featuredmedia":[{"embeddable":true,"href":"https:\/\/historiografija.hr\/index.php?rest_route=\/wp\/v2\/media\/33962"}],"wp:attachment":[{"href":"https:\/\/historiografija.hr\/index.php?rest_route=%2Fwp%2Fv2%2Fmedia&parent=33961"}],"wp:term":[{"taxonomy":"category","embeddable":true,"href":"https:\/\/historiografija.hr\/index.php?rest_route=%2Fwp%2Fv2%2Fcategories&post=33961"},{"taxonomy":"post_tag","embeddable":true,"href":"https:\/\/historiografija.hr\/index.php?rest_route=%2Fwp%2Fv2%2Ftags&post=33961"}],"curies":[{"name":"wp","href":"https:\/\/api.w.org\/{rel}","templated":true}]}}