{"id":33958,"date":"2022-12-28T13:58:23","date_gmt":"2022-12-28T13:58:23","guid":{"rendered":"http:\/\/historiografija.hr\/?p=33958"},"modified":"2022-12-28T13:58:23","modified_gmt":"2022-12-28T13:58:23","slug":"6-socijalizam-na-klupi-poziv-na-sudjelovanje","status":"publish","type":"post","link":"https:\/\/historiografija.hr\/?p=33958","title":{"rendered":"6. Socijalizam na klupi: poziv na sudjelovanje"},"content":{"rendered":"\n<p>Centar za kulturolo\u0161ka i povijesna istra\u017eivanja socijalizma objavljuje poziv za prijavu na \u0160esti me\u0111unarodni znanstveni skup \u201eSocijalizam na klupi\u201c koji \u0107e se na temu \u201eKrize i reforme\u201c odr\u017eati na Sveu\u010dili\u0161tu Jurja Dobrile u Puli od 28. do 30. rujna 2023. godine. Rok za prijavu je 1. travnja. Poziv, prijavni obrazac i ostale informacije dostupni su na <a href=\"https:\/\/www.unipu.hr\/ckpis\/socijalizam_na_klupi\/2023\">mre\u017enoj stranici konferencije<\/a>.<\/p>\n\n\n\n<hr class=\"wp-block-separator\"\/>\n\n\n\n<p>Izvor:<\/p>\n\n\n\n<p><a href=\"https:\/\/www.unipu.hr\/ckpis\/socijalizam_na_klupi\/2023\">https:\/\/www.unipu.hr\/ckpis\/socijalizam_na_klupi\/2023<\/a><\/p>\n\n\n\n<p><a href=\"https:\/\/www.facebook.com\/ckpis.unipu.hr\/\">https:\/\/www.facebook.com\/ckpis.unipu.hr\/<\/a><\/p>\n\n\n\n<hr class=\"wp-block-separator\"\/>\n","protected":false},"excerpt":{"rendered":"","protected":false},"author":2,"featured_media":33959,"comment_status":"open","ping_status":"open","sticky":false,"template":"","format":"standard","meta":{"_acf_changed":false,"jetpack_post_was_ever_published":false,"_jetpack_newsletter_access":"","_jetpack_dont_email_post_to_subs":false,"_jetpack_newsletter_tier_id":0,"_jetpack_memberships_contains_paywalled_content":false,"_jetpack_memberships_contains_paid_content":false,"footnotes":"","jetpack_publicize_message":"","jetpack_publicize_feature_enabled":true,"jetpack_social_post_already_shared":true,"jetpack_social_options":{"image_generator_settings":{"template":"highway","default_image_id":0,"font":"","enabled":false},"version":2}},"categories":[3,9],"tags":[],"class_list":["post-33958","post","type-post","status-publish","format-standard","has-post-thumbnail","hentry","category-novosti","category-skupovi"],"acf":{"facebook_opis":""},"jetpack_publicize_connections":[],"jetpack_featured_media_url":"https:\/\/i0.wp.com\/historiografija.hr\/wp-content\/uploads\/2022\/12\/Socijalizam-2023.jpg?fit=2048%2C1152&ssl=1","jetpack_sharing_enabled":true,"jetpack-related-posts":[],"_links":{"self":[{"href":"https:\/\/historiografija.hr\/index.php?rest_route=\/wp\/v2\/posts\/33958","targetHints":{"allow":["GET"]}}],"collection":[{"href":"https:\/\/historiografija.hr\/index.php?rest_route=\/wp\/v2\/posts"}],"about":[{"href":"https:\/\/historiografija.hr\/index.php?rest_route=\/wp\/v2\/types\/post"}],"author":[{"embeddable":true,"href":"https:\/\/historiografija.hr\/index.php?rest_route=\/wp\/v2\/users\/2"}],"replies":[{"embeddable":true,"href":"https:\/\/historiografija.hr\/index.php?rest_route=%2Fwp%2Fv2%2Fcomments&post=33958"}],"version-history":[{"count":1,"href":"https:\/\/historiografija.hr\/index.php?rest_route=\/wp\/v2\/posts\/33958\/revisions"}],"predecessor-version":[{"id":33960,"href":"https:\/\/historiografija.hr\/index.php?rest_route=\/wp\/v2\/posts\/33958\/revisions\/33960"}],"wp:featuredmedia":[{"embeddable":true,"href":"https:\/\/historiografija.hr\/index.php?rest_route=\/wp\/v2\/media\/33959"}],"wp:attachment":[{"href":"https:\/\/historiografija.hr\/index.php?rest_route=%2Fwp%2Fv2%2Fmedia&parent=33958"}],"wp:term":[{"taxonomy":"category","embeddable":true,"href":"https:\/\/historiografija.hr\/index.php?rest_route=%2Fwp%2Fv2%2Fcategories&post=33958"},{"taxonomy":"post_tag","embeddable":true,"href":"https:\/\/historiografija.hr\/index.php?rest_route=%2Fwp%2Fv2%2Ftags&post=33958"}],"curies":[{"name":"wp","href":"https:\/\/api.w.org\/{rel}","templated":true}]}}