{"id":33939,"date":"2022-12-27T09:39:06","date_gmt":"2022-12-27T09:39:06","guid":{"rendered":"http:\/\/historiografija.hr\/?p=33939"},"modified":"2023-01-05T23:53:36","modified_gmt":"2023-01-05T23:53:36","slug":"hrvatska-revija-3-2022-tema-broja-senj","status":"publish","type":"post","link":"https:\/\/historiografija.hr\/?p=33939","title":{"rendered":"\u201cHrvatska revija\u201d (3-2022) \u2013 Tema broja: Senj"},"content":{"rendered":"\n<p>Novi broj \u201cHrvatske revije\u201d (3-2022) za temu broja ima Senj, o kojem pi\u0161u Miroslav Glavi\u010di\u0107, Borislav Grgin, Tomislav Galovi\u0107, Bla\u017eenka Ljubovi\u0107, Helena Knifi\u0107 Schaps, Enver Ljubovi\u0107, Mirjana Matijevi\u0107 Sokol, Mirjana Poli\u0107 Bobi\u0107, \u017deljko Holjevac, Bla\u017eenka Ljubovi\u0107, Filip Galovi\u0107, Ivan Rogi\u0107 Nehajev. Op\u0161irnije u nastavku.<\/p>\n\n\n\n<hr class=\"wp-block-separator\"\/>\n\n\n\n<p><strong>Kazalo<\/strong><\/p>\n\n\n\n<p><strong>Tema broja: Senj<\/strong><\/p>\n\n\n\n<p>3&nbsp;&nbsp;&nbsp;&nbsp;&nbsp;&nbsp;&nbsp;&nbsp;&nbsp;&nbsp;&nbsp;&nbsp;&nbsp;&nbsp;&nbsp; Miroslav Glavi\u010di\u0107<br>Zna\u010denje, topografija i spomenici<br>anti\u010dke Senije<\/p>\n\n\n\n<p>12&nbsp;&nbsp;&nbsp;&nbsp;&nbsp;&nbsp;&nbsp;&nbsp;&nbsp;&nbsp;&nbsp;&nbsp; Borislav Grgin<br>Senj u srednjem vijeku<\/p>\n\n\n\n<p>17&nbsp;&nbsp;&nbsp;&nbsp;&nbsp;&nbsp;&nbsp;&nbsp;&nbsp;&nbsp;&nbsp;&nbsp; Tomislav Galovi\u0107<br>Konture hrvatskoglagoljske ba\u0161tine grada Senja (srednji vijek)<\/p>\n\n\n\n<p>27&nbsp;&nbsp;&nbsp;&nbsp;&nbsp;&nbsp;&nbsp;&nbsp;&nbsp;&nbsp;&nbsp;&nbsp; Bla\u017eenka Ljubovi\u0107<br>Arheolo\u0161ka istra\u017eivanja u gradu Senju<\/p>\n\n\n\n<p>35&nbsp;&nbsp;&nbsp;&nbsp;&nbsp;&nbsp;&nbsp;&nbsp;&nbsp;&nbsp;&nbsp;&nbsp; Helena Knifi\u0107 Schaps<br>Urbani razvoj Senja i kulturna dobra kao zama\u0161njak razvoja<\/p>\n\n\n\n<p>54&nbsp;&nbsp;&nbsp;&nbsp;&nbsp;&nbsp;&nbsp;&nbsp;&nbsp;&nbsp;&nbsp;&nbsp; Enver Ljubovi\u0107<br>Heraldi\u010dka ba\u0161tina grada Senja<\/p>\n\n\n\n<p>64&nbsp;&nbsp;&nbsp;&nbsp;&nbsp;&nbsp;&nbsp;&nbsp;&nbsp;&nbsp;&nbsp;&nbsp; Mirjana Matijevi\u0107 Sokol<br>\u010casopis Senjski zbornik: prilozi za geografiju, etnologiju, gospodarstvo, povijest i kulturu<\/p>\n\n\n\n<p>66&nbsp;&nbsp;&nbsp;&nbsp;&nbsp;&nbsp;&nbsp;&nbsp;&nbsp;&nbsp;&nbsp;&nbsp; Mirjana Poli\u0107 Bobi\u0107<br>O jednom zaboravljenom savezni\u0161tvu: senjski uskoci i \u0161panjolska politika na Jadranu u po\u010detku XVII. stolje\u0107a<\/p>\n\n\n\n<p>69&nbsp;&nbsp;&nbsp;&nbsp;&nbsp;&nbsp;&nbsp;&nbsp;&nbsp;&nbsp;&nbsp;&nbsp; \u017deljko Holjevac<br>Senjske \u017ertve<\/p>\n\n\n\n<p>72&nbsp;&nbsp;&nbsp;&nbsp;&nbsp;&nbsp;&nbsp;&nbsp;&nbsp;&nbsp;&nbsp;&nbsp; Bla\u017eenka Ljubovi\u0107<br>Gradski muzej Senj od osnutka do danas<br>(1962\u20132022)<\/p>\n\n\n\n<p>77&nbsp;&nbsp;&nbsp;&nbsp;&nbsp;&nbsp;&nbsp;&nbsp;&nbsp;&nbsp;&nbsp;&nbsp; Filip Galovi\u0107<br>Govor grada Senja u 20. stolje\u0107u<\/p>\n\n\n\n<p>82&nbsp;&nbsp;&nbsp;&nbsp;&nbsp;&nbsp;&nbsp;&nbsp;&nbsp;&nbsp;&nbsp;&nbsp; Ivan Rogi\u0107 Nehajev<br>O obrisima senjskoga gradskog identiteta u \u010detiri ulomka<\/p>\n\n\n\n<p><strong>Razgovor<\/strong><\/p>\n\n\n\n<p>86&nbsp;&nbsp;&nbsp;&nbsp;&nbsp;&nbsp;&nbsp;&nbsp;&nbsp;&nbsp;&nbsp;&nbsp; Pavlovo poslanje \u2013 o stotoj obljetnici patofiziologije u Hrvatskoj<\/p>\n\n\n\n<p>Ono \u0161to bi svaka grana medicine trebala napisati o sebi<\/p>\n\n\n\n<p>Razgovor sa Zdenkom Kova\u010dem, urednikom knjige Pavlovo poslanje posve\u0107ene korifeju hrvatske patofiziologije Pavlu Sokoli\u0107u<\/p>\n\n\n\n<p>Razgovor vodio: Tomislav \u0160ovagovi\u0107<\/p>\n\n\n\n<p><strong>Neobjavljena hrvatska knji\u017eevnost<\/strong><\/p>\n\n\n\n<p>90&nbsp;&nbsp;&nbsp;&nbsp;&nbsp;&nbsp;&nbsp;&nbsp;&nbsp;&nbsp;&nbsp;&nbsp; Tomislav \u0160ovagovi\u0107<br>Pri\u010da s dvije strane i jednom,<br>sva\u010dijom istinom<\/p>\n\n\n\n<p>90&nbsp;&nbsp;&nbsp;&nbsp;&nbsp;&nbsp;&nbsp;&nbsp;&nbsp;&nbsp;&nbsp;&nbsp; Stjepan Toma\u0161<br>Zlo\u010dini i kazna ili Sve je relativno<\/p>\n\n\n\n<p><strong>Osvrti i prikazi<\/strong><\/p>\n\n\n\n<p>93&nbsp;&nbsp;&nbsp;&nbsp;&nbsp;&nbsp;&nbsp;&nbsp;&nbsp;&nbsp;&nbsp;&nbsp; \u0110uro Vidmarovi\u0107<br>Nevenka Neki\u0107 o stradanju i mu\u010deni\u0161tvu \u010dasnih sestara milosrdnica<\/p>\n\n\n\n<p>Nevenka Neki\u0107: Na\u0161a klecala i baklje. Djelovanje, stradanja i mu\u010deni\u0161tva u Dru\u017ebi sestara milosrdnica svetoga Vinka Paulskoga, nakladnik Dru\u017eba sestara milosrdnica svetoga Vinka Paulskoga \u2013 Zagreb. Postulatura slu\u017ebenica Bo\u017ejih, Zagreb, 2022.<\/p>\n\n\n\n<p>95&nbsp;&nbsp;&nbsp;&nbsp;&nbsp;&nbsp;&nbsp;&nbsp;&nbsp;&nbsp;&nbsp;&nbsp; Zrinka Todori\u0107<br>Osvrt na pandemiju COVID-19 iz sociolo\u0161koga kutka<\/p>\n\n\n\n<p>Renata Salecl: \u010covjek je \u010dovjeku virus, Zagreb: Ljevak, 2021.<\/p>\n\n\n\n<p>97&nbsp;&nbsp;&nbsp;&nbsp;&nbsp;&nbsp;&nbsp;&nbsp;&nbsp;&nbsp;&nbsp;&nbsp; Ivan Brli\u0107<br>O unutarhrvatskim migracijama<\/p>\n\n\n\n<p>Josip Fajdi\u0107: Li\u010dani i(li) Slavonci: tragovi i poveznice. Li\u010dko zavi\u010dajno dru\u0161tvo \u00bbVila Velebita\u00ab, Ogranak Matice hrvatske u Po\u017eegi; Ogranak Matice hrvatske u Gospi\u0107u, Po\u017eega \u2013 Gospi\u0107, 2020.<\/p>\n\n\n\n<p>Josip Fajdi\u0107: Li\u010dani u Slavoniji u pro\u0161losti i sada\u0161njosti. Li\u010dko zavi\u010dajno dru\u0161tvo \u00bbVila Velebita\u00ab, Po\u017eega \u2013 Gospi\u0107, 2022.<\/p>\n\n\n\n<p>99&nbsp;&nbsp;&nbsp;&nbsp;&nbsp;&nbsp;&nbsp;&nbsp;&nbsp;&nbsp;&nbsp;&nbsp; Vlasta Markasovi\u0107<br>Distopijska saga Paule Rem<\/p>\n\n\n\n<p>Paula Rem: U ime kapitala, Meandar Media, Zagreb, 2021.<\/p>\n\n\n\n<p>100&nbsp;&nbsp;&nbsp;&nbsp;&nbsp;&nbsp;&nbsp;&nbsp; Tomislav Galovi\u0107<br>O glagolja\u0161ima za glagolja\u0161e<\/p>\n\n\n\n<p>Tanja Ku\u0161tovi\u0107: Istra\u017eiva\u010di hrvatskoga glagolja\u0161tva I. Priru\u010dnik za studente i one koje zanima hrvatsko glagolja\u0161tvo, Zagreb: Hrvatska sveu\u010dili\u0161na naklada, 2022., 168 str.<\/p>\n\n\n\n<p>102&nbsp;&nbsp;&nbsp;&nbsp;&nbsp;&nbsp;&nbsp;&nbsp; Tomislav \u0160ovagovi\u0107<br>Kauboj najavljenoga odlaska<\/p>\n\n\n\n<p>Sa\u0161a Ano\u010di\u0107: Trilogija gubitnika, Disput, Zagreb, 2022.<\/p>\n\n\n\n<p>103&nbsp;&nbsp;&nbsp;&nbsp;&nbsp;&nbsp;&nbsp;&nbsp; Tomislav \u0160ovagovi\u0107<br>Posveta (ne)popustljivim le\u0111ima<\/p>\n\n\n\n<p>Grozdana Cvitan: Trajni sukob s Ne\u010dastivim: Ivo Bre\u0161an, Hrvatsko narodno kazali\u0161te u \u0160ibeniku, 2022.<\/p>\n\n\n\n<hr class=\"wp-block-separator\"\/>\n\n\n\n<p><a href=\"https:\/\/www.matica.hr\/hr\/727\/kazalo-33927\/\">https:\/\/www.matica.hr\/hr\/727\/kazalo-33927\/<\/a><\/p>\n\n\n\n<p><a href=\"https:\/\/www.matica.hr\/hr\/727\/r\/tema-broja\/\">https:\/\/www.matica.hr\/hr\/727\/r\/tema-broja\/<\/a><\/p>\n\n\n\n<p><a href=\"https:\/\/www.matica.hr\/hr\/727\/r\/naslovnica\/\">https:\/\/www.matica.hr\/hr\/727\/r\/naslovnica\/<\/a><\/p>\n\n\n\n<hr class=\"wp-block-separator\"\/>\n","protected":false},"excerpt":{"rendered":"","protected":false},"author":2,"featured_media":33940,"comment_status":"open","ping_status":"open","sticky":false,"template":"","format":"standard","meta":{"_acf_changed":false,"jetpack_post_was_ever_published":false,"_jetpack_newsletter_access":"","_jetpack_dont_email_post_to_subs":false,"_jetpack_newsletter_tier_id":0,"_jetpack_memberships_contains_paywalled_content":false,"_jetpack_memberships_contains_paid_content":false,"footnotes":"","jetpack_publicize_message":"","jetpack_publicize_feature_enabled":true,"jetpack_social_post_already_shared":true,"jetpack_social_options":{"image_generator_settings":{"template":"highway","default_image_id":0,"font":"","enabled":false},"version":2}},"categories":[21,3],"tags":[],"class_list":["post-33939","post","type-post","status-publish","format-standard","has-post-thumbnail","hentry","category-casopisi","category-novosti"],"acf":{"facebook_opis":""},"jetpack_publicize_connections":[],"jetpack_featured_media_url":"https:\/\/i0.wp.com\/historiografija.hr\/wp-content\/uploads\/2022\/12\/HR-2022-3.jpg?fit=300%2C410&ssl=1","jetpack_sharing_enabled":true,"jetpack-related-posts":[],"_links":{"self":[{"href":"https:\/\/historiografija.hr\/index.php?rest_route=\/wp\/v2\/posts\/33939","targetHints":{"allow":["GET"]}}],"collection":[{"href":"https:\/\/historiografija.hr\/index.php?rest_route=\/wp\/v2\/posts"}],"about":[{"href":"https:\/\/historiografija.hr\/index.php?rest_route=\/wp\/v2\/types\/post"}],"author":[{"embeddable":true,"href":"https:\/\/historiografija.hr\/index.php?rest_route=\/wp\/v2\/users\/2"}],"replies":[{"embeddable":true,"href":"https:\/\/historiografija.hr\/index.php?rest_route=%2Fwp%2Fv2%2Fcomments&post=33939"}],"version-history":[{"count":2,"href":"https:\/\/historiografija.hr\/index.php?rest_route=\/wp\/v2\/posts\/33939\/revisions"}],"predecessor-version":[{"id":33942,"href":"https:\/\/historiografija.hr\/index.php?rest_route=\/wp\/v2\/posts\/33939\/revisions\/33942"}],"wp:featuredmedia":[{"embeddable":true,"href":"https:\/\/historiografija.hr\/index.php?rest_route=\/wp\/v2\/media\/33940"}],"wp:attachment":[{"href":"https:\/\/historiografija.hr\/index.php?rest_route=%2Fwp%2Fv2%2Fmedia&parent=33939"}],"wp:term":[{"taxonomy":"category","embeddable":true,"href":"https:\/\/historiografija.hr\/index.php?rest_route=%2Fwp%2Fv2%2Fcategories&post=33939"},{"taxonomy":"post_tag","embeddable":true,"href":"https:\/\/historiografija.hr\/index.php?rest_route=%2Fwp%2Fv2%2Ftags&post=33939"}],"curies":[{"name":"wp","href":"https:\/\/api.w.org\/{rel}","templated":true}]}}