{"id":33937,"date":"2022-12-27T09:24:27","date_gmt":"2022-12-27T09:24:27","guid":{"rendered":"http:\/\/historiografija.hr\/?p=33937"},"modified":"2022-12-27T09:24:27","modified_gmt":"2022-12-27T09:24:27","slug":"emisija-povijesne-kontroverze-paleoradiologija-crkvenih-riznica","status":"publish","type":"post","link":"https:\/\/historiografija.hr\/?p=33937","title":{"rendered":"Emisija \u201cPovijesne kontroverze\u201d: Paleoradiologija crkvenih riznica"},"content":{"rendered":"\n<p>U \u201cPovijesnim kontroverzama\u201d u utorak, 27. prosinca 2022. u 15.05 sati na Tre\u0107em programu Hrvatskog radija o doprinosu paleoradiologije crkvenoj povijesti govori Mislav \u010cavka.<\/p>\n\n\n\n<hr class=\"wp-block-separator\"\/>\n\n\n\n<p>HRT &#8211; HR3&nbsp;27.12.2022.&nbsp;15:05 &#8211; 16:00<\/p>\n\n\n\n<p><strong>Povijesne kontroverze<\/strong><\/p>\n\n\n\n<p>Dana 2. prosinca 2022. na Hrvatskom katoli\u010dkom sveu\u010dili\u0161tu u Zagrebu organiziran je me\u0111unarodni simpozij o paleoradiologiji crkvenih riznica na kojoj je izlaganjima sudjelovalo petero stru\u010dnjaka i znanstvenika: mons. Nedjeljko Pintari\u0107, dr. Katherine D. Van Schaik, dr. Fabio Cavalli, dr. Fabrice Dedouit i dr. Mislav \u010cavka. O tom znanstvenom simpoziju i o tome kako pristupiti istra\u017eivanju crkvenih relikvija i crkvenih riznica, koliko paleoradiologija mo\u017ee doprinijeti poznavanju crkvene povijesti i \u0161to su nam o svemu tome otkrila najnovija paleoradiolo\u0161ka istra\u017eivanja saznat \u0107emo u razgovoru s dr. sc. Mislavom \u010cavkom sa Sveu\u010dili\u0161nog klini\u010dkog bolni\u010dkog centra Zagreb.<\/p>\n\n\n\n<p><a href=\"http:\/\/raspored.hrt.hr\/\">http:\/\/raspored.hrt.hr\/<\/a><\/p>\n\n\n\n<p><a href=\"https:\/\/radio.hrt.hr\/slusaonica\/povijesne-kontroverze\">https:\/\/radio.hrt.hr\/slusaonica\/povijesne-kontroverze<\/a><\/p>\n\n\n\n<hr class=\"wp-block-separator\"\/>\n","protected":false},"excerpt":{"rendered":"","protected":false},"author":2,"featured_media":28920,"comment_status":"open","ping_status":"open","sticky":false,"template":"","format":"standard","meta":{"_acf_changed":false,"_jetpack_newsletter_access":"","_jetpack_dont_email_post_to_subs":false,"_jetpack_newsletter_tier_id":0,"_jetpack_memberships_contains_paywalled_content":false,"_jetpack_memberships_contains_paid_content":false,"footnotes":"","jetpack_publicize_message":"","jetpack_publicize_feature_enabled":true,"jetpack_social_post_already_shared":true,"jetpack_social_options":{"image_generator_settings":{"template":"highway","default_image_id":0,"font":"","enabled":false},"version":2},"jetpack_post_was_ever_published":false},"categories":[3],"tags":[],"class_list":["post-33937","post","type-post","status-publish","format-standard","has-post-thumbnail","hentry","category-novosti"],"acf":{"facebook_opis":""},"jetpack_publicize_connections":[],"jetpack_featured_media_url":"https:\/\/i0.wp.com\/historiografija.hr\/wp-content\/uploads\/2021\/12\/povijesne-kontroverze.jpg?fit=1920%2C1080&ssl=1","jetpack_sharing_enabled":true,"jetpack-related-posts":[{"id":53249,"url":"https:\/\/historiografija.hr\/?p=53249","url_meta":{"origin":33937,"position":0},"title":"30 godina Podru\u017enice \u2013 Javno predavanje dr. sc. Stanka Andri\u0107a: \u201eCRKVENI REDOVI U SLAVONIJI, SRIJEMU I BARANJI U SREDNJEM VIJEKU\u201c","author":"Branimir Jankovi\u0107","date":"14. svibnja 2026.","format":false,"excerpt":"U 2026. navr\u0161ava se trideset godina od osnutka Podru\u017enice za povijest Slavonije, Srijema i Baranje Hrvatskog instituta za povijest. Obilje\u017eavanje ove zna\u010dajne obljetnice zapo\u010dinje ciklusom javnih povijesnih predavanja znanstvenika Instituta.\u00a0 \u010cetvrto po redu je\u00a0predavanje\u00a0dr. sc. Stanka Andri\u0107a\u00a0\u2013 \u201eCRKVENI REDOVI U SLAVONIJI, SRIJEMU I BARANJI U SREDNJEM VIJEKU\u201c. Predavanje\u00a0je odr\u017eano\u00a013. svibnja\u2026","rel":"","context":"U &quot;Novosti&quot;","block_context":{"text":"Novosti","link":"https:\/\/historiografija.hr\/?cat=3"},"img":{"alt_text":"","src":"https:\/\/i0.wp.com\/historiografija.hr\/wp-content\/uploads\/2026\/05\/Andric.jpg?fit=960%2C512&ssl=1&resize=350%2C200","width":350,"height":200,"srcset":"https:\/\/i0.wp.com\/historiografija.hr\/wp-content\/uploads\/2026\/05\/Andric.jpg?fit=960%2C512&ssl=1&resize=350%2C200 1x, https:\/\/i0.wp.com\/historiografija.hr\/wp-content\/uploads\/2026\/05\/Andric.jpg?fit=960%2C512&ssl=1&resize=525%2C300 1.5x, https:\/\/i0.wp.com\/historiografija.hr\/wp-content\/uploads\/2026\/05\/Andric.jpg?fit=960%2C512&ssl=1&resize=700%2C400 2x"},"classes":[]},{"id":53957,"url":"https:\/\/historiografija.hr\/?p=53957","url_meta":{"origin":33937,"position":1},"title":"Znanost u \u017eari\u0161tu: Predavanje dr. sc. Grozdane Franov-\u017divkovi\u0107 &#8220;Glagoljska i hrvatsko\u0107irili\u010dna vrela kao izvor za prou\u010davanje povijesti zadarskoga podru\u010dja&#8221;","author":"Branimir Jankovi\u0107","date":"9. lipnja 2026.","format":false,"excerpt":"Hrvatska akademija znanosti i umjetnosti organizira ciklus predavanja Znanost u \u017eari\u0161tu kojima je cilj na zanimljiv i pristupa\u010dan na\u010din predstaviti rezultate istra\u017eivanja njenih znanstveno-istra\u017eiva\u010dkih i muzejsko-galerijskih jedinica, a koji su jedinstveni u Hrvatskoj. U\u00a0srijedu 10. lipnja 2026. u 13 sati u Knji\u017enici HAZU u Zagrebu, Strossmayerov trg 14,\u00a0predavanje\u00a0Glagoljska i hrvatsko\u0107irili\u010dna\u2026","rel":"","context":"U &quot;Novosti&quot;","block_context":{"text":"Novosti","link":"https:\/\/historiografija.hr\/?cat=3"},"img":{"alt_text":"","src":"https:\/\/i0.wp.com\/historiografija.hr\/wp-content\/uploads\/2026\/06\/sicu_zadar_pasmanski_brevijar15st.jpg?fit=800%2C449&ssl=1&resize=350%2C200","width":350,"height":200,"srcset":"https:\/\/i0.wp.com\/historiografija.hr\/wp-content\/uploads\/2026\/06\/sicu_zadar_pasmanski_brevijar15st.jpg?fit=800%2C449&ssl=1&resize=350%2C200 1x, https:\/\/i0.wp.com\/historiografija.hr\/wp-content\/uploads\/2026\/06\/sicu_zadar_pasmanski_brevijar15st.jpg?fit=800%2C449&ssl=1&resize=525%2C300 1.5x, https:\/\/i0.wp.com\/historiografija.hr\/wp-content\/uploads\/2026\/06\/sicu_zadar_pasmanski_brevijar15st.jpg?fit=800%2C449&ssl=1&resize=700%2C400 2x"},"classes":[]},{"id":52646,"url":"https:\/\/historiografija.hr\/?p=52646","url_meta":{"origin":33937,"position":2},"title":"5. MALI FESTIVAL POVIJESTI U LASTOVU","author":"Branimir Jankovi\u0107","date":"24. travnja 2026.","format":false,"excerpt":"Peti Mali festival povijesti odr\u017eava se od 25. do 27. travnja 2026. na Lastovu, u suradnji Zavoda za povijesne znanosti HAZU u Dubrovniku, Op\u0107ine Lastovo i Turisti\u010dke zajednice te uz potporu Dubrova\u010dko-neretvanske \u017eupanije. Predavanja: Dr. sc. Jasna \u010capo \u201eKu\u0107a kao zalog budu\u0107nosti i most izme\u0111u iseljenika i domovine\u201c Dr. sc.\u2026","rel":"","context":"U &quot;Novosti&quot;","block_context":{"text":"Novosti","link":"https:\/\/historiografija.hr\/?cat=3"},"img":{"alt_text":"","src":"https:\/\/i0.wp.com\/historiografija.hr\/wp-content\/uploads\/2026\/04\/Lastovo.jpg?fit=1200%2C700&ssl=1&resize=350%2C200","width":350,"height":200,"srcset":"https:\/\/i0.wp.com\/historiografija.hr\/wp-content\/uploads\/2026\/04\/Lastovo.jpg?fit=1200%2C700&ssl=1&resize=350%2C200 1x, https:\/\/i0.wp.com\/historiografija.hr\/wp-content\/uploads\/2026\/04\/Lastovo.jpg?fit=1200%2C700&ssl=1&resize=525%2C300 1.5x, https:\/\/i0.wp.com\/historiografija.hr\/wp-content\/uploads\/2026\/04\/Lastovo.jpg?fit=1200%2C700&ssl=1&resize=700%2C400 2x, https:\/\/i0.wp.com\/historiografija.hr\/wp-content\/uploads\/2026\/04\/Lastovo.jpg?fit=1200%2C700&ssl=1&resize=1050%2C600 3x"},"classes":[]},{"id":51886,"url":"https:\/\/historiografija.hr\/?p=51886","url_meta":{"origin":33937,"position":3},"title":"Armina Galija\u0161, \u201eBanja Luka u ratu. Etnopolitika i svakodnevica (1990\u20131995)\u201c","author":"Branimir Jankovi\u0107","date":"13. o\u017eujka 2026.","format":false,"excerpt":"Akademska knjiga iz Novog Sada je objavila knjigu Armine Galija\u0161 Banja Luka u ratu. Etnopolitika i svakodnevica (1990\u20131995) (s njema\u010dkog preveo: Mi\u0161o Kapetanovi\u0107) U opisu se navodi: \u201eU ratnoj Banjoj Luci 1990\u20131995, etnopolitika srpskih vlasti preoblikovala je demografiju, svakodnevicu, identitet i urbanu strukturu grada. Autorka precizno prati nastanak i nametanje\u2026","rel":"","context":"U &quot;Knjige&quot;","block_context":{"text":"Knjige","link":"https:\/\/historiografija.hr\/?cat=8"},"img":{"alt_text":"","src":"https:\/\/i0.wp.com\/historiografija.hr\/wp-content\/uploads\/2026\/03\/Banjaluka-u-ratu.webp?fit=600%2C900&ssl=1&resize=350%2C200","width":350,"height":200,"srcset":"https:\/\/i0.wp.com\/historiografija.hr\/wp-content\/uploads\/2026\/03\/Banjaluka-u-ratu.webp?fit=600%2C900&ssl=1&resize=350%2C200 1x, https:\/\/i0.wp.com\/historiografija.hr\/wp-content\/uploads\/2026\/03\/Banjaluka-u-ratu.webp?fit=600%2C900&ssl=1&resize=525%2C300 1.5x"},"classes":[]},{"id":54550,"url":"https:\/\/historiografija.hr\/?p=54550","url_meta":{"origin":33937,"position":4},"title":"Mislav Gabelica, &#8220;SVE\u0106ENIK I POLITI\u010cAR JURAJ TOMAC (1866. \u2013 1930.)&#8221;","author":"Branimir Jankovi\u0107","date":"10. srpnja 2026.","format":false,"excerpt":"Kao 53. knjiga Biblioteke STUDIJE Instituta dru\u0161tvenih znanosti Ivo Pilar objavljena je studija dr. sc. Mislava Gabelice SVE\u0106ENIK I POLITI\u010cAR JURAJ TOMAC (1866. \u2013 1930.) Mislav GabelicaSVE\u0106ENIK I POLITI\u010cAR JURAJ TOMAC (1866. \u2013 1930.)Biblioteka Studije. \u2013 Knjiga 53.Institut dru\u0161tvenih znanosti Ivo PilarZagreb, 2026. \u2013 216 str.ISBN 978-953-8404-52-8 Sadr\u017eaj Uvod Obiteljske\u2026","rel":"","context":"U &quot;E-knjige&quot;","block_context":{"text":"E-knjige","link":"https:\/\/historiografija.hr\/?cat=19"},"img":{"alt_text":"","src":"https:\/\/i0.wp.com\/historiografija.hr\/wp-content\/uploads\/2026\/07\/SiPJT_naslovnica.jpg?fit=543%2C497&ssl=1&resize=350%2C200","width":350,"height":200,"srcset":"https:\/\/i0.wp.com\/historiografija.hr\/wp-content\/uploads\/2026\/07\/SiPJT_naslovnica.jpg?fit=543%2C497&ssl=1&resize=350%2C200 1x, https:\/\/i0.wp.com\/historiografija.hr\/wp-content\/uploads\/2026\/07\/SiPJT_naslovnica.jpg?fit=543%2C497&ssl=1&resize=525%2C300 1.5x"},"classes":[]},{"id":53705,"url":"https:\/\/historiografija.hr\/?p=53705","url_meta":{"origin":33937,"position":5},"title":"Povjesni\u010dar s Hrvatskog instituta za povijest dobitnik je presti\u017ene Fernand Braudel Senior Fellowship na Europskom sveu\u010dili\u0161nom institutu (EUI) u Firenci","author":"Branimir Jankovi\u0107","date":"25. svibnja 2026.","format":false,"excerpt":"Izme\u0111u listopada i prosinca 2026. dr. sc. Dino Mujad\u017eevi\u0107 iz Podru\u017enice Hrvatskog instituta za povijest u Slavonskom Brodu boravit \u0107e na Odjelu za povijest Europskog sveu\u010dili\u0161nog instituta u Firenci (Department of History\u00a0at the European University Institute, EUI) kao Fernand Braudel Senior Fellow. Ondje \u0107e istra\u017eivati u suradnji s profesorom Giancarlom\u2026","rel":"","context":"U &quot;Novosti&quot;","block_context":{"text":"Novosti","link":"https:\/\/historiografija.hr\/?cat=3"},"img":{"alt_text":"","src":"https:\/\/i0.wp.com\/historiografija.hr\/wp-content\/uploads\/2026\/05\/Snimka-zaslona-Mujadzevic.png?fit=960%2C280&ssl=1&resize=350%2C200","width":350,"height":200,"srcset":"https:\/\/i0.wp.com\/historiografija.hr\/wp-content\/uploads\/2026\/05\/Snimka-zaslona-Mujadzevic.png?fit=960%2C280&ssl=1&resize=350%2C200 1x, https:\/\/i0.wp.com\/historiografija.hr\/wp-content\/uploads\/2026\/05\/Snimka-zaslona-Mujadzevic.png?fit=960%2C280&ssl=1&resize=525%2C300 1.5x, https:\/\/i0.wp.com\/historiografija.hr\/wp-content\/uploads\/2026\/05\/Snimka-zaslona-Mujadzevic.png?fit=960%2C280&ssl=1&resize=700%2C400 2x"},"classes":[]}],"_links":{"self":[{"href":"https:\/\/historiografija.hr\/index.php?rest_route=\/wp\/v2\/posts\/33937","targetHints":{"allow":["GET"]}}],"collection":[{"href":"https:\/\/historiografija.hr\/index.php?rest_route=\/wp\/v2\/posts"}],"about":[{"href":"https:\/\/historiografija.hr\/index.php?rest_route=\/wp\/v2\/types\/post"}],"author":[{"embeddable":true,"href":"https:\/\/historiografija.hr\/index.php?rest_route=\/wp\/v2\/users\/2"}],"replies":[{"embeddable":true,"href":"https:\/\/historiografija.hr\/index.php?rest_route=%2Fwp%2Fv2%2Fcomments&post=33937"}],"version-history":[{"count":1,"href":"https:\/\/historiografija.hr\/index.php?rest_route=\/wp\/v2\/posts\/33937\/revisions"}],"predecessor-version":[{"id":33938,"href":"https:\/\/historiografija.hr\/index.php?rest_route=\/wp\/v2\/posts\/33937\/revisions\/33938"}],"wp:featuredmedia":[{"embeddable":true,"href":"https:\/\/historiografija.hr\/index.php?rest_route=\/wp\/v2\/media\/28920"}],"wp:attachment":[{"href":"https:\/\/historiografija.hr\/index.php?rest_route=%2Fwp%2Fv2%2Fmedia&parent=33937"}],"wp:term":[{"taxonomy":"category","embeddable":true,"href":"https:\/\/historiografija.hr\/index.php?rest_route=%2Fwp%2Fv2%2Fcategories&post=33937"},{"taxonomy":"post_tag","embeddable":true,"href":"https:\/\/historiografija.hr\/index.php?rest_route=%2Fwp%2Fv2%2Ftags&post=33937"}],"curies":[{"name":"wp","href":"https:\/\/api.w.org\/{rel}","templated":true}]}}