{"id":33923,"date":"2022-12-23T22:27:28","date_gmt":"2022-12-23T22:27:28","guid":{"rendered":"http:\/\/historiografija.hr\/?p=33923"},"modified":"2022-12-23T22:27:28","modified_gmt":"2022-12-23T22:27:28","slug":"cfp-mit-koselleck-uber-koselleck-hinaus-perspektiven-zu-einer-begriffsgeschichte-des-20-jahrhunderts","status":"publish","type":"post","link":"https:\/\/historiografija.hr\/?p=33923","title":{"rendered":"CfP: Mit Koselleck \u00fcber Koselleck hinaus. Perspektiven zu einer Begriffsgeschichte des 20. Jahrhunderts"},"content":{"rendered":"\n<p><strong>Tagung, 12.\u201313. Oktober 2023, Leibniz-Zentrum f\u00fcr Literatur- und Kulturforschung (ZfL)<br>Organisation: <\/strong><a href=\"https:\/\/www.zfl-berlin.org\/person\/schmieder.html\">Falko Schmieder<\/a><\/p>\n\n\n\n<p>Den 100. Geburtstag des Begriffshistorikers Reinhart Koselleck wollen wir zum Anlass nehmen, um Aktualit\u00e4t und Grenzen des in den <em>Geschichtlichen Grundbegriffen<\/em> verfolgten Ansatzes einer sozialhistorischen Begriffsgeschichte zu bestimmen und die Konturen und Perspektiven einer \u203apostkoselleckianischen\u2039 Begriffsgeschichte auszuloten. Die Historisierung von Kosellecks methodischen Kategorien und Denkfiguren soll verbunden werden mit Fragen nach der Reichweite der klassischen Grundbegriffe, nach den semantischen Umbr\u00fcchen und Z\u00e4suren im 20. Jahrhundert, nach neuen Grundbegriffen und Begriffstypen sowie neuen heuristischen Leitkategorien, die zu deren Analyse dienlich sein k\u00f6nnen. Mit Blick auf Kosellecks Ansatz zu einer Theorie historischer Zeiten k\u00f6nnen auch die temporalen Dimensionen neuerer Leitbegriffe untersucht werden. Dabei soll auch an j\u00fcngere Beitr\u00e4ge angekn\u00fcpft werden, die f\u00fcr eine entschiedene \u00d6ffnung und Weiterung der Begriffsgeschichte hin zu einer historischen Semantik pl\u00e4dieren. Fragestellungen, die hier verfolgt werden k\u00f6nnen, sind etwa die nach dem Einbezug ikonischer Semantiken, der neuen Medien oder der Geschichte von Gef\u00fchlen, nach der Internationalisierung oder Globalisierung der Begriffsgeschichte, der Bedeutung von Transfers und \u00dcbersetzungen etc. Besonders erw\u00fcnscht sind Beitr\u00e4ge, die methodische \u00dcberlegungen anhand konkreter praktischer Erfahrungen und Materialien zu einer Begriffsgeschichte des 20. und 21. Jahrhunderts entwickeln.<\/p>\n\n\n\n<p>Bitte schicken Sie uns bei Interesse an einem 30-min\u00fctigen Vortrag bis zum <strong>31. Dezember 2022<\/strong> ein Expos\u00e9 im Umfang von max. einer Seite an folgende Adresse: Falko Schmieder, <a href=\"mailto:schmieder@zfl-berlin.org\">schmieder@zfl-berlin.org<\/a>.<\/p>\n\n\n\n<p>Die Reise- und Unterkunftskosten f\u00fcr die ausgew\u00e4hlten Referent*innen werden vom Veranstalter \u00fcbernommen.<\/p>\n\n\n\n<hr class=\"wp-block-separator\"\/>\n\n\n\n<p><a href=\"https:\/\/www.zfl-berlin.org\/meldungen-detail\/items\/call-for-papers-mit-koselleck-ueber-koselleck-hinaus.html\">https:\/\/www.zfl-berlin.org\/meldungen-detail\/items\/call-for-papers-mit-koselleck-ueber-koselleck-hinaus.html<\/a><\/p>\n\n\n\n<hr class=\"wp-block-separator\"\/>\n","protected":false},"excerpt":{"rendered":"","protected":false},"author":2,"featured_media":17422,"comment_status":"open","ping_status":"open","sticky":false,"template":"","format":"standard","meta":{"_acf_changed":false,"jetpack_post_was_ever_published":false,"_jetpack_newsletter_access":"","_jetpack_dont_email_post_to_subs":false,"_jetpack_newsletter_tier_id":0,"_jetpack_memberships_contains_paywalled_content":false,"_jetpack_memberships_contains_paid_content":false,"footnotes":"","jetpack_publicize_message":"","jetpack_publicize_feature_enabled":true,"jetpack_social_post_already_shared":true,"jetpack_social_options":{"image_generator_settings":{"template":"highway","default_image_id":0,"font":"","enabled":false},"version":2}},"categories":[3,9],"tags":[],"class_list":["post-33923","post","type-post","status-publish","format-standard","has-post-thumbnail","hentry","category-novosti","category-skupovi"],"acf":{"facebook_opis":""},"jetpack_publicize_connections":[],"jetpack_featured_media_url":"https:\/\/i0.wp.com\/historiografija.hr\/wp-content\/uploads\/2019\/11\/Koselleck.jpg?fit=400%2C286&ssl=1","jetpack_sharing_enabled":true,"jetpack-related-posts":[],"_links":{"self":[{"href":"https:\/\/historiografija.hr\/index.php?rest_route=\/wp\/v2\/posts\/33923","targetHints":{"allow":["GET"]}}],"collection":[{"href":"https:\/\/historiografija.hr\/index.php?rest_route=\/wp\/v2\/posts"}],"about":[{"href":"https:\/\/historiografija.hr\/index.php?rest_route=\/wp\/v2\/types\/post"}],"author":[{"embeddable":true,"href":"https:\/\/historiografija.hr\/index.php?rest_route=\/wp\/v2\/users\/2"}],"replies":[{"embeddable":true,"href":"https:\/\/historiografija.hr\/index.php?rest_route=%2Fwp%2Fv2%2Fcomments&post=33923"}],"version-history":[{"count":1,"href":"https:\/\/historiografija.hr\/index.php?rest_route=\/wp\/v2\/posts\/33923\/revisions"}],"predecessor-version":[{"id":33924,"href":"https:\/\/historiografija.hr\/index.php?rest_route=\/wp\/v2\/posts\/33923\/revisions\/33924"}],"wp:featuredmedia":[{"embeddable":true,"href":"https:\/\/historiografija.hr\/index.php?rest_route=\/wp\/v2\/media\/17422"}],"wp:attachment":[{"href":"https:\/\/historiografija.hr\/index.php?rest_route=%2Fwp%2Fv2%2Fmedia&parent=33923"}],"wp:term":[{"taxonomy":"category","embeddable":true,"href":"https:\/\/historiografija.hr\/index.php?rest_route=%2Fwp%2Fv2%2Fcategories&post=33923"},{"taxonomy":"post_tag","embeddable":true,"href":"https:\/\/historiografija.hr\/index.php?rest_route=%2Fwp%2Fv2%2Ftags&post=33923"}],"curies":[{"name":"wp","href":"https:\/\/api.w.org\/{rel}","templated":true}]}}