{"id":33917,"date":"2022-12-22T22:23:50","date_gmt":"2022-12-22T22:23:50","guid":{"rendered":"http:\/\/historiografija.hr\/?p=33917"},"modified":"2022-12-22T22:26:02","modified_gmt":"2022-12-22T22:26:02","slug":"izlozba-pazi-snajper-u-beogradu","status":"publish","type":"post","link":"https:\/\/historiografija.hr\/?p=33917","title":{"rendered":"Izlo\u017eba \u201ePazi, snajper!\u201c u Beogradu"},"content":{"rendered":"\n<p>U galeriji \u201eEnd\u017eio HAB\u201c u Beogradu bila je od 13. do 22. prosinca 2022. otvorena izlo\u017eba \u201ePazi, snajper!\u201c koja govori o djelovanju snajperista tijekom opsade Sarajeva 1992-1995. godine. Osim na izlo\u017ebu, tom prilikom upu\u0107ujemo i na polemi\u010dki tekst Edina Omer\u010di\u0107a \u201ePazi izlo\u017eba!\u201c objavljen na portalu Historiografija.ba.<\/p>\n\n\n\n<hr class=\"wp-block-separator\"\/>\n\n\n\n<p><strong>O izlo\u017ebi:<\/strong><\/p>\n\n\n\n<p><a href=\"https:\/\/www.danas.rs\/vesti\/drustvo\/izlozba-pazi-snajper-o-opsadi-sarajeva-veceras-u-galeriji-endzio-hab\/\">https:\/\/www.danas.rs\/vesti\/drustvo\/izlozba-pazi-snajper-o-opsadi-sarajeva-veceras-u-galeriji-endzio-hab\/<\/a><\/p>\n\n\n\n<p><a href=\"https:\/\/balkans.aljazeera.net\/teme\/2022\/12\/20\/paul-lowe-izlozba-pazi-snajper-edukuje-beogradjane-o-ratnim-desavanjima-u-bih\">https:\/\/balkans.aljazeera.net\/teme\/2022\/12\/20\/paul-lowe-izlozba-pazi-snajper-edukuje-beogradjane-o-ratnim-desavanjima-u-bih<\/a><\/p>\n\n\n\n<hr class=\"wp-block-separator\"\/>\n\n\n\n<p>Edin Omer\u010di\u0107<\/p>\n\n\n\n<p><strong>Pazi izlo\u017eba!<\/strong><\/p>\n\n\n\n<p><a href=\"https:\/\/historiografija.ba\/article.php?id=1596\">https:\/\/historiografija.ba\/article.php?id=1596<\/a><\/p>\n\n\n\n<hr class=\"wp-block-separator\"\/>\n","protected":false},"excerpt":{"rendered":"","protected":false},"author":2,"featured_media":33918,"comment_status":"open","ping_status":"open","sticky":false,"template":"","format":"standard","meta":{"_acf_changed":false,"jetpack_post_was_ever_published":false,"_jetpack_newsletter_access":"","_jetpack_dont_email_post_to_subs":false,"_jetpack_newsletter_tier_id":0,"_jetpack_memberships_contains_paywalled_content":false,"_jetpack_memberships_contains_paid_content":false,"footnotes":"","jetpack_publicize_message":"","jetpack_publicize_feature_enabled":true,"jetpack_social_post_already_shared":true,"jetpack_social_options":{"image_generator_settings":{"template":"highway","default_image_id":0,"font":"","enabled":false},"version":2}},"categories":[10,3],"tags":[],"class_list":["post-33917","post","type-post","status-publish","format-standard","has-post-thumbnail","hentry","category-izlozbe","category-novosti"],"acf":{"facebook_opis":""},"jetpack_publicize_connections":[],"jetpack_featured_media_url":"https:\/\/i0.wp.com\/historiografija.hr\/wp-content\/uploads\/2022\/12\/Pazi_snajper.png?fit=555%2C361&ssl=1","jetpack_sharing_enabled":true,"jetpack-related-posts":[],"_links":{"self":[{"href":"https:\/\/historiografija.hr\/index.php?rest_route=\/wp\/v2\/posts\/33917","targetHints":{"allow":["GET"]}}],"collection":[{"href":"https:\/\/historiografija.hr\/index.php?rest_route=\/wp\/v2\/posts"}],"about":[{"href":"https:\/\/historiografija.hr\/index.php?rest_route=\/wp\/v2\/types\/post"}],"author":[{"embeddable":true,"href":"https:\/\/historiografija.hr\/index.php?rest_route=\/wp\/v2\/users\/2"}],"replies":[{"embeddable":true,"href":"https:\/\/historiografija.hr\/index.php?rest_route=%2Fwp%2Fv2%2Fcomments&post=33917"}],"version-history":[{"count":2,"href":"https:\/\/historiografija.hr\/index.php?rest_route=\/wp\/v2\/posts\/33917\/revisions"}],"predecessor-version":[{"id":33920,"href":"https:\/\/historiografija.hr\/index.php?rest_route=\/wp\/v2\/posts\/33917\/revisions\/33920"}],"wp:featuredmedia":[{"embeddable":true,"href":"https:\/\/historiografija.hr\/index.php?rest_route=\/wp\/v2\/media\/33918"}],"wp:attachment":[{"href":"https:\/\/historiografija.hr\/index.php?rest_route=%2Fwp%2Fv2%2Fmedia&parent=33917"}],"wp:term":[{"taxonomy":"category","embeddable":true,"href":"https:\/\/historiografija.hr\/index.php?rest_route=%2Fwp%2Fv2%2Fcategories&post=33917"},{"taxonomy":"post_tag","embeddable":true,"href":"https:\/\/historiografija.hr\/index.php?rest_route=%2Fwp%2Fv2%2Ftags&post=33917"}],"curies":[{"name":"wp","href":"https:\/\/api.w.org\/{rel}","templated":true}]}}