{"id":33910,"date":"2022-12-22T21:10:13","date_gmt":"2022-12-22T21:10:13","guid":{"rendered":"http:\/\/historiografija.hr\/?p=33910"},"modified":"2022-12-22T21:10:13","modified_gmt":"2022-12-22T21:10:13","slug":"istorija-mentaliteta","status":"publish","type":"post","link":"https:\/\/historiografija.hr\/?p=33910","title":{"rendered":"ISTORIJA MENTALITETA"},"content":{"rendered":"\n<p>\u017dor\u017e Dibi, \u017dak Le Gof, Filip Arijes, Rober Mandru, Ro\u017ee \u0160artije<\/p>\n\n\n\n<hr class=\"wp-block-separator\"\/>\n\n\n\n<p>Priredio Dejan Ani\u010di\u0107<\/p>\n\n\n\n<p>Prevod: Veljko Stani\u0107 et al.<\/p>\n\n\n\n<p>Napomene, bibliografije, indeks imena<\/p>\n\n\n\n<p>Broj strana: 144<\/p>\n\n\n\n<p>Godina izdanja: 2022.<\/p>\n\n\n\n<hr class=\"wp-block-separator\"\/>\n\n\n\n<p>\u201eIstorija mentaliteta obavezuje istori\u010dara da se pobli\u017ee zainteresuje za nekoliko su\u0161tinskih fenomena u svojoj oblasti: za nasle\u0111e \u010dije prou\u010davanje nam govori o kontinuitetu, gubicima, raskidima (otkuda, od koga i otkad dolazi ta mentalna navika, taj izraz ili gest?), za tradiciju, tj. na\u010dine kako se u mentalnom smislu dru\u0161tva reprodukuju, za razila\u017eenja, proizvod duhovnog ka\u0161njenja u procesu prilago\u0111avanja promenama i nejednake brzine razvoja razli\u010ditih segmenata istorije. To je povla\u0161\u0107eno polje analize za kritiku linearnih koncepcija istorijskog razvoja. Tu je, zatim, inercija, osnovna istorijska snaga, koja je vi\u0161e proizvod duha nego materije, jer je materija \u010desto \u017eivlja od duha. Ljudi se slu\u017ee ma\u0161inama koje su izmislili \u010duvaju\u0107i mentalitet ljudi iz vremena koje prethodi tim ma\u0161inama. Voza\u010di automobila zadr\u017eavaju re\u010dnik jaha\u010da, radnici u fabrikama XIX veka mentalitet seljaka iz vremena svojih o\u010deva i deda. Mentalitet je ono \u0161to se najsporije menja. Istorija mentaliteta je istorija sporosti u pro\u0161losti.\u201c<\/p>\n\n\n\n<hr class=\"wp-block-separator\"\/>\n\n\n\n<p>Izvor:<\/p>\n\n\n\n<figure class=\"wp-block-embed-wordpress wp-block-embed is-type-wp-embed is-provider-karpos\"><div class=\"wp-block-embed__wrapper\">\n<blockquote class=\"wp-embedded-content\" data-secret=\"E3ntdWj4lo\"><a href=\"http:\/\/karposbooks.rs\/shop\/novo\/istorija-mentalitetazorz-dibi-zak-le-gof-filip-arijes-rober-mandru-roze-sartijepriredio-dejan-anicic\/\">ISTORIJA MENTALITETA\u017dor\u017e Dibi, \u017dak Le Gof, Filip Arijes, Rober Mandru, Ro\u017ee \u0160artijePriredio Dejan Ani\u010di\u0107<\/a><\/blockquote><iframe loading=\"lazy\" class=\"wp-embedded-content\" sandbox=\"allow-scripts\" security=\"restricted\" style=\"position: absolute; clip: rect(1px, 1px, 1px, 1px);\" title=\"&#132;ISTORIJA MENTALITETA&lt;br&gt;\u017dor\u017e Dibi, \u017dak Le Gof, Filip Arijes, Rober Mandru, Ro\u017ee \u0160artije&lt;br&gt;Priredio Dejan Ani\u010di\u0107&#147; \u2014 Karpos\" src=\"http:\/\/karposbooks.rs\/shop\/novo\/istorija-mentalitetazorz-dibi-zak-le-gof-filip-arijes-rober-mandru-roze-sartijepriredio-dejan-anicic\/embed\/#?secret=E3ntdWj4lo\" data-secret=\"E3ntdWj4lo\" width=\"600\" height=\"338\" frameborder=\"0\" marginwidth=\"0\" marginheight=\"0\" scrolling=\"no\"><\/iframe>\n<\/div><\/figure>\n\n\n\n<hr class=\"wp-block-separator\"\/>\n\n\n\n<p>Iz medija:<\/p>\n\n\n\n<p><a href=\"https:\/\/www.rts.rs\/page\/radio\/sr\/story\/1466\/radio-beograd-3\/4762113\/zorz-dibi-mentaliteti.html\">https:\/\/www.rts.rs\/page\/radio\/sr\/story\/1466\/radio-beograd-3\/4762113\/zorz-dibi-mentaliteti.html<\/a><\/p>\n\n\n\n<hr class=\"wp-block-separator\"\/>\n","protected":false},"excerpt":{"rendered":"","protected":false},"author":2,"featured_media":33911,"comment_status":"open","ping_status":"open","sticky":false,"template":"","format":"standard","meta":{"_acf_changed":false,"jetpack_post_was_ever_published":false,"_jetpack_newsletter_access":"","_jetpack_dont_email_post_to_subs":false,"_jetpack_newsletter_tier_id":0,"_jetpack_memberships_contains_paywalled_content":false,"_jetpack_memberships_contains_paid_content":false,"footnotes":"","jetpack_publicize_message":"","jetpack_publicize_feature_enabled":true,"jetpack_social_post_already_shared":true,"jetpack_social_options":{"image_generator_settings":{"template":"highway","default_image_id":0,"font":"","enabled":false},"version":2}},"categories":[8,3],"tags":[],"class_list":["post-33910","post","type-post","status-publish","format-standard","has-post-thumbnail","hentry","category-knjige","category-novosti"],"acf":{"facebook_opis":""},"jetpack_publicize_connections":[],"jetpack_featured_media_url":"https:\/\/i0.wp.com\/historiografija.hr\/wp-content\/uploads\/2022\/12\/Istorija_mentaliteta.jpg?fit=189%2C267&ssl=1","jetpack_sharing_enabled":true,"jetpack-related-posts":[],"_links":{"self":[{"href":"https:\/\/historiografija.hr\/index.php?rest_route=\/wp\/v2\/posts\/33910","targetHints":{"allow":["GET"]}}],"collection":[{"href":"https:\/\/historiografija.hr\/index.php?rest_route=\/wp\/v2\/posts"}],"about":[{"href":"https:\/\/historiografija.hr\/index.php?rest_route=\/wp\/v2\/types\/post"}],"author":[{"embeddable":true,"href":"https:\/\/historiografija.hr\/index.php?rest_route=\/wp\/v2\/users\/2"}],"replies":[{"embeddable":true,"href":"https:\/\/historiografija.hr\/index.php?rest_route=%2Fwp%2Fv2%2Fcomments&post=33910"}],"version-history":[{"count":1,"href":"https:\/\/historiografija.hr\/index.php?rest_route=\/wp\/v2\/posts\/33910\/revisions"}],"predecessor-version":[{"id":33912,"href":"https:\/\/historiografija.hr\/index.php?rest_route=\/wp\/v2\/posts\/33910\/revisions\/33912"}],"wp:featuredmedia":[{"embeddable":true,"href":"https:\/\/historiografija.hr\/index.php?rest_route=\/wp\/v2\/media\/33911"}],"wp:attachment":[{"href":"https:\/\/historiografija.hr\/index.php?rest_route=%2Fwp%2Fv2%2Fmedia&parent=33910"}],"wp:term":[{"taxonomy":"category","embeddable":true,"href":"https:\/\/historiografija.hr\/index.php?rest_route=%2Fwp%2Fv2%2Fcategories&post=33910"},{"taxonomy":"post_tag","embeddable":true,"href":"https:\/\/historiografija.hr\/index.php?rest_route=%2Fwp%2Fv2%2Ftags&post=33910"}],"curies":[{"name":"wp","href":"https:\/\/api.w.org\/{rel}","templated":true}]}}