{"id":33907,"date":"2022-12-22T20:43:52","date_gmt":"2022-12-22T20:43:52","guid":{"rendered":"http:\/\/historiografija.hr\/?p=33907"},"modified":"2022-12-22T20:43:52","modified_gmt":"2022-12-22T20:43:52","slug":"odrzan-medunarodni-znanstveni-skup-intelektualna-povijest-i-hrvatska-historiografija-stanje-i-perspektive","status":"publish","type":"post","link":"https:\/\/historiografija.hr\/?p=33907","title":{"rendered":"Odr\u017ean me\u0111unarodni znanstveni skup \u201eIntelektualna povijest i hrvatska historiografija: stanje i perspektive\u201c"},"content":{"rendered":"\n<p>Na Fakultetu hrvatskih studija odr\u017ean je u \u010detvrtak, 15. prosinca 2022., me\u0111unarodni znanstveni skup \u201eIntelektualna povijest i hrvatska historiografija: stanje i perspektive\u201c s po\u010detkom u 9.15 h u dvorani Pula te je zaklju\u010den u 19.15 h. Ovaj znanstveni skup organizirao je Odsjek za povijest Fakulteta hrvatskih studija u suradnji sa Znanstvenim zavodom Fakulteta hrvatskih studija, a rezultat je istoimenog projekta kao dijela institucionalne znanstvene djelatnosti.<\/p>\n\n\n\n<p>Sudjelovalo je ukupno 22 izlaga\u010da s 20 izlaganja. Izlaganja su bila podijeljena u nekoliko kategorija:<\/p>\n\n\n\n<ol class=\"wp-block-list\" type=\"1\"><li>historiografija,<\/li><li>metodologija,<\/li><li>epoha,<\/li><li>intelektualac.<\/li><\/ol>\n\n\n\n<p>Na samom po\u010detku skupa odr\u017eana su dva keynote predavanja. Prvo je odr\u017eao Richard Whatmore s Instituta za intelekualnu povijest Sveu\u010dili\u0161ta St Andrews pod nazivom \u201eIs There a Future for the Cambridge School of Intellectual History?\u201c, a drugo James M Robertson sa Sve\u010dili\u0161ta u Kaliforniji Irvine: \u201eMediating Spaces: On the Scales of Yugoslav Socialist Thought\u201c.<\/p>\n\n\n\n<p>Uz izlaga\u010de s Fakulteta hrvatskih studija (Odsjek za povijest, Znanstveni zavod, Odsjek za filozofiju, poslijediplomski doktorski studij povijesti), izlaganja su imali znanstvenici, doktorandi i diplomandi s Filozofskog fakulteta Sveu\u010dili\u0161ta u Zagrebu, U\u010diteljskog fakulteta Sveu\u010dili\u0161ta u Zagrebu i Hrvatskog katoli\u010dkog sveu\u010dili\u0161ta.<\/p>\n\n\n\n<p>Tijekom rasprava se dalje razgovaralo o pojedinim temama, ali i pristupima, metodologiji te kontroverzama koje upravo perspektiva intelektualne povijesti u odre\u0111enim istra\u017eivanjima mo\u017ee dovesti u fokus. Raspravljalo se i o polo\u017eaju intelektualne povijesti u hrvatskoj historiografiji, njezinom potencijalu, prednostima i problemima u shva\u0107anju i prepoznavanju takvog pristupa.<\/p>\n\n\n\n<hr class=\"wp-block-separator\"\/>\n\n\n\n<p>Izvor i fotografije:<\/p>\n\n\n\n<p><a href=\"https:\/\/www.hrstud.unizg.hr\/obavijesti?@=21jnt#news_112402\">https:\/\/www.hrstud.unizg.hr\/obavijesti?@=21jnt#news_112402<\/a><\/p>\n\n\n\n<hr class=\"wp-block-separator\"\/>\n","protected":false},"excerpt":{"rendered":"","protected":false},"author":2,"featured_media":33908,"comment_status":"open","ping_status":"open","sticky":false,"template":"","format":"standard","meta":{"_acf_changed":false,"jetpack_post_was_ever_published":false,"_jetpack_newsletter_access":"","_jetpack_dont_email_post_to_subs":false,"_jetpack_newsletter_tier_id":0,"_jetpack_memberships_contains_paywalled_content":false,"_jetpack_memberships_contains_paid_content":false,"footnotes":"","jetpack_publicize_message":"","jetpack_publicize_feature_enabled":true,"jetpack_social_post_already_shared":true,"jetpack_social_options":{"image_generator_settings":{"template":"highway","default_image_id":0,"font":"","enabled":false},"version":2}},"categories":[3,9],"tags":[],"class_list":["post-33907","post","type-post","status-publish","format-standard","has-post-thumbnail","hentry","category-novosti","category-skupovi"],"acf":{"facebook_opis":""},"jetpack_publicize_connections":[],"jetpack_featured_media_url":"https:\/\/i0.wp.com\/historiografija.hr\/wp-content\/uploads\/2022\/12\/intelektualna_povijest.jpeg?fit=1496%2C1496&ssl=1","jetpack_sharing_enabled":true,"jetpack-related-posts":[],"_links":{"self":[{"href":"https:\/\/historiografija.hr\/index.php?rest_route=\/wp\/v2\/posts\/33907","targetHints":{"allow":["GET"]}}],"collection":[{"href":"https:\/\/historiografija.hr\/index.php?rest_route=\/wp\/v2\/posts"}],"about":[{"href":"https:\/\/historiografija.hr\/index.php?rest_route=\/wp\/v2\/types\/post"}],"author":[{"embeddable":true,"href":"https:\/\/historiografija.hr\/index.php?rest_route=\/wp\/v2\/users\/2"}],"replies":[{"embeddable":true,"href":"https:\/\/historiografija.hr\/index.php?rest_route=%2Fwp%2Fv2%2Fcomments&post=33907"}],"version-history":[{"count":1,"href":"https:\/\/historiografija.hr\/index.php?rest_route=\/wp\/v2\/posts\/33907\/revisions"}],"predecessor-version":[{"id":33909,"href":"https:\/\/historiografija.hr\/index.php?rest_route=\/wp\/v2\/posts\/33907\/revisions\/33909"}],"wp:featuredmedia":[{"embeddable":true,"href":"https:\/\/historiografija.hr\/index.php?rest_route=\/wp\/v2\/media\/33908"}],"wp:attachment":[{"href":"https:\/\/historiografija.hr\/index.php?rest_route=%2Fwp%2Fv2%2Fmedia&parent=33907"}],"wp:term":[{"taxonomy":"category","embeddable":true,"href":"https:\/\/historiografija.hr\/index.php?rest_route=%2Fwp%2Fv2%2Fcategories&post=33907"},{"taxonomy":"post_tag","embeddable":true,"href":"https:\/\/historiografija.hr\/index.php?rest_route=%2Fwp%2Fv2%2Ftags&post=33907"}],"curies":[{"name":"wp","href":"https:\/\/api.w.org\/{rel}","templated":true}]}}