{"id":33902,"date":"2022-12-21T21:44:48","date_gmt":"2022-12-21T21:44:48","guid":{"rendered":"http:\/\/historiografija.hr\/?p=33902"},"modified":"2022-12-21T21:44:48","modified_gmt":"2022-12-21T21:44:48","slug":"stjepan-horvat-mi-izbjeglice-razmatranja-o-suvremenoj-hrvatskoj-problematici-iz-perspektive-izbjeglickog-logora","status":"publish","type":"post","link":"https:\/\/historiografija.hr\/?p=33902","title":{"rendered":"Stjepan Horvat, \u201eMi izbjeglice. Razmatranja o suvremenoj hrvatskoj problematici iz perspektive izbjegli\u010dkog logora\u201c"},"content":{"rendered":"\n<p>Knjiga <em>Mi izbjeglice. Razmatranja o suvremenoj hrvatskoj problematici iz perspektive izbjegli\u010dkog logora<\/em> temelji se na istoimenom rukopisu rektora Sveu\u010dili\u0161ta u Zagrebu (1944. \u2013 1945.) Stjepana Horvata. Taj se rukopis \u010duva u Ostav\u0161tini Stjepana Horvata u Arhivu Papinskoga hrvatskog zavoda sv. Jeronima u Rimu, a nastao je tijekom Horvatova boravka u izbjegli\u010dkom logoru Fermo u Italiji neposredno nakon Drugoga svjetskog rata (1946. \u2013 1947.) te prethodno nije bio objavljen, s izuzetkom nekoliko kra\u0107ih fragmenata objavljenih 1995. u \u010dlanku Trpimira Macana u \u010dasopisu <em>Kolo<\/em>. Uz transkribirani Horvatov izvorni rukopis, popra\u0107en bilje\u0161kama i dodatnim obja\u0161njenjima s informacijama o pojedinim osobama, doga\u0111ajima, pojmovima, institucijama, dru\u0161tvenim organizacijama i sl., knjiga se sastoji od prire\u0111iva\u010dkoga predgovora i triju uvodnih poglavlja.<\/p>\n\n\n\n<p>Knjigu su za objavu priredili Sla\u0111ana Josipovi\u0107 i Domagoj Tomas, a objavio ju je Hrvatski institut za povijest iz Zagreba.<\/p>\n\n\n\n<p><strong><a href=\"http:\/\/www.isp.hr\/wp-content\/uploads\/Mi_izbjeglice.pdf\">Sadr\u017eaj i predgovor<\/a><\/strong><\/p>\n\n\n\n<hr class=\"wp-block-separator\"\/>\n\n\n\n<p>Izvori i dodatne obavijesti:<\/p>\n\n\n\n<p><a href=\"https:\/\/www.ffos.unios.hr\/knjiga-mi-izbjeglice\/\">https:\/\/www.ffos.unios.hr\/knjiga-mi-izbjeglice\/<\/a><\/p>\n\n\n\n<p><a href=\"http:\/\/www.isp.hr\/biblioteka-hrvatska-povjesnica\/page\/13\/\">http:\/\/www.isp.hr\/biblioteka-hrvatska-povjesnica\/page\/13\/<\/a><\/p>\n\n\n\n<hr class=\"wp-block-separator\"\/>\n","protected":false},"excerpt":{"rendered":"","protected":false},"author":2,"featured_media":33903,"comment_status":"open","ping_status":"open","sticky":false,"template":"","format":"standard","meta":{"_acf_changed":false,"jetpack_post_was_ever_published":false,"_jetpack_newsletter_access":"","_jetpack_dont_email_post_to_subs":false,"_jetpack_newsletter_tier_id":0,"_jetpack_memberships_contains_paywalled_content":false,"_jetpack_memberships_contains_paid_content":false,"footnotes":"","jetpack_publicize_message":"","jetpack_publicize_feature_enabled":true,"jetpack_social_post_already_shared":true,"jetpack_social_options":{"image_generator_settings":{"template":"highway","default_image_id":0,"font":"","enabled":false},"version":2}},"categories":[8,3],"tags":[],"class_list":["post-33902","post","type-post","status-publish","format-standard","has-post-thumbnail","hentry","category-knjige","category-novosti"],"acf":{"facebook_opis":""},"jetpack_publicize_connections":[],"jetpack_featured_media_url":"https:\/\/i0.wp.com\/historiografija.hr\/wp-content\/uploads\/2022\/12\/mi-izbjeglice.png?fit=643%2C868&ssl=1","jetpack_sharing_enabled":true,"jetpack-related-posts":[],"_links":{"self":[{"href":"https:\/\/historiografija.hr\/index.php?rest_route=\/wp\/v2\/posts\/33902","targetHints":{"allow":["GET"]}}],"collection":[{"href":"https:\/\/historiografija.hr\/index.php?rest_route=\/wp\/v2\/posts"}],"about":[{"href":"https:\/\/historiografija.hr\/index.php?rest_route=\/wp\/v2\/types\/post"}],"author":[{"embeddable":true,"href":"https:\/\/historiografija.hr\/index.php?rest_route=\/wp\/v2\/users\/2"}],"replies":[{"embeddable":true,"href":"https:\/\/historiografija.hr\/index.php?rest_route=%2Fwp%2Fv2%2Fcomments&post=33902"}],"version-history":[{"count":1,"href":"https:\/\/historiografija.hr\/index.php?rest_route=\/wp\/v2\/posts\/33902\/revisions"}],"predecessor-version":[{"id":33904,"href":"https:\/\/historiografija.hr\/index.php?rest_route=\/wp\/v2\/posts\/33902\/revisions\/33904"}],"wp:featuredmedia":[{"embeddable":true,"href":"https:\/\/historiografija.hr\/index.php?rest_route=\/wp\/v2\/media\/33903"}],"wp:attachment":[{"href":"https:\/\/historiografija.hr\/index.php?rest_route=%2Fwp%2Fv2%2Fmedia&parent=33902"}],"wp:term":[{"taxonomy":"category","embeddable":true,"href":"https:\/\/historiografija.hr\/index.php?rest_route=%2Fwp%2Fv2%2Fcategories&post=33902"},{"taxonomy":"post_tag","embeddable":true,"href":"https:\/\/historiografija.hr\/index.php?rest_route=%2Fwp%2Fv2%2Ftags&post=33902"}],"curies":[{"name":"wp","href":"https:\/\/api.w.org\/{rel}","templated":true}]}}