{"id":33899,"date":"2022-12-21T21:36:48","date_gmt":"2022-12-21T21:36:48","guid":{"rendered":"http:\/\/historiografija.hr\/?p=33899"},"modified":"2022-12-21T21:36:48","modified_gmt":"2022-12-21T21:36:48","slug":"predstavljanje-virtualne-izlozbe-vladimir-nazor","status":"publish","type":"post","link":"https:\/\/historiografija.hr\/?p=33899","title":{"rendered":"Predstavljanje virtualne izlo\u017ebe \u201cVladimir Nazor\u201d"},"content":{"rendered":"\n<p>U \u010detvrtak, 22. prosinca 2022., s po\u010detkom u 12 sati u Velikoj dvorani Dr\u017eavnog arhiva u Pazinu bit \u0107e predstavljena virtualna izlo\u017eba \u201cVladimir Nazor\u201d. Izlo\u017eba je dostupna na mre\u017enim stranicama Dr\u017eavnog arhiva u Pazinu te\u00a0 Nacionalne i sveu\u010dili\u0161ne knji\u017enice u Zagrebu <a href=\"http:\/\/virtualna.nsk.hr\/portfolio\/vladimir-nazor\/\">http:\/\/virtualna.nsk.hr\/portfolio\/vladimir-nazor\/<\/a><\/p>\n\n\n\n<hr class=\"wp-block-separator\"\/>\n\n\n\n<p>Izvori:<\/p>\n\n\n\n<figure class=\"wp-block-embed-wordpress wp-block-embed is-type-wp-embed is-provider-istarsko-povijesno-drustvo-societa-storica-istriana\"><div class=\"wp-block-embed__wrapper\">\n<blockquote class=\"wp-embedded-content\" data-secret=\"zfTYH0QJpw\"><a href=\"https:\/\/ipd-ssi.hr\/2022\/12\/20\/virtualna-izlozba-vladimir-nazor\/\">Virtualna izlo\u017eba &#8220;Vladimir Nazor&#8221;<\/a><\/blockquote><iframe loading=\"lazy\" class=\"wp-embedded-content\" sandbox=\"allow-scripts\" security=\"restricted\" style=\"position: absolute; clip: rect(1px, 1px, 1px, 1px);\" title=\"&#8220;Virtualna izlo\u017eba &#8220;Vladimir Nazor&#8221;&#8221; &#8212; Istarsko povijesno dru\u0161tvo - Societ\u00e0 Storica Istriana\" src=\"https:\/\/ipd-ssi.hr\/2022\/12\/20\/virtualna-izlozba-vladimir-nazor\/embed\/#?secret=I21o58l3Zi#?secret=zfTYH0QJpw\" data-secret=\"zfTYH0QJpw\" width=\"600\" height=\"338\" frameborder=\"0\" marginwidth=\"0\" marginheight=\"0\" scrolling=\"no\"><\/iframe>\n<\/div><\/figure>\n\n\n\n<figure class=\"wp-block-embed-wordpress wp-block-embed is-type-wp-embed is-provider-drzavni-arhiv-u-pazinu\"><div class=\"wp-block-embed__wrapper\">\n<blockquote class=\"wp-embedded-content\" data-secret=\"8iZnom5VUf\"><a href=\"https:\/\/www.dapa.hr\/predstavljanje-virtualne-izlozbe-vladimir-nazor\/\">Predstavljanje virtualne izlo\u017ebe Vladimir Nazor<\/a><\/blockquote><iframe loading=\"lazy\" class=\"wp-embedded-content\" sandbox=\"allow-scripts\" security=\"restricted\" style=\"position: absolute; clip: rect(1px, 1px, 1px, 1px);\" title=\"&#8220;Predstavljanje virtualne izlo\u017ebe Vladimir Nazor&#8221; &#8212; Dr\u017eavni arhiv u Pazinu\" src=\"https:\/\/www.dapa.hr\/predstavljanje-virtualne-izlozbe-vladimir-nazor\/embed\/#?secret=016uENNWWh#?secret=8iZnom5VUf\" data-secret=\"8iZnom5VUf\" width=\"600\" height=\"338\" frameborder=\"0\" marginwidth=\"0\" marginheight=\"0\" scrolling=\"no\"><\/iframe>\n<\/div><\/figure>\n\n\n\n<hr class=\"wp-block-separator\"\/>\n","protected":false},"excerpt":{"rendered":"","protected":false},"author":2,"featured_media":33900,"comment_status":"open","ping_status":"open","sticky":false,"template":"","format":"standard","meta":{"_acf_changed":false,"jetpack_post_was_ever_published":false,"_jetpack_newsletter_access":"","_jetpack_dont_email_post_to_subs":false,"_jetpack_newsletter_tier_id":0,"_jetpack_memberships_contains_paywalled_content":false,"_jetpack_memberships_contains_paid_content":false,"footnotes":"","jetpack_publicize_message":"","jetpack_publicize_feature_enabled":true,"jetpack_social_post_already_shared":true,"jetpack_social_options":{"image_generator_settings":{"template":"highway","default_image_id":0,"font":"","enabled":false},"version":2}},"categories":[10,3],"tags":[],"class_list":["post-33899","post","type-post","status-publish","format-standard","has-post-thumbnail","hentry","category-izlozbe","category-novosti"],"acf":{"facebook_opis":""},"jetpack_publicize_connections":[],"jetpack_featured_media_url":"https:\/\/i0.wp.com\/historiografija.hr\/wp-content\/uploads\/2022\/12\/Pozivnica_Nazor.jpg?fit=1241%2C880&ssl=1","jetpack_sharing_enabled":true,"jetpack-related-posts":[],"_links":{"self":[{"href":"https:\/\/historiografija.hr\/index.php?rest_route=\/wp\/v2\/posts\/33899","targetHints":{"allow":["GET"]}}],"collection":[{"href":"https:\/\/historiografija.hr\/index.php?rest_route=\/wp\/v2\/posts"}],"about":[{"href":"https:\/\/historiografija.hr\/index.php?rest_route=\/wp\/v2\/types\/post"}],"author":[{"embeddable":true,"href":"https:\/\/historiografija.hr\/index.php?rest_route=\/wp\/v2\/users\/2"}],"replies":[{"embeddable":true,"href":"https:\/\/historiografija.hr\/index.php?rest_route=%2Fwp%2Fv2%2Fcomments&post=33899"}],"version-history":[{"count":1,"href":"https:\/\/historiografija.hr\/index.php?rest_route=\/wp\/v2\/posts\/33899\/revisions"}],"predecessor-version":[{"id":33901,"href":"https:\/\/historiografija.hr\/index.php?rest_route=\/wp\/v2\/posts\/33899\/revisions\/33901"}],"wp:featuredmedia":[{"embeddable":true,"href":"https:\/\/historiografija.hr\/index.php?rest_route=\/wp\/v2\/media\/33900"}],"wp:attachment":[{"href":"https:\/\/historiografija.hr\/index.php?rest_route=%2Fwp%2Fv2%2Fmedia&parent=33899"}],"wp:term":[{"taxonomy":"category","embeddable":true,"href":"https:\/\/historiografija.hr\/index.php?rest_route=%2Fwp%2Fv2%2Fcategories&post=33899"},{"taxonomy":"post_tag","embeddable":true,"href":"https:\/\/historiografija.hr\/index.php?rest_route=%2Fwp%2Fv2%2Ftags&post=33899"}],"curies":[{"name":"wp","href":"https:\/\/api.w.org\/{rel}","templated":true}]}}