{"id":33896,"date":"2022-12-21T21:29:20","date_gmt":"2022-12-21T21:29:20","guid":{"rendered":"http:\/\/historiografija.hr\/?p=33896"},"modified":"2022-12-21T21:29:20","modified_gmt":"2022-12-21T21:29:20","slug":"zbornik-radova-prema-povijesti-slavonskih-suma-prilozi-za-sintezu","status":"publish","type":"post","link":"https:\/\/historiografija.hr\/?p=33896","title":{"rendered":"Zbornik radova \u201ePrema povijesti slavonskih \u0161uma. Prilozi za sintezu\u201c"},"content":{"rendered":"\n<p>U izdanju Hrvatskog instituta za povijest \u2013 Podru\u017enice za povijest Slavonije, Srijema i Baranje u Slavonskom Brodu objavljen je 2022. godine zbornik radova \u201ePrema povijesti slavonskih \u0161uma. Prilozi za sintezu\u201c koji je uredio Robert Skenderovi\u0107.<\/p>\n\n\n\n<hr class=\"wp-block-separator\"\/>\n\n\n\n<p>Ova knjiga predstavlja drugu u nizu od planiranih triju knjiga \u010detverogodi\u0161njeg istra\u017eiva\u010dkog projekta \u201eOd pra\u0161uma do oranica: povijest antropizacije \u0161uma u Slavoniji od srednjeg vijeka do po\u010detka dvadesetog stolje\u0107a\u201c (IP-2014-09-6719), nov\u010dano podr\u017eanog od Hrvatske zaklade za znanost tijekom njegova izvo\u0111enja od 1. lipnja 2015. do 31. svibnja 2019. godine. Prva knjiga toga troknji\u017eja zbornik je radova istoimenog znanstvenog skupa s me\u0111unarodnim sudjelovanjem \u201eSlavonske \u0161ume kroz povijest\u201d, odr\u017eanog u Slavonskom Brodu 1. i 2. listopada 2015. godine. Zbornik radova objavljen je 2018. godine i nai\u0161ao je na brojne pozitivne reakcije, \u0161to nas je potaknulo da krenemo u objavljivanje i druge knjige iz ovog troknji\u017eja. Ova druga knjiga, \u201ePrema povijesti slavonskih \u0161uma \u2013 Prilozi za sintezu\u201d, zami\u0161ljena je kao zbornik autorskih priloga suradnika spomenutog projekta o povijesti \u0161uma u Slavoniji: Stanka Andri\u0107a, Karla Beljana, Josipa Parata, Roberta Skenderovi\u0107a, Krunoslava Teslaka, An\u0111elka Vla\u0161i\u0107a, Milana Vrbanusa i Dinka \u017dupana. Ostaje jo\u0161 rad na objavljivanju tre\u0107e knjige, Izabrani izvori za povijest \u0161uma Slavonije, Srijema i Baranje, strukturirane kao izbor povijesne gra\u0111e o povijesti \u0161uma u Slavoniji. Vjerujemo da \u0107e i ona uskoro ugledati svjetlo dana.<\/p>\n\n\n\n<hr class=\"wp-block-separator\"\/>\n\n\n\n<p>Sadr\u017eaj i dodatne obavijesti:<\/p>\n\n\n\n<figure class=\"wp-block-embed-wordpress wp-block-embed is-type-wp-embed is-provider-hrvatski-institut-za-povijest\"><div class=\"wp-block-embed__wrapper\">\n<blockquote class=\"wp-embedded-content\" data-secret=\"0zD1jZM2mI\"><a href=\"https:\/\/hipsb.hr\/proizvod\/12849\/\">Prema povijesti slavonskih \u0161uma. Prilozi za sintezu<\/a><\/blockquote><iframe loading=\"lazy\" class=\"wp-embedded-content\" sandbox=\"allow-scripts\" security=\"restricted\" style=\"position: absolute; clip: rect(1px, 1px, 1px, 1px);\" title=\"&#8220;Prema povijesti slavonskih \u0161uma. Prilozi za sintezu&#8221; &#8212; Hrvatski institut za povijest\" src=\"https:\/\/hipsb.hr\/proizvod\/12849\/embed\/#?secret=0zD1jZM2mI\" data-secret=\"0zD1jZM2mI\" width=\"600\" height=\"338\" frameborder=\"0\" marginwidth=\"0\" marginheight=\"0\" scrolling=\"no\"><\/iframe>\n<\/div><\/figure>\n\n\n\n<hr class=\"wp-block-separator\"\/>\n\n\n\n<p>Obavijest je objavljena i na portalu <strong>Historiografija.ba<\/strong>:<\/p>\n\n\n\n<p><a href=\"https:\/\/historiografija.ba\/article.php?id=1583\">https:\/\/historiografija.ba\/article.php?id=1583<\/a><\/p>\n\n\n\n<hr class=\"wp-block-separator\"\/>\n\n\n\n<p><\/p>\n","protected":false},"excerpt":{"rendered":"","protected":false},"author":2,"featured_media":33897,"comment_status":"open","ping_status":"open","sticky":false,"template":"","format":"standard","meta":{"_acf_changed":false,"jetpack_post_was_ever_published":false,"_jetpack_newsletter_access":"","_jetpack_dont_email_post_to_subs":false,"_jetpack_newsletter_tier_id":0,"_jetpack_memberships_contains_paywalled_content":false,"_jetpack_memberships_contains_paid_content":false,"footnotes":"","jetpack_publicize_message":"","jetpack_publicize_feature_enabled":true,"jetpack_social_post_already_shared":true,"jetpack_social_options":{"image_generator_settings":{"template":"highway","default_image_id":0,"font":"","enabled":false},"version":2}},"categories":[8,3],"tags":[],"class_list":["post-33896","post","type-post","status-publish","format-standard","has-post-thumbnail","hentry","category-knjige","category-novosti"],"acf":{"facebook_opis":""},"jetpack_publicize_connections":[],"jetpack_featured_media_url":"https:\/\/i0.wp.com\/historiografija.hr\/wp-content\/uploads\/2022\/12\/Zbornik-Prema-povijesti-slavonskih-suma.jpg?fit=655%2C960&ssl=1","jetpack_sharing_enabled":true,"jetpack-related-posts":[],"_links":{"self":[{"href":"https:\/\/historiografija.hr\/index.php?rest_route=\/wp\/v2\/posts\/33896","targetHints":{"allow":["GET"]}}],"collection":[{"href":"https:\/\/historiografija.hr\/index.php?rest_route=\/wp\/v2\/posts"}],"about":[{"href":"https:\/\/historiografija.hr\/index.php?rest_route=\/wp\/v2\/types\/post"}],"author":[{"embeddable":true,"href":"https:\/\/historiografija.hr\/index.php?rest_route=\/wp\/v2\/users\/2"}],"replies":[{"embeddable":true,"href":"https:\/\/historiografija.hr\/index.php?rest_route=%2Fwp%2Fv2%2Fcomments&post=33896"}],"version-history":[{"count":1,"href":"https:\/\/historiografija.hr\/index.php?rest_route=\/wp\/v2\/posts\/33896\/revisions"}],"predecessor-version":[{"id":33898,"href":"https:\/\/historiografija.hr\/index.php?rest_route=\/wp\/v2\/posts\/33896\/revisions\/33898"}],"wp:featuredmedia":[{"embeddable":true,"href":"https:\/\/historiografija.hr\/index.php?rest_route=\/wp\/v2\/media\/33897"}],"wp:attachment":[{"href":"https:\/\/historiografija.hr\/index.php?rest_route=%2Fwp%2Fv2%2Fmedia&parent=33896"}],"wp:term":[{"taxonomy":"category","embeddable":true,"href":"https:\/\/historiografija.hr\/index.php?rest_route=%2Fwp%2Fv2%2Fcategories&post=33896"},{"taxonomy":"post_tag","embeddable":true,"href":"https:\/\/historiografija.hr\/index.php?rest_route=%2Fwp%2Fv2%2Ftags&post=33896"}],"curies":[{"name":"wp","href":"https:\/\/api.w.org\/{rel}","templated":true}]}}