{"id":33868,"date":"2022-12-19T10:52:37","date_gmt":"2022-12-19T10:52:37","guid":{"rendered":"http:\/\/historiografija.hr\/?p=33868"},"modified":"2022-12-19T10:52:37","modified_gmt":"2022-12-19T10:52:37","slug":"kritika-razgovor-o-knjizi-latinke-perovic-ruske-ideje-i-srpske-replike","status":"publish","type":"post","link":"https:\/\/historiografija.hr\/?p=33868","title":{"rendered":"\u201eKritika\u201c: Razgovor o knjizi Latinke Perovi\u0107 \u201eRuske ideje i srpske replike\u201c"},"content":{"rendered":"\n<p>Institut za filozofiju i dru\u0161tvenu teoriju Univerziteta u Beogradu objavio je novi broj \u010dasopisa za filozofiju i teoriju dru\u0161tva \u201eKritika\u201c (God. 3, br. 2, 2022) koji donosi razgovor o knjizi Latinke Perovi\u0107 \u201eRuske ideje i srpske replike\u201c (University Press, Sarajevo 2018) odr\u017ean u Institutu 15. travnja 2022. U razgovoru o knjizi, koji je priredio Petar \u017darkovi\u0107, objavljeni su prilozi Milivoja Be\u0161lina, Milana Suboti\u0107a, Dubravke Stojanovi\u0107, Alekseja Timofejeva, Olge Manojlovi\u0107 Pintar, Sr\u0111ana Milo\u0161evi\u0107a, Zorana Bajina, Veljka Stani\u0107a, Tomislava Markovi\u0107a i autorice.<\/p>\n\n\n\n<hr class=\"wp-block-separator\"\/>\n\n\n\n<p>Razgovor je dostupan na sljede\u0107oj poveznici:<\/p>\n\n\n\n<p><a href=\"https:\/\/kritika.instifdt.bg.ac.rs\/index.php\/kc\/issue\/view\/9\">https:\/\/kritika.instifdt.bg.ac.rs\/index.php\/kc\/issue\/view\/9<\/a><\/p>\n\n\n\n<hr class=\"wp-block-separator\"\/>\n\n\n\n<p>Obavijest o razgovoru objavljena je prvotno na portalu <strong>Historiografija.ba<\/strong>:<\/p>\n\n\n\n<p><a href=\"https:\/\/historiografija.ba\/article.php?id=1576\">https:\/\/historiografija.ba\/article.php?id=1576<\/a><\/p>\n\n\n\n<hr class=\"wp-block-separator\"\/>\n","protected":false},"excerpt":{"rendered":"","protected":false},"author":2,"featured_media":33869,"comment_status":"open","ping_status":"open","sticky":false,"template":"","format":"standard","meta":{"_acf_changed":false,"_jetpack_newsletter_access":"","_jetpack_dont_email_post_to_subs":false,"_jetpack_newsletter_tier_id":0,"_jetpack_memberships_contains_paywalled_content":false,"_jetpack_memberships_contains_paid_content":false,"footnotes":"","jetpack_publicize_message":"","jetpack_publicize_feature_enabled":true,"jetpack_social_post_already_shared":true,"jetpack_social_options":{"image_generator_settings":{"template":"highway","default_image_id":0,"font":"","enabled":false},"version":2},"jetpack_post_was_ever_published":false},"categories":[3],"tags":[],"class_list":["post-33868","post","type-post","status-publish","format-standard","has-post-thumbnail","hentry","category-novosti"],"acf":{"facebook_opis":""},"jetpack_publicize_connections":[],"jetpack_featured_media_url":"https:\/\/i0.wp.com\/historiografija.hr\/wp-content\/uploads\/2022\/12\/KRITIKA-2022-2.jpg?fit=450%2C641&ssl=1","jetpack_sharing_enabled":true,"jetpack-related-posts":[{"id":52520,"url":"https:\/\/historiografija.hr\/?p=52520","url_meta":{"origin":33868,"position":0},"title":"Predstavljanje knjige &#8220;Socialist Economics in Yugoslavia: A Critical History&#8221; u Zagrebu","author":"Branimir Jankovi\u0107","date":"17. travnja 2026.","format":false,"excerpt":"Pozivamo vas na predstavljanje knjige \"Socialist Economics in Yugoslavia: A Critical History\", autora Mislava \u00a0\u017ditka i Marka Grde\u0161i\u0107a (Routledge, 2026). Na predstavljanju \u0107e govoriti Branko Milanovi\u0107 (CUNY), Milica Uvali\u0107 (EUI), Zdravko Petak (FPZG) te autori.\u00a0 Predstavljanje \u0107e se odr\u017eati u srijedu 22. travnja u 16:00 sati na Fakultetu politi\u010dkih znanosti\u2026","rel":"","context":"U &quot;Novosti&quot;","block_context":{"text":"Novosti","link":"https:\/\/historiografija.hr\/?cat=3"},"img":{"alt_text":"","src":"https:\/\/i0.wp.com\/historiografija.hr\/wp-content\/uploads\/2026\/04\/Poziv-na-predstavljanje.png?fit=800%2C652&ssl=1&resize=350%2C200","width":350,"height":200,"srcset":"https:\/\/i0.wp.com\/historiografija.hr\/wp-content\/uploads\/2026\/04\/Poziv-na-predstavljanje.png?fit=800%2C652&ssl=1&resize=350%2C200 1x, https:\/\/i0.wp.com\/historiografija.hr\/wp-content\/uploads\/2026\/04\/Poziv-na-predstavljanje.png?fit=800%2C652&ssl=1&resize=525%2C300 1.5x, https:\/\/i0.wp.com\/historiografija.hr\/wp-content\/uploads\/2026\/04\/Poziv-na-predstavljanje.png?fit=800%2C652&ssl=1&resize=700%2C400 2x"},"classes":[]},{"id":53758,"url":"https:\/\/historiografija.hr\/?p=53758","url_meta":{"origin":33868,"position":1},"title":"Antifa\u0161izam, feminizam i knji\u017eevnost: razgovor povodom knjige Stanislave Bara\u0107 \u201eAnga\u017eovana \u017eenska proza u eri Narodnog fronta (1934\u20131956)\u201c","author":"Branimir Jankovi\u0107","date":"27. svibnja 2026.","format":false,"excerpt":"Centar za kulturnu dekontaminaciju, Beograd 29. maj 2026. 18h Antifa\u0161izam, feminizam i knji\u017eevnost: razgovor povodom knjige Anga\u017eovana \u017eenska proza u eri Narodnog fronta (1934\u20131956)(Stanislava Bara\u0107, Institut za knji\u017eevnost i umetnost, Beograd, 2025) Pro\u0161lo je ta\u010dno deset godina od kada je u Centru za kulturnu dekontaminaciju prvi put predstavljen pojam anga\u017eovane\u2026","rel":"","context":"U &quot;Novosti&quot;","block_context":{"text":"Novosti","link":"https:\/\/historiografija.hr\/?cat=3"},"img":{"alt_text":"","src":"https:\/\/i0.wp.com\/historiografija.hr\/wp-content\/uploads\/2026\/05\/Barac.jpg?fit=614%2C472&ssl=1&resize=350%2C200","width":350,"height":200,"srcset":"https:\/\/i0.wp.com\/historiografija.hr\/wp-content\/uploads\/2026\/05\/Barac.jpg?fit=614%2C472&ssl=1&resize=350%2C200 1x, https:\/\/i0.wp.com\/historiografija.hr\/wp-content\/uploads\/2026\/05\/Barac.jpg?fit=614%2C472&ssl=1&resize=525%2C300 1.5x"},"classes":[]},{"id":52528,"url":"https:\/\/historiografija.hr\/?p=52528","url_meta":{"origin":33868,"position":2},"title":"[Promocija knjige] Banja Luka u ratu: Etnopolitika i svakodnevica (1990\u20131995) (ActiveLab, YugoLab)","author":"Branimir Jankovi\u0107","date":"17. travnja 2026.","format":false,"excerpt":"Institut za filozofiju i dru\u0161tvenu teoriju i O\u0161tra Nula organizuju promociju knjige Banja Luka u ratu: Etnopolitika i svakodnevica (1990\u20131995) autorke Armine Galija\u0161, koja \u0107e se odr\u017eati 20. aprila 2026. u 12.00 sati u prostorijama Instituta (Kraljice Natalije 45, Beograd). Re\u010d je o prvom nau\u010dno utemeljenom i sistematskom radu koji\u2026","rel":"","context":"U &quot;Novosti&quot;","block_context":{"text":"Novosti","link":"https:\/\/historiografija.hr\/?cat=3"},"img":{"alt_text":"","src":"https:\/\/i0.wp.com\/historiografija.hr\/wp-content\/uploads\/2026\/04\/20-april-RS.jpg?fit=1200%2C675&ssl=1&resize=350%2C200","width":350,"height":200,"srcset":"https:\/\/i0.wp.com\/historiografija.hr\/wp-content\/uploads\/2026\/04\/20-april-RS.jpg?fit=1200%2C675&ssl=1&resize=350%2C200 1x, https:\/\/i0.wp.com\/historiografija.hr\/wp-content\/uploads\/2026\/04\/20-april-RS.jpg?fit=1200%2C675&ssl=1&resize=525%2C300 1.5x, https:\/\/i0.wp.com\/historiografija.hr\/wp-content\/uploads\/2026\/04\/20-april-RS.jpg?fit=1200%2C675&ssl=1&resize=700%2C400 2x, https:\/\/i0.wp.com\/historiografija.hr\/wp-content\/uploads\/2026\/04\/20-april-RS.jpg?fit=1200%2C675&ssl=1&resize=1050%2C600 3x"},"classes":[]},{"id":52999,"url":"https:\/\/historiografija.hr\/?p=52999","url_meta":{"origin":33868,"position":3},"title":"Milan Suboti\u0107, &#8220;Istori\u010dari u svom vremenu&#8221;","author":"Filip \u0160imunjak","date":"8. svibnja 2026.","format":false,"excerpt":"Objavljena je knjiga Milana Suboti\u0107a, \"Istori\u010dari u svom vremenu\", koja kroz \u010detiri studije o Ericu Hobsbawmu, Richardu Pipesu, Aleksandru Gerschenkronu i Mirchi Eliadeu istra\u017euje kako politi\u010dki i dru\u0161tveni kontekst 20. stolje\u0107a oblikuje na\u010din na koji povjesni\u010dari razumiju i interpretiraju pro\u0161lost. Kako vrijeme u kojem \u017eivimo oblikuje ono \u0161to mislimo da\u2026","rel":"","context":"U &quot;Knjige&quot;","block_context":{"text":"Knjige","link":"https:\/\/historiografija.hr\/?cat=8"},"img":{"alt_text":"","src":"https:\/\/i0.wp.com\/historiografija.hr\/wp-content\/uploads\/2026\/05\/Istoricari-u-svome-vremenu-knjiga.png?fit=566%2C826&ssl=1&resize=350%2C200","width":350,"height":200,"srcset":"https:\/\/i0.wp.com\/historiografija.hr\/wp-content\/uploads\/2026\/05\/Istoricari-u-svome-vremenu-knjiga.png?fit=566%2C826&ssl=1&resize=350%2C200 1x, https:\/\/i0.wp.com\/historiografija.hr\/wp-content\/uploads\/2026\/05\/Istoricari-u-svome-vremenu-knjiga.png?fit=566%2C826&ssl=1&resize=525%2C300 1.5x"},"classes":[]},{"id":53451,"url":"https:\/\/historiografija.hr\/?p=53451","url_meta":{"origin":33868,"position":4},"title":"Promocija knjige Edina Omer\u010di\u0107a &#8220;Brzina mraka. Politi\u010dka djelatnost Srpske pravoslavne crkve u Bosni i Hercegovini od 1989. do 1996.&#8221; u Beogradu","author":"Branimir Jankovi\u0107","date":"18. svibnja 2026.","format":false,"excerpt":"Muzej 90-ih organizuje 20. maja 2026. u 19h promociju knjige istori\u010dara Edina Omer\u010di\u0107a (Institut za historiju u Sarajevu) Brzina mraka. Politi\u010dka djelatnost Srpske pravoslavne crkve u Bosni i Hercegovini od 1989. do 1996. Knjiga se bavi ulogom Srpske pravoslavne crkve u prelomnim godinama jugoslovenske krize i ratova devedesetih, sa posebnim\u2026","rel":"","context":"U &quot;Novosti&quot;","block_context":{"text":"Novosti","link":"https:\/\/historiografija.hr\/?cat=3"},"img":{"alt_text":"","src":"https:\/\/i0.wp.com\/historiografija.hr\/wp-content\/uploads\/2026\/05\/omercic-brzina-mraka-promocija-beograd.jpg?fit=949%2C497&ssl=1&resize=350%2C200","width":350,"height":200,"srcset":"https:\/\/i0.wp.com\/historiografija.hr\/wp-content\/uploads\/2026\/05\/omercic-brzina-mraka-promocija-beograd.jpg?fit=949%2C497&ssl=1&resize=350%2C200 1x, https:\/\/i0.wp.com\/historiografija.hr\/wp-content\/uploads\/2026\/05\/omercic-brzina-mraka-promocija-beograd.jpg?fit=949%2C497&ssl=1&resize=525%2C300 1.5x, https:\/\/i0.wp.com\/historiografija.hr\/wp-content\/uploads\/2026\/05\/omercic-brzina-mraka-promocija-beograd.jpg?fit=949%2C497&ssl=1&resize=700%2C400 2x"},"classes":[]},{"id":53752,"url":"https:\/\/historiografija.hr\/?p=53752","url_meta":{"origin":33868,"position":5},"title":"RAZGOVOR O KNJIZI I ZATVARANJE IZLO\u017dBE: Dejan Kr\u0161i\u0107: Zaludni neimar i slijepa mrlja ideologije \u2014 Povodom partizanskih nekropola Bogdana Bogdanovi\u0107a","author":"Branimir Jankovi\u0107","date":"26. svibnja 2026.","format":false,"excerpt":"sudjeluju: Boris Buden, Ana Devi\u0107, Marko Golub moderira: \u0110ur\u0111ica \u0106ili\u0107 Na Dan dr\u017eavnosti, u subotu 30.5. od 12 sati u KIC-u odr\u017eat \u0107e se finissage izlo\u017ebe Dizajn, socijalizam, modernizam i promocija knjige Dejana Kr\u0161i\u0107a Zaludni neimar i slijepa mrlja ideologije: Povodom partizanskih nekropola Bogdana Bogdanovi\u0107a, objavljene u izdanju Udruge Bijeli\u2026","rel":"","context":"U &quot;Izlo\u017ebe&quot;","block_context":{"text":"Izlo\u017ebe","link":"https:\/\/historiografija.hr\/?cat=10"},"img":{"alt_text":"","src":"https:\/\/i0.wp.com\/historiografija.hr\/wp-content\/uploads\/2026\/05\/2026-Zaludni-neimar-cover.jpeg?fit=735%2C534&ssl=1&resize=350%2C200","width":350,"height":200,"srcset":"https:\/\/i0.wp.com\/historiografija.hr\/wp-content\/uploads\/2026\/05\/2026-Zaludni-neimar-cover.jpeg?fit=735%2C534&ssl=1&resize=350%2C200 1x, https:\/\/i0.wp.com\/historiografija.hr\/wp-content\/uploads\/2026\/05\/2026-Zaludni-neimar-cover.jpeg?fit=735%2C534&ssl=1&resize=525%2C300 1.5x, https:\/\/i0.wp.com\/historiografija.hr\/wp-content\/uploads\/2026\/05\/2026-Zaludni-neimar-cover.jpeg?fit=735%2C534&ssl=1&resize=700%2C400 2x"},"classes":[]}],"_links":{"self":[{"href":"https:\/\/historiografija.hr\/index.php?rest_route=\/wp\/v2\/posts\/33868","targetHints":{"allow":["GET"]}}],"collection":[{"href":"https:\/\/historiografija.hr\/index.php?rest_route=\/wp\/v2\/posts"}],"about":[{"href":"https:\/\/historiografija.hr\/index.php?rest_route=\/wp\/v2\/types\/post"}],"author":[{"embeddable":true,"href":"https:\/\/historiografija.hr\/index.php?rest_route=\/wp\/v2\/users\/2"}],"replies":[{"embeddable":true,"href":"https:\/\/historiografija.hr\/index.php?rest_route=%2Fwp%2Fv2%2Fcomments&post=33868"}],"version-history":[{"count":1,"href":"https:\/\/historiografija.hr\/index.php?rest_route=\/wp\/v2\/posts\/33868\/revisions"}],"predecessor-version":[{"id":33870,"href":"https:\/\/historiografija.hr\/index.php?rest_route=\/wp\/v2\/posts\/33868\/revisions\/33870"}],"wp:featuredmedia":[{"embeddable":true,"href":"https:\/\/historiografija.hr\/index.php?rest_route=\/wp\/v2\/media\/33869"}],"wp:attachment":[{"href":"https:\/\/historiografija.hr\/index.php?rest_route=%2Fwp%2Fv2%2Fmedia&parent=33868"}],"wp:term":[{"taxonomy":"category","embeddable":true,"href":"https:\/\/historiografija.hr\/index.php?rest_route=%2Fwp%2Fv2%2Fcategories&post=33868"},{"taxonomy":"post_tag","embeddable":true,"href":"https:\/\/historiografija.hr\/index.php?rest_route=%2Fwp%2Fv2%2Ftags&post=33868"}],"curies":[{"name":"wp","href":"https:\/\/api.w.org\/{rel}","templated":true}]}}