{"id":33865,"date":"2022-12-19T10:34:59","date_gmt":"2022-12-19T10:34:59","guid":{"rendered":"http:\/\/historiografija.hr\/?p=33865"},"modified":"2022-12-19T10:35:34","modified_gmt":"2022-12-19T10:35:34","slug":"emisija-povijesne-kontroverze-kako-je-operirala-udba-operacija-paromlin-i-sudbina-vinka-markovica","status":"publish","type":"post","link":"https:\/\/historiografija.hr\/?p=33865","title":{"rendered":"Emisija \u201cPovijesne kontroverze\u201d: \u201cKako je operirala UDBA? Operacija Paromlin i sudbina Vinka Markovi\u0107a\u201d"},"content":{"rendered":"\n<p>U \u201cPovijesnim kontroverzama\u201d u utorak, 20. prosinca 2022. u 15.05 sati na Tre\u0107em programu Hrvatskog radija o tome kako je operirala Uprava dr\u017eave sigurnosti govori Josip Mihaljevi\u0107.<\/p>\n\n\n\n<hr class=\"wp-block-separator\"\/>\n\n\n\n<p>HRT &#8211; HR3&nbsp;20.12.2022.&nbsp;15:05 &#8211; 16:00<\/p>\n\n\n\n<p><strong>Povijesne kontroverze<\/strong><\/p>\n\n\n\n<p>Uprava dr\u017eavne sigurnosti (tj. Uprava dr\u017eavne bezbednosti), skra\u0107eno UDBA ili UDB, bila je tajna policija za vrijeme druge Jugoslavije, a nastala je 1946. godine preustrojem Odjeljenja za za\u0161titu naroda (OZNe) u vojnu Kontraobavje\u0161tajnu slu\u017ebu KOS i civilnu UDBA-u. Od 1967. godine slu\u017ebeno je kori\u0161ten termin Slu\u017eba dr\u017eavne sigurnosti (SDS, ili srpski &#8220;Slu\u017eba dr\u017eavne bezbednosti&#8221;, SDB). Pomo\u0107u brojnih dou\u0161nika slu\u017eila je i kao sredstvo zastra\u0161ivanja i terora protiv disidenata te kriti\u010dara re\u017eima. UDBA je bila ustrojena na razini federalnih jedinica, te su novonastale dr\u017eave na podru\u010dju biv\u0161e SFRJ nastavile koristiti i te dr\u017eavne strukture na svojem podru\u010dju. Tijekom svog djelovanja do raspada SFRJ agenti i djelatnici UDBE procesuirali su i nadzirali velik broj pojedinaca, a rezultat njihova rada nerijetko su bili tzv. montirani procesi protiv pojedinaca i skupina. Jedan takav slu\u010daj kodnog naziva Paromlin nedavno je historiografski obra\u0111en i objavljen u monografskom izdanju pod kontroverznim naslovom \u201cKako je operirala UDBA? Operacija Paromlin i sudbina Vinka Markovi\u0107a\u201d. Stoga danas u Povijesnim kontroverzama razgovaramo o na\u010dinima kako je operirala Uprava dr\u017eave sigurnosti, a na\u0161 sugovornik je autor spomenute monografije dr. sc. Josip Mihaljevi\u0107.<\/p>\n\n\n\n<hr class=\"wp-block-separator\"\/>\n\n\n\n<p><a href=\"http:\/\/raspored.hrt.hr\/\">http:\/\/raspored.hrt.hr\/<\/a><\/p>\n\n\n\n<p><a href=\"https:\/\/radio.hrt.hr\/slusaonica\/povijesne-kontroverze\">https:\/\/radio.hrt.hr\/slusaonica\/povijesne-kontroverze<\/a><\/p>\n\n\n\n<hr class=\"wp-block-separator\"\/>\n","protected":false},"excerpt":{"rendered":"","protected":false},"author":2,"featured_media":28920,"comment_status":"open","ping_status":"open","sticky":false,"template":"","format":"standard","meta":{"_acf_changed":false,"_jetpack_newsletter_access":"","_jetpack_dont_email_post_to_subs":false,"_jetpack_newsletter_tier_id":0,"_jetpack_memberships_contains_paywalled_content":false,"_jetpack_memberships_contains_paid_content":false,"footnotes":"","jetpack_publicize_message":"","jetpack_publicize_feature_enabled":true,"jetpack_social_post_already_shared":true,"jetpack_social_options":{"image_generator_settings":{"template":"highway","default_image_id":0,"font":"","enabled":false},"version":2},"jetpack_post_was_ever_published":false},"categories":[3],"tags":[],"class_list":["post-33865","post","type-post","status-publish","format-standard","has-post-thumbnail","hentry","category-novosti"],"acf":{"facebook_opis":""},"jetpack_publicize_connections":[],"jetpack_featured_media_url":"https:\/\/i0.wp.com\/historiografija.hr\/wp-content\/uploads\/2021\/12\/povijesne-kontroverze.jpg?fit=1920%2C1080&ssl=1","jetpack_sharing_enabled":true,"jetpack-related-posts":[{"id":52559,"url":"https:\/\/historiografija.hr\/?p=52559","url_meta":{"origin":33865,"position":0},"title":"Dobitnici dr\u017eavne nagrade za znanost za 2024. godinu","author":"Branimir Jankovi\u0107","date":"20. travnja 2026.","format":false,"excerpt":"Na sjednici Odbora za podjelu dr\u017eavnih nagrada za znanost odr\u017eanoj 16. travnja 2026. godine donesena je Odluka o dodjeli dr\u017eavnih nagrada za znanost za 2024. godinu. Godi\u0161njom nagradom za popularizaciju i promid\u017ebu znanosti nagra\u0111eni su u podru\u010dju humanisti\u010dkih znanosti znanstveni suradnici dr. sc. Josip Mihaljevi\u0107 i dr. sc. Gordan Ravan\u010di\u0107,\u2026","rel":"","context":"U &quot;Novosti&quot;","block_context":{"text":"Novosti","link":"https:\/\/historiografija.hr\/?cat=3"},"img":{"alt_text":"","src":"https:\/\/i0.wp.com\/historiografija.hr\/wp-content\/uploads\/2021\/12\/povijesne-kontroverze.jpg?fit=1200%2C675&ssl=1&resize=350%2C200","width":350,"height":200,"srcset":"https:\/\/i0.wp.com\/historiografija.hr\/wp-content\/uploads\/2021\/12\/povijesne-kontroverze.jpg?fit=1200%2C675&ssl=1&resize=350%2C200 1x, https:\/\/i0.wp.com\/historiografija.hr\/wp-content\/uploads\/2021\/12\/povijesne-kontroverze.jpg?fit=1200%2C675&ssl=1&resize=525%2C300 1.5x, https:\/\/i0.wp.com\/historiografija.hr\/wp-content\/uploads\/2021\/12\/povijesne-kontroverze.jpg?fit=1200%2C675&ssl=1&resize=700%2C400 2x, https:\/\/i0.wp.com\/historiografija.hr\/wp-content\/uploads\/2021\/12\/povijesne-kontroverze.jpg?fit=1200%2C675&ssl=1&resize=1050%2C600 3x"},"classes":[]},{"id":52848,"url":"https:\/\/historiografija.hr\/?p=52848","url_meta":{"origin":33865,"position":1},"title":"Aleksandar R. Mileti\u0107, &#8220;Stambeni pakao. Sustav kontrolirane stanarine u Jugoisto\u010dnoj i Srednjoisto\u010dnoj Europi 1914-1930.&#8221;","author":"Branimir Jankovi\u0107","date":"5. svibnja 2026.","format":false,"excerpt":"Na Festivalu povijesti Kliofest 2026. promovirana je u Zagrebu knjiga Aleksandra R. Mileti\u0107a \"Stambeni pakao. Sustav kontrolirane stanarine u Jugoisto\u010dnoj i Srednjoisto\u010dnoj Europi 1914-1930.\" Knjiga na temelju provedenoga istra\u017eivanja autora opisuje dru\u0161tvene, ekonomske i politi\u010dke implikacije dugoro\u010dne primjene stambenog zakonodavstva, koje je u po\u010detku bilo zami\u0161ljeno samo kao set mjera\u2026","rel":"","context":"U &quot;Knjige&quot;","block_context":{"text":"Knjige","link":"https:\/\/historiografija.hr\/?cat=8"},"img":{"alt_text":"","src":"https:\/\/i0.wp.com\/historiografija.hr\/wp-content\/uploads\/2026\/05\/miletic-naslovnica.jpg?fit=374%2C514&ssl=1&resize=350%2C200","width":350,"height":200},"classes":[]},{"id":54098,"url":"https:\/\/historiografija.hr\/?p=54098","url_meta":{"origin":33865,"position":2},"title":"Filip Triska: Svjetsko prvenstvo u nogometu kao ritual nacionalnog identiteta u doba globalizacije","author":"Branimir Jankovi\u0107","date":"15. lipnja 2026.","format":false,"excerpt":"Svjetsko prvenstvo u nogometu kao ritual nacionalnog identiteta u doba globalizacije \u201eIgraju\u0107i nogomet ne branimo na\u0161e granice, domovinu ili zastavu. S nacionalnim timom ni\u0161ta patriotski su\u0161tinski ne umire niti se spa\u0161ava.\u201c C\u00e9sar Luis Menotti[1] Uvod U nedjeljno popodne, 12. lipnja 1938. godine, travnjak stadiona Olympique de Colombes u predgra\u0111u Pariza\u2026","rel":"","context":"U &quot;Prikazi i osvrti&quot;","block_context":{"text":"Prikazi i osvrti","link":"https:\/\/historiografija.hr\/?cat=4"},"img":{"alt_text":"","src":"","width":0,"height":0},"classes":[]},{"id":54012,"url":"https:\/\/historiografija.hr\/?p=54012","url_meta":{"origin":33865,"position":3},"title":"Promocija knjige Armine Galija\u0161 \u201eBanja Luka u ratu. Etnopolitika i svakodnevica (1990\u20131995)\u201c u Zagrebu","author":"Filip \u0160imunjak","date":"11. lipnja 2026.","format":false,"excerpt":"U ponedjeljak, 15. lipnja 2026, u 18 sati u Srpskom kulturnom centru u Zagrebu (Preradovi\u0107eva 21) odr\u017eat \u0107e se predstavljanje knjige Armine Galija\u0161 Banja Luka u ratu: Etnopolitika i svakodnevica (1990.-1995.), objavljene u izdanju Udru\u017eenja gra\u0111ana iz Banje Luke \u201eO\u0161tra nula\u201c i izdava\u010dke ku\u0107e Akademska knjiga iz Novog Sada. Rije\u010d\u2026","rel":"","context":"U &quot;Novosti&quot;","block_context":{"text":"Novosti","link":"https:\/\/historiografija.hr\/?cat=3"},"img":{"alt_text":"","src":"https:\/\/i0.wp.com\/historiografija.hr\/wp-content\/uploads\/2026\/03\/Banjaluka-u-ratu.webp?fit=600%2C900&ssl=1&resize=350%2C200","width":350,"height":200,"srcset":"https:\/\/i0.wp.com\/historiografija.hr\/wp-content\/uploads\/2026\/03\/Banjaluka-u-ratu.webp?fit=600%2C900&ssl=1&resize=350%2C200 1x, https:\/\/i0.wp.com\/historiografija.hr\/wp-content\/uploads\/2026\/03\/Banjaluka-u-ratu.webp?fit=600%2C900&ssl=1&resize=525%2C300 1.5x"},"classes":[]},{"id":54383,"url":"https:\/\/historiografija.hr\/?p=54383","url_meta":{"origin":33865,"position":4},"title":"Documenta: Objavljeni rezultati istra\u017eivanja \u201cLjudski gubici 1991.-1995. u Hrvatskoj\u201d za podru\u010dje Li\u010dko-senjske \u017eupanije","author":"Branimir Jankovi\u0107","date":"30. lipnja 2026.","format":false,"excerpt":"Objavljeni su preliminarni rezultati istra\u017eivanja \u201cLjudski gubici 1991.-1995. u Hrvatskoj\u201d u Li\u010dko-senjskoj \u017eupaniji te je tablica, koja obuhva\u0107a 1135 potvr\u0111enih stradalnika, predstavljena u ponedjeljak, 29. lipnja 2026. u prostorijama KIC-a u Gospi\u0107u. Popis obuhva\u0107a 1775 osoba koje su stradale ili imale prebivali\u0161te na podru\u010dju Li\u010dko-senjske \u017eupanije. Me\u0111u njima je: \u2013\u2026","rel":"","context":"U &quot;Novosti&quot;","block_context":{"text":"Novosti","link":"https:\/\/historiografija.hr\/?cat=3"},"img":{"alt_text":"","src":"https:\/\/i0.wp.com\/historiografija.hr\/wp-content\/uploads\/2026\/06\/Rezultati_istrazivanja.jpeg?fit=937%2C452&ssl=1&resize=350%2C200","width":350,"height":200,"srcset":"https:\/\/i0.wp.com\/historiografija.hr\/wp-content\/uploads\/2026\/06\/Rezultati_istrazivanja.jpeg?fit=937%2C452&ssl=1&resize=350%2C200 1x, https:\/\/i0.wp.com\/historiografija.hr\/wp-content\/uploads\/2026\/06\/Rezultati_istrazivanja.jpeg?fit=937%2C452&ssl=1&resize=525%2C300 1.5x, https:\/\/i0.wp.com\/historiografija.hr\/wp-content\/uploads\/2026\/06\/Rezultati_istrazivanja.jpeg?fit=937%2C452&ssl=1&resize=700%2C400 2x"},"classes":[]},{"id":53492,"url":"https:\/\/historiografija.hr\/?p=53492","url_meta":{"origin":33865,"position":5},"title":"Predstavljena knjiga Stipe Kljai\u0107a &#8220;Vje\u010dni tre\u0107i Rim: uzroci rusko-ukrajinskoga rata&#8221; u Splitu","author":"Branimir Jankovi\u0107","date":"20. svibnja 2026.","format":false,"excerpt":"Na 35. obljetnicu povijesnog referenduma u Splitu predstavljena knjiga dr. Stipe Kljai\u0107a o rusko-ukrajinskom ratu U organizaciji Hrvatske udruge Benedikt, Zmajskog stola u Splitu Dru\u017ebe \u201cBra\u0107a Hrvatskoga Zmaja\u201d i Muzeja Domovinskog rata u Splitu, 19. svibnja 2026. u dvorani \u201eVinko Draganja\u201c Dominikanskog samostana u Splitu odr\u017eano je predstavljanje knjige Vje\u010dni\u2026","rel":"","context":"U &quot;Novosti&quot;","block_context":{"text":"Novosti","link":"https:\/\/historiografija.hr\/?cat=3"},"img":{"alt_text":"","src":"https:\/\/i0.wp.com\/historiografija.hr\/wp-content\/uploads\/2026\/05\/Predstavljanje_Klaic_Ukrajina_Split_naslov.jpg?fit=1200%2C900&ssl=1&resize=350%2C200","width":350,"height":200,"srcset":"https:\/\/i0.wp.com\/historiografija.hr\/wp-content\/uploads\/2026\/05\/Predstavljanje_Klaic_Ukrajina_Split_naslov.jpg?fit=1200%2C900&ssl=1&resize=350%2C200 1x, https:\/\/i0.wp.com\/historiografija.hr\/wp-content\/uploads\/2026\/05\/Predstavljanje_Klaic_Ukrajina_Split_naslov.jpg?fit=1200%2C900&ssl=1&resize=525%2C300 1.5x, https:\/\/i0.wp.com\/historiografija.hr\/wp-content\/uploads\/2026\/05\/Predstavljanje_Klaic_Ukrajina_Split_naslov.jpg?fit=1200%2C900&ssl=1&resize=700%2C400 2x, https:\/\/i0.wp.com\/historiografija.hr\/wp-content\/uploads\/2026\/05\/Predstavljanje_Klaic_Ukrajina_Split_naslov.jpg?fit=1200%2C900&ssl=1&resize=1050%2C600 3x"},"classes":[]}],"_links":{"self":[{"href":"https:\/\/historiografija.hr\/index.php?rest_route=\/wp\/v2\/posts\/33865","targetHints":{"allow":["GET"]}}],"collection":[{"href":"https:\/\/historiografija.hr\/index.php?rest_route=\/wp\/v2\/posts"}],"about":[{"href":"https:\/\/historiografija.hr\/index.php?rest_route=\/wp\/v2\/types\/post"}],"author":[{"embeddable":true,"href":"https:\/\/historiografija.hr\/index.php?rest_route=\/wp\/v2\/users\/2"}],"replies":[{"embeddable":true,"href":"https:\/\/historiografija.hr\/index.php?rest_route=%2Fwp%2Fv2%2Fcomments&post=33865"}],"version-history":[{"count":2,"href":"https:\/\/historiografija.hr\/index.php?rest_route=\/wp\/v2\/posts\/33865\/revisions"}],"predecessor-version":[{"id":33867,"href":"https:\/\/historiografija.hr\/index.php?rest_route=\/wp\/v2\/posts\/33865\/revisions\/33867"}],"wp:featuredmedia":[{"embeddable":true,"href":"https:\/\/historiografija.hr\/index.php?rest_route=\/wp\/v2\/media\/28920"}],"wp:attachment":[{"href":"https:\/\/historiografija.hr\/index.php?rest_route=%2Fwp%2Fv2%2Fmedia&parent=33865"}],"wp:term":[{"taxonomy":"category","embeddable":true,"href":"https:\/\/historiografija.hr\/index.php?rest_route=%2Fwp%2Fv2%2Fcategories&post=33865"},{"taxonomy":"post_tag","embeddable":true,"href":"https:\/\/historiografija.hr\/index.php?rest_route=%2Fwp%2Fv2%2Ftags&post=33865"}],"curies":[{"name":"wp","href":"https:\/\/api.w.org\/{rel}","templated":true}]}}