{"id":33842,"date":"2022-12-15T23:16:41","date_gmt":"2022-12-15T23:16:41","guid":{"rendered":"http:\/\/historiografija.hr\/?p=33842"},"modified":"2022-12-15T23:22:08","modified_gmt":"2022-12-15T23:22:08","slug":"zbornik-radova-oslobodenje-klisa-1648-godine","status":"publish","type":"post","link":"https:\/\/historiografija.hr\/?p=33842","title":{"rendered":"Zbornik radova \u201eOslobo\u0111enje Klisa 1648. godine\u201c"},"content":{"rendered":"\n<p>ZBORNIK RADOVA<\/p>\n\n\n\n<p><strong>OSLOBO\u0110ENJE KLISA 1648. GODINE<\/strong><\/p>\n\n\n\n<p>Uredili: Marko Trogrli\u0107 i Josip Vrande\u010di\u0107<\/p>\n\n\n\n<p>Knji\u017eevni krug Split, 2022.<\/p>\n\n\n\n<hr class=\"wp-block-separator\"\/>\n\n\n\n<p><strong>U izdanju Knji\u017eevnoga kruga Split izi\u0161ao je Zbornik radova sa znanstvenog skupa odr\u017eanog u Splitu 24. rujna 2018. pod naslovom <em>Oslobo\u0111enje Klisa\u00a0 1648. godine<\/em>.\u00a0Zbornik broji 244 stranice, a uredili su ga profesori sa Odsjeka za povijest Filozofskog fakulteta u Splitu prof. dr. Marko Trogrli\u0107 i prof. dr. Josip Vrande\u010di\u0107.<\/strong><\/p>\n\n\n\n<p>Kada je 30. o\u017eujka 1648., tijekom Kandijskog rata u Dalmaciji, mleta\u010dka vojska predvo\u0111ena providurom Leonardom Foscolom u\u0161la u oslobo\u0111eni Klis, zauzimanje tvr\u0111ave predstavljalo je va\u017enu prekretnicu u vi\u0161estoljetnim naporima Hrvata za zaustavljanjem osmanskog napredovanja koje je u prvoj polovici XVI. stolje\u0107a dospjelo do samog Be\u010da. Rije\u010d je o va\u017enom doga\u0111aju hrvatske i dalmatinske povijesti koji se ovim zbornikom radova obilje\u017eio na dostojan na\u010din. U Zborniku su predstavljeni mnogi vrijedni podaci, te je u tom smislu znanstveni doprinos&nbsp; ovoga Zbornika vrlo zna\u010dajan. Autori priloga, razli\u010ditih struka, vrsni su i eminentni stru\u010dnjaci te izvrsni poznavatelji dalmatinskog prostora: Nenad Cambj, Radoslav Tomi\u0107, Stjepan Krasi\u0107, Radoslav Bu\u017ean\u010di\u0107, Tonija Andri\u0107, Kre\u0161imir Ku\u017ei\u0107, Josip Vrande\u010di\u0107, An\u0111elko Mijatovi\u0107, Ivan Bo\u0161kovi\u0107 i Ivana Od\u017ea. Posebice je vrijedno spomena kori\u0161tenje arhivske gra\u0111e s ciljem dobivanja novih spoznaja o ovom va\u017enom povijesnom doga\u0111aju.<\/p>\n\n\n\n<p>Oslobo\u0111enje Klisa 1648. godine navjestilo je \u017eetvu u slijede\u0107im, tzv. morejskim ratovima. Osvajanje Klisa potvrdilo je tako\u0111er u\u010dinak vojne revolucije <em>alla <\/em>moderna, odnosno u\u010dinkovite reforme mleta\u010dkog borbenog sastava u Dalmaciji ogledanog u bastionskom graditeljstvu, uvo\u0111enju vatrenog oru\u017eja i nova\u010denju borbenog sastava. Opsada Klisa predstavljala je dotad najslo\u017eeniju navalnu operaciju u Dalmaciji u kojoj su zdru\u017eeno djelovali mornarica, pje\u0161a\u0161tvo, topnici i konjica &#8211; strani <em>condottieri<\/em> i doma\u0107i teritorijalci. Nakon tri godine ratovanja hrvatski su teritorijalci izrasli u proku\u0161ane vojnike o \u010demu svjedo\u010di ratni put bra\u010dke galije pod Jurjem Mladineom koji je sa svojim sastavom pro\u0161ao sva dalmatinska rati\u0161ta: Zadvarje i Naretvu 1646., Ravne kotare i \u0160ibenik 1647., te kona\u010dno, Drni\u0161, Knin i Klis u velja\u010di i o\u017eujku 1648. godine.<\/p>\n\n\n\n<p>Veliki dobitak Zbornika tako\u0111er predstavlja predstavljanje prekaljenih ratnika i hrvatskih junaka: usko\u010dkog vojvode Ivana Vlatkovi\u0107a iz Senja, predvodnika usko\u010dkih pothvata protiv Osmanlija uklju\u010duju\u0107i i oslobo\u0111enje Klisa 1596. godine, don Stjepana Sori\u0107a \u201ezapovjednika i sve\u0107enika morla\u010dkog naroda\u201c te kona\u010dno, haramba\u0161e Vuka Mandu\u0161i\u0107a iz skradinskog zale\u0111a, koji je zajedno s Sori\u0107em porazio Turke kod Klisa 1648. u poku\u0161aju deblokade grada. U djelovanju na\u0161ih ljudi krije se tajna prvih mleta\u010dkih uspjeha na dalmatinskoj boji\u0161nici. Profesionalne mleta\u010dke i papine postrojbe vo\u0111ene iskusnim zapovjednicima poput Foscola ili njema\u010dkog baruna Christopha Martina von Degenfelda, predstavljali su ki\u010dmu mleta\u010dke vojske, no njihova je navalna inicjativa ovisila o hrvatskim teritorijalnim postrojbama.<\/p>\n\n\n\n<p>Ovaj Zbornik\u00a0 \u010ditateljima predo\u010dava nove istra\u017eiva\u010dke i druge uvide, rekapituliraju\u0107i dosada\u0161nje i donijev\u0161i nove spoznaje o tom <em>gradu-klju\u010du<\/em> pristupa srednjem Jadranu, ali i \u0161ire, Klisu &#8211; spomenu i znamenu na\u0161ih vi\u0161estoljetnih napora za slobodom, kako je to i istaknuto u predgovoru urednika prof. Trogrli\u0107a i prof. Vrande\u010di\u0107a.<\/p>\n\n\n\n<hr class=\"wp-block-separator\"\/>\n\n\n\n<figure class=\"wp-block-image size-large\"><img data-recalc-dims=\"1\" height=\"1024\" width=\"720\" decoding=\"async\" src=\"https:\/\/i0.wp.com\/historiografija.hr\/wp-content\/uploads\/2022\/12\/Klis_Naslovnica-720x1024.jpg?resize=720%2C1024&#038;ssl=1\" alt=\"\" class=\"wp-image-33843\"\/><\/figure>\n\n\n\n<hr class=\"wp-block-separator\"\/>\n","protected":false},"excerpt":{"rendered":"","protected":false},"author":2,"featured_media":33849,"comment_status":"open","ping_status":"open","sticky":false,"template":"","format":"standard","meta":{"_acf_changed":false,"jetpack_post_was_ever_published":false,"_jetpack_newsletter_access":"","_jetpack_dont_email_post_to_subs":false,"_jetpack_newsletter_tier_id":0,"_jetpack_memberships_contains_paywalled_content":false,"_jetpack_memberships_contains_paid_content":false,"footnotes":"","jetpack_publicize_message":"","jetpack_publicize_feature_enabled":true,"jetpack_social_post_already_shared":true,"jetpack_social_options":{"image_generator_settings":{"template":"highway","default_image_id":0,"font":"","enabled":false},"version":2}},"categories":[8,3],"tags":[],"class_list":["post-33842","post","type-post","status-publish","format-standard","has-post-thumbnail","hentry","category-knjige","category-novosti"],"acf":{"facebook_opis":""},"jetpack_publicize_connections":[],"jetpack_featured_media_url":"https:\/\/i0.wp.com\/historiografija.hr\/wp-content\/uploads\/2022\/12\/Klis.jpg?fit=1911%2C1064&ssl=1","jetpack_sharing_enabled":true,"jetpack-related-posts":[],"_links":{"self":[{"href":"https:\/\/historiografija.hr\/index.php?rest_route=\/wp\/v2\/posts\/33842","targetHints":{"allow":["GET"]}}],"collection":[{"href":"https:\/\/historiografija.hr\/index.php?rest_route=\/wp\/v2\/posts"}],"about":[{"href":"https:\/\/historiografija.hr\/index.php?rest_route=\/wp\/v2\/types\/post"}],"author":[{"embeddable":true,"href":"https:\/\/historiografija.hr\/index.php?rest_route=\/wp\/v2\/users\/2"}],"replies":[{"embeddable":true,"href":"https:\/\/historiografija.hr\/index.php?rest_route=%2Fwp%2Fv2%2Fcomments&post=33842"}],"version-history":[{"count":4,"href":"https:\/\/historiografija.hr\/index.php?rest_route=\/wp\/v2\/posts\/33842\/revisions"}],"predecessor-version":[{"id":33850,"href":"https:\/\/historiografija.hr\/index.php?rest_route=\/wp\/v2\/posts\/33842\/revisions\/33850"}],"wp:featuredmedia":[{"embeddable":true,"href":"https:\/\/historiografija.hr\/index.php?rest_route=\/wp\/v2\/media\/33849"}],"wp:attachment":[{"href":"https:\/\/historiografija.hr\/index.php?rest_route=%2Fwp%2Fv2%2Fmedia&parent=33842"}],"wp:term":[{"taxonomy":"category","embeddable":true,"href":"https:\/\/historiografija.hr\/index.php?rest_route=%2Fwp%2Fv2%2Fcategories&post=33842"},{"taxonomy":"post_tag","embeddable":true,"href":"https:\/\/historiografija.hr\/index.php?rest_route=%2Fwp%2Fv2%2Ftags&post=33842"}],"curies":[{"name":"wp","href":"https:\/\/api.w.org\/{rel}","templated":true}]}}