{"id":33839,"date":"2022-12-15T23:05:29","date_gmt":"2022-12-15T23:05:29","guid":{"rendered":"http:\/\/historiografija.hr\/?p=33839"},"modified":"2022-12-15T23:05:29","modified_gmt":"2022-12-15T23:05:29","slug":"promocije-knjige-cedomira-visnjica-dvadesete-knjiga-i-propali-izlet-potpukovnika-maksimovica-u-koprivnici-i-beogradu","status":"publish","type":"post","link":"https:\/\/historiografija.hr\/?p=33839","title":{"rendered":"Promocije knjige \u010cedomira Vi\u0161nji\u0107a &#8220;Dvadesete: knjiga I \u2013 propali izlet potpukovnika Maksimovi\u0107a&#8221; u Koprivnici i Beogradu"},"content":{"rendered":"\n<p>\u201eU petak 16. decembra, u 19 sati u Atrijumu Narodne biblioteke Srbije odr\u017eat \u0107e se promocija monografije &#8220;Dvadesete: knjiga I &#8211; propali izlet potpukovnika Maksimovi\u0107a&#8221; autora \u010cedomira Vi\u0161nji\u0107a u izdanju Srpskog narodnog vije\u0107a iz Zagreba. Na beogradskoj promociji uvodnu rije\u010d dat \u0107e dr. Vladimir Pi\u0161talo, a uz autora Vi\u0161nji\u0107a govorit \u0107e akademik Ljubodrag Dimi\u0107, prof.dr. Milorad Pupovac i sociolog Petar La\u0111evi\u0107. (\u2026) Program se mo\u017ee pratiti i u\u017eivo on-line preko zvani\u010dne Facebook stranice Narodne biblioteke Srbije i u odlo\u017eenom gledanju preko You Tube kanala Narodne biblioteke Srbije. Nova Vi\u0161nji\u0107eva knjiga u organizaciji Vije\u0107a srpske nacionalne manjine Grada Kri\u017eevaca promovirat \u0107e se u utorak, 13. decembra, u 19 sati u \u010ditaonici stru\u010dnih \u010dasopisa. Gosti ve\u010deri bit \u0107e urednik Novosti Tihomir Pono\u0161 i voditeljica Odjela za kulturu SNV-a Aneta Vladimirov.\u201c<\/p>\n\n\n\n<hr class=\"wp-block-separator\"\/>\n\n\n\n<p>Izvor i dodatne obavijesti:<\/p>\n\n\n\n<p><a href=\"https:\/\/www.portalnovosti.com\/u-beogradu-i-koprivnici-promocija-nove-knjige-cedomira-visnjica\">https:\/\/www.portalnovosti.com\/u-beogradu-i-koprivnici-promocija-nove-knjige-cedomira-visnjica<\/a><\/p>\n\n\n\n<figure class=\"wp-block-embed-wordpress wp-block-embed is-type-wp-embed is-provider-\u043d\u0430\u0440\u043e\u0434\u043d\u0430-\u0431\u0438\u0431\u043b\u0438\u043e\u0442\u0435\u043a\u0430-\u0441\u0440\u0431\u0438\u0458\u0435\"><div class=\"wp-block-embed__wrapper\">\n<blockquote class=\"wp-embedded-content\" data-secret=\"tcpaLM2c8T\"><a href=\"https:\/\/nb.rs\/predstavljanje-monografije-dvadesete-knjiga-i-propali-izlet-potpukovnika-maksimovica-cedomira-visnjica\/\">\u041f\u0440\u0435\u0434\u0441\u0442\u0430\u0432\u0459\u0430\u045a\u0435 \u043c\u043e\u043d\u043e\u0433\u0440\u0430\u0444\u0438\u0458\u0435 \u201e\u0414\u0432\u0430\u0434\u0435\u0441\u0435\u0442\u0435: \u043a\u045a\u0438\u0433\u0430 I: \u041f\u0440\u043e\u043f\u0430\u043b\u0438 \u0438\u0437\u043b\u0435\u0442 \u043f\u043e\u0442\u043f\u0443\u043a\u043e\u0432\u043d\u0438\u043a\u0430 \u041c\u0430\u043a\u0441\u0438\u043c\u043e\u0432\u0438\u045b\u0430\u201d \u0427\u0435\u0434\u043e\u043c\u0438\u0440a \u0412\u0438\u0448\u045a\u0438\u045ba<\/a><\/blockquote><iframe loading=\"lazy\" class=\"wp-embedded-content\" sandbox=\"allow-scripts\" security=\"restricted\" style=\"position: absolute; clip: rect(1px, 1px, 1px, 1px);\" title=\"&#132;\u041f\u0440\u0435\u0434\u0441\u0442\u0430\u0432\u0459\u0430\u045a\u0435 \u043c\u043e\u043d\u043e\u0433\u0440\u0430\u0444\u0438\u0458\u0435 \u201e\u0414\u0432\u0430\u0434\u0435\u0441\u0435\u0442\u0435: \u043a\u045a\u0438\u0433\u0430 I: \u041f\u0440\u043e\u043f\u0430\u043b\u0438 \u0438\u0437\u043b\u0435\u0442 \u043f\u043e\u0442\u043f\u0443\u043a\u043e\u0432\u043d\u0438\u043a\u0430 \u041c\u0430\u043a\u0441\u0438\u043c\u043e\u0432\u0438\u045b\u0430\u201d \u0427\u0435\u0434\u043e\u043c\u0438\u0440a \u0412\u0438\u0448\u045a\u0438\u045ba&#147; &#8212; \u041d\u0430\u0440\u043e\u0434\u043d\u0430 \u0431\u0438\u0431\u043b\u0438\u043e\u0442\u0435\u043a\u0430 \u0421\u0440\u0431\u0438\u0458\u0435\" src=\"https:\/\/nb.rs\/predstavljanje-monografije-dvadesete-knjiga-i-propali-izlet-potpukovnika-maksimovica-cedomira-visnjica\/embed\/#?secret=02g5ME23Rs#?secret=tcpaLM2c8T\" data-secret=\"tcpaLM2c8T\" width=\"600\" height=\"338\" frameborder=\"0\" marginwidth=\"0\" marginheight=\"0\" scrolling=\"no\"><\/iframe>\n<\/div><\/figure>\n\n\n\n<hr class=\"wp-block-separator\"\/>\n\n\n\n<p><\/p>\n","protected":false},"excerpt":{"rendered":"","protected":false},"author":2,"featured_media":33840,"comment_status":"open","ping_status":"open","sticky":false,"template":"","format":"standard","meta":{"_acf_changed":false,"_jetpack_newsletter_access":"","_jetpack_dont_email_post_to_subs":false,"_jetpack_newsletter_tier_id":0,"_jetpack_memberships_contains_paywalled_content":false,"_jetpack_memberships_contains_paid_content":false,"footnotes":"","jetpack_publicize_message":"","jetpack_publicize_feature_enabled":true,"jetpack_social_post_already_shared":true,"jetpack_social_options":{"image_generator_settings":{"template":"highway","default_image_id":0,"font":"","enabled":false},"version":2},"jetpack_post_was_ever_published":false},"categories":[3],"tags":[],"class_list":["post-33839","post","type-post","status-publish","format-standard","has-post-thumbnail","hentry","category-novosti"],"acf":{"facebook_opis":""},"jetpack_publicize_connections":[],"jetpack_featured_media_url":"https:\/\/i0.wp.com\/historiografija.hr\/wp-content\/uploads\/2022\/12\/dvadesete.jpg?fit=1536%2C864&ssl=1","jetpack_sharing_enabled":true,"jetpack-related-posts":[{"id":53752,"url":"https:\/\/historiografija.hr\/?p=53752","url_meta":{"origin":33839,"position":0},"title":"RAZGOVOR O KNJIZI I ZATVARANJE IZLO\u017dBE: Dejan Kr\u0161i\u0107: Zaludni neimar i slijepa mrlja ideologije \u2014 Povodom partizanskih nekropola Bogdana Bogdanovi\u0107a","author":"Branimir Jankovi\u0107","date":"26. svibnja 2026.","format":false,"excerpt":"sudjeluju: Boris Buden, Ana Devi\u0107, Marko Golub moderira: \u0110ur\u0111ica \u0106ili\u0107 Na Dan dr\u017eavnosti, u subotu 30.5. od 12 sati u KIC-u odr\u017eat \u0107e se finissage izlo\u017ebe Dizajn, socijalizam, modernizam i promocija knjige Dejana Kr\u0161i\u0107a Zaludni neimar i slijepa mrlja ideologije: Povodom partizanskih nekropola Bogdana Bogdanovi\u0107a, objavljene u izdanju Udruge Bijeli\u2026","rel":"","context":"U &quot;Izlo\u017ebe&quot;","block_context":{"text":"Izlo\u017ebe","link":"https:\/\/historiografija.hr\/?cat=10"},"img":{"alt_text":"","src":"https:\/\/i0.wp.com\/historiografija.hr\/wp-content\/uploads\/2026\/05\/2026-Zaludni-neimar-cover.jpeg?fit=735%2C534&ssl=1&resize=350%2C200","width":350,"height":200,"srcset":"https:\/\/i0.wp.com\/historiografija.hr\/wp-content\/uploads\/2026\/05\/2026-Zaludni-neimar-cover.jpeg?fit=735%2C534&ssl=1&resize=350%2C200 1x, https:\/\/i0.wp.com\/historiografija.hr\/wp-content\/uploads\/2026\/05\/2026-Zaludni-neimar-cover.jpeg?fit=735%2C534&ssl=1&resize=525%2C300 1.5x, https:\/\/i0.wp.com\/historiografija.hr\/wp-content\/uploads\/2026\/05\/2026-Zaludni-neimar-cover.jpeg?fit=735%2C534&ssl=1&resize=700%2C400 2x"},"classes":[]},{"id":52666,"url":"https:\/\/historiografija.hr\/?p=52666","url_meta":{"origin":33839,"position":1},"title":"Najava programa Festivala povijesti Kliofest (5-8. V. 2026)","author":"Branimir Jankovi\u0107","date":"24. travnja 2026.","format":false,"excerpt":"Po trinaesti put odr\u017eava se Festival povijesti Kliofest! Do petka \u0107emo odr\u017eati osam okruglih stolova i dva kolokvija te niz predstavljanja knjiga i projekata razli\u010dite tematike, od antike do suvremenosti. Bit \u0107e predstavljeno i nekoliko izlo\u017ebi te odr\u017ean jedan povijesni kviz. Prikazat \u0107emo i jedan film \u2013 o generalu Boroevi\u0107u.\u2026","rel":"","context":"U &quot;Novosti&quot;","block_context":{"text":"Novosti","link":"https:\/\/historiografija.hr\/?cat=3"},"img":{"alt_text":"","src":"https:\/\/i0.wp.com\/historiografija.hr\/wp-content\/uploads\/2026\/04\/Kliofest-2026.jpg?fit=526%2C526&ssl=1&resize=350%2C200","width":350,"height":200,"srcset":"https:\/\/i0.wp.com\/historiografija.hr\/wp-content\/uploads\/2026\/04\/Kliofest-2026.jpg?fit=526%2C526&ssl=1&resize=350%2C200 1x, https:\/\/i0.wp.com\/historiografija.hr\/wp-content\/uploads\/2026\/04\/Kliofest-2026.jpg?fit=526%2C526&ssl=1&resize=525%2C300 1.5x"},"classes":[]},{"id":54456,"url":"https:\/\/historiografija.hr\/?p=54456","url_meta":{"origin":33839,"position":2},"title":"Promocija knjige &#8220;Dotr\u0161\u010dina&#8221;","author":"Branimir Jankovi\u0107","date":"3. srpnja 2026.","format":false,"excerpt":"Promocija knjige Dotr\u0161\u010dina odr\u017eat \u0107e se utorak, 7. 7. 2026. u 19 sati u dvorani KIC-a u Zagrebu (Preradovi\u0107eva 5). Spomen-park Dotr\u0161\u010dina najva\u017eniji je zagreba\u010dki memorijalni prostor, mjesto najve\u0107eg masovnog zlo\u010dina u povijesti glavnoga grada, najva\u017enija lokacija Holokausta u Zagrebu i jedno od namasovnijih strati\u0161ta II. svjetskog rata u Hrvatskoj.\u2026","rel":"","context":"U &quot;Novosti&quot;","block_context":{"text":"Novosti","link":"https:\/\/historiografija.hr\/?cat=3"},"img":{"alt_text":"","src":"https:\/\/i0.wp.com\/historiografija.hr\/wp-content\/uploads\/2026\/07\/sanjin-kastelan.webp?fit=1170%2C662&ssl=1&resize=350%2C200","width":350,"height":200,"srcset":"https:\/\/i0.wp.com\/historiografija.hr\/wp-content\/uploads\/2026\/07\/sanjin-kastelan.webp?fit=1170%2C662&ssl=1&resize=350%2C200 1x, https:\/\/i0.wp.com\/historiografija.hr\/wp-content\/uploads\/2026\/07\/sanjin-kastelan.webp?fit=1170%2C662&ssl=1&resize=525%2C300 1.5x, https:\/\/i0.wp.com\/historiografija.hr\/wp-content\/uploads\/2026\/07\/sanjin-kastelan.webp?fit=1170%2C662&ssl=1&resize=700%2C400 2x, https:\/\/i0.wp.com\/historiografija.hr\/wp-content\/uploads\/2026\/07\/sanjin-kastelan.webp?fit=1170%2C662&ssl=1&resize=1050%2C600 3x"},"classes":[]},{"id":55028,"url":"https:\/\/historiografija.hr\/?p=55028","url_meta":{"origin":33839,"position":3},"title":"Drago Roksandi\u0107\u00a0i\u00a0\u0160ime Pili\u0107,\u00a0\u201eKulturni front na Hvaru 1943.\u201c","author":"Branimir Jankovi\u0107","date":"20. kolovoza 2026.","format":false,"excerpt":"Nedavno je predstavljena knjiga Drage Roksandi\u0107a\u00a0i\u00a0\u0160ime Pili\u0107a\u00a0\u201eKulturni front na Hvaru 1943.\u201c o Hvarskoj konferenciji kulturnih radnika Dalmacije 18. i 19. prosinca 1943. godine, objavljena u izdanju Biblioteke VeDRA u Splitu. Op\u0161irnije: https:\/\/dalmatinskiportal.hr\/cetvrtak-predstavlja-se-knjiga-kulturni-front-na-hvaru-1943 https:\/\/slobodnadalmacija.hr\/split-i-zupanija\/split\/bila-je-to-intelektualna-reprezentacija-dalmacije-u-splitu-predstavljena-knjiga-o-hvarskoj-konferenciji-iz-1943-1563178 https:\/\/www.vecernji.hr\/vijesti\/u-kojoj-biste-politickoj-stranci-danas-nasli-ljude-koji-bi-zivot-bili-spremni-dati-za-svoja-uvjerenja-1973514","rel":"","context":"U &quot;Knjige&quot;","block_context":{"text":"Knjige","link":"https:\/\/historiografija.hr\/?cat=8"},"img":{"alt_text":"","src":"https:\/\/historiografija.hr\/wp-content\/uploads\/2026\/08\/Kulturni-front.avif","width":350,"height":200,"srcset":"https:\/\/historiografija.hr\/wp-content\/uploads\/2026\/08\/Kulturni-front.avif 1x, https:\/\/historiografija.hr\/wp-content\/uploads\/2026\/08\/Kulturni-front.avif 1.5x, https:\/\/historiografija.hr\/wp-content\/uploads\/2026\/08\/Kulturni-front.avif 2x, https:\/\/historiografija.hr\/wp-content\/uploads\/2026\/08\/Kulturni-front.avif 3x"},"classes":[]},{"id":54438,"url":"https:\/\/historiografija.hr\/?p=54438","url_meta":{"origin":33839,"position":4},"title":"Debata &#8220;Od Srebrenice do Gaze: od legitimacije do negiranja&#8221; u Beogradu","author":"Branimir Jankovi\u0107","date":"3. srpnja 2026.","format":false,"excerpt":"U okviru 18. po redu festivala KROKODIL, koji se odr\u017eava 3. i 4. jula 2026. u Beogradu pod motom KNJI\u017dEVNOST KAO NEPOSLU\u0160NOST\/LITERATURE AS DISOBEDIENCE, holandski histori\u010dar Ger Duijzing \u0107e razgovarati o temi Od Srebrenice do Gaze: od legitimacije do negiranja. Razgovor povezuje regionalno iskustvo s aktuelnim globalnim krizama i istra\u017euje\u2026","rel":"","context":"U &quot;Novosti&quot;","block_context":{"text":"Novosti","link":"https:\/\/historiografija.hr\/?cat=3"},"img":{"alt_text":"","src":"https:\/\/i0.wp.com\/historiografija.hr\/wp-content\/uploads\/2026\/07\/Krokodil-debata-2026.png?fit=1200%2C749&ssl=1&resize=350%2C200","width":350,"height":200,"srcset":"https:\/\/i0.wp.com\/historiografija.hr\/wp-content\/uploads\/2026\/07\/Krokodil-debata-2026.png?fit=1200%2C749&ssl=1&resize=350%2C200 1x, https:\/\/i0.wp.com\/historiografija.hr\/wp-content\/uploads\/2026\/07\/Krokodil-debata-2026.png?fit=1200%2C749&ssl=1&resize=525%2C300 1.5x, https:\/\/i0.wp.com\/historiografija.hr\/wp-content\/uploads\/2026\/07\/Krokodil-debata-2026.png?fit=1200%2C749&ssl=1&resize=700%2C400 2x, https:\/\/i0.wp.com\/historiografija.hr\/wp-content\/uploads\/2026\/07\/Krokodil-debata-2026.png?fit=1200%2C749&ssl=1&resize=1050%2C600 3x"},"classes":[]},{"id":54933,"url":"https:\/\/historiografija.hr\/?p=54933","url_meta":{"origin":33839,"position":5},"title":"Predstavljanje knjiga Antona Bozani\u0107a \u201cZavi\u010dajni kalendar otoka Krka\u201d i \u201cKr\u010dki iseljenici u New Yorku i Sjedinjenim Ameri\u010dkim Dr\u017eavama\u201d u Omi\u0161lju","author":"Branimir Jankovi\u0107","date":"11. kolovoza 2026.","format":false,"excerpt":"Promocija knjiga ''Zavi\u010dajni kalendar otoka Krka'' i \"Kr\u010dki iseljenici u New Yorku i u Sjedinjenim Ameri\u010dkim Dr\u017eavama'' doc. dr. sc. Antona Bozani\u0107a odr\u017eat \u0107e se u \u010detvrtak 13. kolovoza 2026. u 20,00 sati u Omi\u0161lju na Smitiru (kod \u017eupne crkve). Izvor: https:\/\/otok-krk.org\/krk\/pozivnica-promocija-knjiga-zavicajni-kalendar-otoka-krka-i-krcki-iseljenici-u-new-yorku-i-u-sjedinjenim-americkim-drzavama","rel":"","context":"U &quot;Novosti&quot;","block_context":{"text":"Novosti","link":"https:\/\/historiografija.hr\/?cat=3"},"img":{"alt_text":"","src":"https:\/\/i0.wp.com\/historiografija.hr\/wp-content\/uploads\/2026\/08\/slika-1.png?fit=1200%2C831&ssl=1&resize=350%2C200","width":350,"height":200,"srcset":"https:\/\/i0.wp.com\/historiografija.hr\/wp-content\/uploads\/2026\/08\/slika-1.png?fit=1200%2C831&ssl=1&resize=350%2C200 1x, https:\/\/i0.wp.com\/historiografija.hr\/wp-content\/uploads\/2026\/08\/slika-1.png?fit=1200%2C831&ssl=1&resize=525%2C300 1.5x, https:\/\/i0.wp.com\/historiografija.hr\/wp-content\/uploads\/2026\/08\/slika-1.png?fit=1200%2C831&ssl=1&resize=700%2C400 2x, https:\/\/i0.wp.com\/historiografija.hr\/wp-content\/uploads\/2026\/08\/slika-1.png?fit=1200%2C831&ssl=1&resize=1050%2C600 3x"},"classes":[]}],"_links":{"self":[{"href":"https:\/\/historiografija.hr\/index.php?rest_route=\/wp\/v2\/posts\/33839","targetHints":{"allow":["GET"]}}],"collection":[{"href":"https:\/\/historiografija.hr\/index.php?rest_route=\/wp\/v2\/posts"}],"about":[{"href":"https:\/\/historiografija.hr\/index.php?rest_route=\/wp\/v2\/types\/post"}],"author":[{"embeddable":true,"href":"https:\/\/historiografija.hr\/index.php?rest_route=\/wp\/v2\/users\/2"}],"replies":[{"embeddable":true,"href":"https:\/\/historiografija.hr\/index.php?rest_route=%2Fwp%2Fv2%2Fcomments&post=33839"}],"version-history":[{"count":1,"href":"https:\/\/historiografija.hr\/index.php?rest_route=\/wp\/v2\/posts\/33839\/revisions"}],"predecessor-version":[{"id":33841,"href":"https:\/\/historiografija.hr\/index.php?rest_route=\/wp\/v2\/posts\/33839\/revisions\/33841"}],"wp:featuredmedia":[{"embeddable":true,"href":"https:\/\/historiografija.hr\/index.php?rest_route=\/wp\/v2\/media\/33840"}],"wp:attachment":[{"href":"https:\/\/historiografija.hr\/index.php?rest_route=%2Fwp%2Fv2%2Fmedia&parent=33839"}],"wp:term":[{"taxonomy":"category","embeddable":true,"href":"https:\/\/historiografija.hr\/index.php?rest_route=%2Fwp%2Fv2%2Fcategories&post=33839"},{"taxonomy":"post_tag","embeddable":true,"href":"https:\/\/historiografija.hr\/index.php?rest_route=%2Fwp%2Fv2%2Ftags&post=33839"}],"curies":[{"name":"wp","href":"https:\/\/api.w.org\/{rel}","templated":true}]}}