{"id":33832,"date":"2022-12-15T22:45:25","date_gmt":"2022-12-15T22:45:25","guid":{"rendered":"http:\/\/historiografija.hr\/?p=33832"},"modified":"2022-12-15T22:45:25","modified_gmt":"2022-12-15T22:45:25","slug":"poziv-za-prijave-konferencija-zene-u-holokaustu","status":"publish","type":"post","link":"https:\/\/historiografija.hr\/?p=33832","title":{"rendered":"[Poziv za prijave] Konferencija \u201e\u017dene u Holokaustu\u201c"},"content":{"rendered":"\n<p><strong>\u017dene u Holokaustu<\/strong> je inauguralna konferencija Me\u0111unarodnog istra\u017eiva\u010dkog centra za sudbinu \u017eena u Holokaustu Memorijalnog centra za prou\u010davanje i istra\u017eivanje Holokausta Moreshet Mordechai Anielevich, Givat Haviva, Izrael, organizovana u partnerstvu sa ShoahLab: Laboratorijom za izu\u010davanje Holokausta IFDT i NVO Haver Srbija <strong>u Beogradu, 10\u201312. oktobara 2023<\/strong>. Konferencija ima za cilj da podstakne nau\u010dnu diskusiju i debatu o razli\u010ditim podelama, vezama i presecima koji se mogu na\u0107i u studijama Holokausta i rodnim studijama kada je re\u010d o pitanju sudbine \u017eena u Holokaustu.<\/p>\n\n\n\n<p>Odr\u017eavanjem konferencije u Beogradu, organizatori \u017eele da skrenu pa\u017enju istra\u017eiva\u010da na region Isto\u010dne i Centralne Evrope u kojem su se nema\u010dka nacisti\u010dka okupacija i rasna politika ukr\u0161tale sa konkurentskim nacionalizmima, pomeranjem granica i suverenitetom nacionalnih dr\u017eava.<\/p>\n\n\n\n<p>Istorija nema\u010dkog nacisti\u010dkog progona, proterivanja, bekstva, deportacije i ubistva Jevrejki i Romkinja odvijala se tokom Holokausta na \u0161iroj mapi etni\u010dkih i drugih rascepa i sukoba u isto\u010dnoj i centralnoj Evropi, i \u0161ire. Pitanja kako plodonosno integrisati istorije okupacije, antisemitizma i etni\u010dkog rasizma, kao i nadmetanja \u017ertava u razli\u010ditim zemljama isto\u010dne i centralne Evrope, ostaju istra\u017eiva\u010dki izazov i ta\u010dka rasprava u javnoj i nau\u010dnoj debati. Prou\u010davanje roda u Holokaustu donosi i nau\u010dne izazove u vezi sa intersekcionalno\u0161\u0107u verskih, etni\u010dkih i rodnih identiteta i uticaja, tenzija i trauma koje su oni proizveli.<\/p>\n\n\n\n<p>Organizatori konferencije pozivaju na predloge koji ispituju povezanost studija Holokausta sa raznim drugim istra\u017eiva\u010dkim oblastima i disciplinama, uklju\u010duju\u0107i, ali ne ograni\u010davaju\u0107i se na, dru\u0161tvene nauke, kulturu, studije pam\u0107enja, umetnost i obrazovanje. Pozdravljamo predloge radova koji dovode u pitanje i uspostavljene i nove disciplinske pristupe prou\u010davanju Holokausta, uklju\u010duju\u0107i predloge koji se bave i uklju\u010duju istoriju migracija (uklju\u010duju\u0107i izbeglice i raseljena lica) sa fokusom na \u017eene u Holokaustu.<\/p>\n\n\n\n<p>Rok za <a rel=\"noreferrer noopener\" href=\"https:\/\/ifdt.bg.ac.rs\/wp-content\/uploads\/2022\/12\/CfP-Women-in-the-Holocaust-Belgrade-October-2023.pdf\" target=\"_blank\"><strong>poziv za radove<\/strong><\/a> je 30. april 2023.<\/p>\n\n\n\n<hr class=\"wp-block-separator\"\/>\n\n\n\n<p>Izvor:<\/p>\n\n\n\n<p><a href=\"https:\/\/ifdt.bg.ac.rs\/index.php\/2022\/12\/05\/poziv-za-prijave-konferencija-zene-u-holokaustu\/\">https:\/\/ifdt.bg.ac.rs\/index.php\/2022\/12\/05\/poziv-za-prijave-konferencija-zene-u-holokaustu\/<\/a><\/p>\n\n\n\n<hr class=\"wp-block-separator\"\/>\n\n\n\n<p>Obavijest je objavljena i na portalu <strong>Historiografija.ba<\/strong>:<\/p>\n\n\n\n<p><a href=\"https:\/\/historiografija.ba\/article.php?id=1565\">https:\/\/historiografija.ba\/article.php?id=1565<\/a><\/p>\n\n\n\n<hr class=\"wp-block-separator\"\/>\n\n\n\n<p><\/p>\n","protected":false},"excerpt":{"rendered":"","protected":false},"author":2,"featured_media":33833,"comment_status":"open","ping_status":"open","sticky":false,"template":"","format":"standard","meta":{"_acf_changed":false,"jetpack_post_was_ever_published":false,"_jetpack_newsletter_access":"","_jetpack_dont_email_post_to_subs":false,"_jetpack_newsletter_tier_id":0,"_jetpack_memberships_contains_paywalled_content":false,"_jetpack_memberships_contains_paid_content":false,"footnotes":"","jetpack_publicize_message":"","jetpack_publicize_feature_enabled":true,"jetpack_social_post_already_shared":true,"jetpack_social_options":{"image_generator_settings":{"template":"highway","default_image_id":0,"font":"","enabled":false},"version":2}},"categories":[3,9],"tags":[],"class_list":["post-33832","post","type-post","status-publish","format-standard","has-post-thumbnail","hentry","category-novosti","category-skupovi"],"acf":{"facebook_opis":""},"jetpack_publicize_connections":[],"jetpack_featured_media_url":"https:\/\/i0.wp.com\/historiografija.hr\/wp-content\/uploads\/2022\/12\/women-in-the-holocaust.png?fit=1587%2C2245&ssl=1","jetpack_sharing_enabled":true,"jetpack-related-posts":[],"_links":{"self":[{"href":"https:\/\/historiografija.hr\/index.php?rest_route=\/wp\/v2\/posts\/33832","targetHints":{"allow":["GET"]}}],"collection":[{"href":"https:\/\/historiografija.hr\/index.php?rest_route=\/wp\/v2\/posts"}],"about":[{"href":"https:\/\/historiografija.hr\/index.php?rest_route=\/wp\/v2\/types\/post"}],"author":[{"embeddable":true,"href":"https:\/\/historiografija.hr\/index.php?rest_route=\/wp\/v2\/users\/2"}],"replies":[{"embeddable":true,"href":"https:\/\/historiografija.hr\/index.php?rest_route=%2Fwp%2Fv2%2Fcomments&post=33832"}],"version-history":[{"count":1,"href":"https:\/\/historiografija.hr\/index.php?rest_route=\/wp\/v2\/posts\/33832\/revisions"}],"predecessor-version":[{"id":33834,"href":"https:\/\/historiografija.hr\/index.php?rest_route=\/wp\/v2\/posts\/33832\/revisions\/33834"}],"wp:featuredmedia":[{"embeddable":true,"href":"https:\/\/historiografija.hr\/index.php?rest_route=\/wp\/v2\/media\/33833"}],"wp:attachment":[{"href":"https:\/\/historiografija.hr\/index.php?rest_route=%2Fwp%2Fv2%2Fmedia&parent=33832"}],"wp:term":[{"taxonomy":"category","embeddable":true,"href":"https:\/\/historiografija.hr\/index.php?rest_route=%2Fwp%2Fv2%2Fcategories&post=33832"},{"taxonomy":"post_tag","embeddable":true,"href":"https:\/\/historiografija.hr\/index.php?rest_route=%2Fwp%2Fv2%2Ftags&post=33832"}],"curies":[{"name":"wp","href":"https:\/\/api.w.org\/{rel}","templated":true}]}}