{"id":33829,"date":"2022-12-14T21:20:00","date_gmt":"2022-12-14T21:20:00","guid":{"rendered":"http:\/\/historiografija.hr\/?p=33829"},"modified":"2022-12-14T22:21:07","modified_gmt":"2022-12-14T22:21:07","slug":"izlozba-logor-na-beogradskom-sajmistu-1941-1944","status":"publish","type":"post","link":"https:\/\/historiografija.hr\/?p=33829","title":{"rendered":"Izlo\u017eba \u201eLogor na Beogradskom sajmi\u0161tu (1941-1944)\u201c"},"content":{"rendered":"\n<p>U Narodnom muzeju Srbije se u \u010detvrtak, 8. decembra 2022. godine u 13 \u010dasova, simboli\u010dno na dan po\u010detka interniranja u Jevrejski logor Zemun 1941. godine, sve\u010dano otvara izlo\u017eba <em>Logor na Beogradskom sajmi\u0161tu (1941-1944)<\/em> u organizaciji Memorijalnog centra <em>Staro sajmi\u0161te<\/em>. Izlo\u017eba \u0107e predstaviti dramati\u010dnu transformaciju Beogradskog sajmi\u0161ta od simbola privrednog napretka, savremene arhitekture i mesta povezivanja mlade Kraljevine Jugoslavije sa svetom do mesta masovnog zato\u010denja, smrti i razaranja. Dr\u017ee\u0107i se hronolo\u0161kog redosleda, posetioci \u0107e imati priliku da se upoznaju sa dve najva\u017enije istorijske faze Beogradskog sajmi\u0161ta: Jevrejski logor Zemun, u kojem su bili internirani svi preostali Jevreji iz Srbije, delom i Romi, kao i Prihvatni logor Zemun u kojem su bili internirani pre svega srpski civili i pripadnici ustani\u010dkih pokreta sa podru\u010dja usta\u0161ke NDH, Srbije i regiona.<\/p>\n\n\n\n<p>Memorijalni centar <em>Staro sajmi\u0161te<\/em> je republi\u010dka ustanova kulture osnovana 2022. godine sa ciljem da neguje se\u0107anja na \u017ertve Jevrejskog prolaznog logora Beograd \u2013 Topovske \u0161upe,&nbsp;Jevrejskog logora Zemun i Prihvatnog logora Zemun na nekada\u0161njem Beogradskom sajmi\u0161tu. Pored muzeolo\u0161ke delatnosti, ustanova se bavi edukativnom i nau\u010dno\u2010istra\u017eiva\u010dkom delatno\u0161\u0107u. Memorijalni centar <em>Staro sajmi\u0161te<\/em> obavlja i poslove u vezi sa rekonstrukcijom, adaptacijom i ure\u0111enjem postoje\u0107ih autenti\u010dnih objekata na Starom sajmi\u0161tu.<\/p>\n\n\n\n<p>Izlo\u017eba \u0107e biti otvorena do 15. januara.<\/p>\n\n\n\n<hr class=\"wp-block-separator\"\/>\n\n\n\n<p>Izvor:<\/p>\n\n\n\n<p><a href=\"http:\/\/www.narodnimuzej.rs\/otvarane-izlozhbe-logor-na-beogradskom-sajmishtu-1941-1944\/\">http:\/\/www.narodnimuzej.rs\/otvarane-izlozhbe-logor-na-beogradskom-sajmishtu-1941-1944\/<\/a><\/p>\n\n\n\n<hr class=\"wp-block-separator\"\/>\n\n\n\n<p><strong>Dodatne obavijesti i materijali:<\/strong><\/p>\n\n\n\n<p><a href=\"https:\/\/historiografija.ba\/article.php?id=1563\">https:\/\/historiografija.ba\/article.php?id=1563<\/a><\/p>\n\n\n\n<hr class=\"wp-block-separator\"\/>\n\n\n\n<p><\/p>\n","protected":false},"excerpt":{"rendered":"","protected":false},"author":2,"featured_media":33830,"comment_status":"open","ping_status":"open","sticky":false,"template":"","format":"standard","meta":{"_acf_changed":false,"jetpack_post_was_ever_published":false,"_jetpack_newsletter_access":"","_jetpack_dont_email_post_to_subs":false,"_jetpack_newsletter_tier_id":0,"_jetpack_memberships_contains_paywalled_content":false,"_jetpack_memberships_contains_paid_content":false,"footnotes":"","jetpack_publicize_message":"","jetpack_publicize_feature_enabled":true,"jetpack_social_post_already_shared":true,"jetpack_social_options":{"image_generator_settings":{"template":"highway","default_image_id":0,"font":"","enabled":false},"version":2}},"categories":[10,3],"tags":[],"class_list":["post-33829","post","type-post","status-publish","format-standard","has-post-thumbnail","hentry","category-izlozbe","category-novosti"],"acf":{"facebook_opis":""},"jetpack_publicize_connections":[],"jetpack_featured_media_url":"https:\/\/i0.wp.com\/historiografija.hr\/wp-content\/uploads\/2022\/12\/Sajmiste_logor.jpg?fit=555%2C465&ssl=1","jetpack_sharing_enabled":true,"jetpack-related-posts":[],"_links":{"self":[{"href":"https:\/\/historiografija.hr\/index.php?rest_route=\/wp\/v2\/posts\/33829","targetHints":{"allow":["GET"]}}],"collection":[{"href":"https:\/\/historiografija.hr\/index.php?rest_route=\/wp\/v2\/posts"}],"about":[{"href":"https:\/\/historiografija.hr\/index.php?rest_route=\/wp\/v2\/types\/post"}],"author":[{"embeddable":true,"href":"https:\/\/historiografija.hr\/index.php?rest_route=\/wp\/v2\/users\/2"}],"replies":[{"embeddable":true,"href":"https:\/\/historiografija.hr\/index.php?rest_route=%2Fwp%2Fv2%2Fcomments&post=33829"}],"version-history":[{"count":1,"href":"https:\/\/historiografija.hr\/index.php?rest_route=\/wp\/v2\/posts\/33829\/revisions"}],"predecessor-version":[{"id":33831,"href":"https:\/\/historiografija.hr\/index.php?rest_route=\/wp\/v2\/posts\/33829\/revisions\/33831"}],"wp:featuredmedia":[{"embeddable":true,"href":"https:\/\/historiografija.hr\/index.php?rest_route=\/wp\/v2\/media\/33830"}],"wp:attachment":[{"href":"https:\/\/historiografija.hr\/index.php?rest_route=%2Fwp%2Fv2%2Fmedia&parent=33829"}],"wp:term":[{"taxonomy":"category","embeddable":true,"href":"https:\/\/historiografija.hr\/index.php?rest_route=%2Fwp%2Fv2%2Fcategories&post=33829"},{"taxonomy":"post_tag","embeddable":true,"href":"https:\/\/historiografija.hr\/index.php?rest_route=%2Fwp%2Fv2%2Ftags&post=33829"}],"curies":[{"name":"wp","href":"https:\/\/api.w.org\/{rel}","templated":true}]}}