{"id":33825,"date":"2022-12-14T22:08:55","date_gmt":"2022-12-14T22:08:55","guid":{"rendered":"http:\/\/historiografija.hr\/?p=33825"},"modified":"2022-12-14T22:08:55","modified_gmt":"2022-12-14T22:08:55","slug":"konferencija-ako-ne-tada-sada-memorijalizacija-starog-sajmista-shoahlab","status":"publish","type":"post","link":"https:\/\/historiografija.hr\/?p=33825","title":{"rendered":"[Konferencija] \u201eAko ne tada, sada\u201c. Memorijalizacija Starog Sajmi\u0161ta (ShoahLab)"},"content":{"rendered":"\n<p>Institut za filozofiju i dru\u0161tvenu teoriju Univerziteta u Beogradu u saradnji sa Heinrich Boll Stiftung, Haver Srbija, i Memorijalni centar Staro sajmi\u0161te organizuje dvodnevnu me\u0111unarodnu konferenciju o Holokaustu i Sajmi\u0161te koncentracionom logoru u Beogradu 14. i 15. decembara pod nazivom \u201eAko ne tada, sada. Memoralizacija Starog sajmi\u0161ta\u201c.<\/p>\n\n\n\n<p>Cilj konferencije je da se osvrne na najnovije prakse memorijalizacije lokaliteta i uspostavljanja nove memorijalne ustanove i njene budu\u0107nosti. Pitanja koja \u0107e biti pokrenuta fokusirana su na memorijalizaciju istorije i \u017ertava, na mesto memorijala u kontekstu evropske mre\u017ee memorijalnih aktivnosti Holokausta i drugih mesta komemoracije nacisti\u010dkih zlo\u010dina, kao i na fundamentalno pitanje se\u0107anja na Holokaust i etiku u XXI veku zasi\u0107enom medijskim predstavljanjem i konzumeristi\u010dkim praksama.<\/p>\n\n\n\n<p>Konferencija \u0107e imati tri dela:<\/p>\n\n\n\n<p><strong>1. Holokaust na raskr\u0161\u0107u medija, etike i konzumerizma<\/strong><br>Narativi o Holokaustu se neprestano prepri\u010davaju, preobli\u010davaju, rekonstrui\u0161u, prise\u0107aju, postavljaju, izme\u0161taju, prisvajaju i pregovaraju zajedno sa njihovim praznim ili traumatskim rupturama i prazninama, ili upravo zbog njih.<\/p>\n\n\n\n<p><strong>2. Projekti na Starom Sajmi\u0161tu: borba za se\u0107anje<\/strong><br>Nevladine organizacije iz Srbije i drugih zemalja zajedni\u010dkim radom su producirale publikacije, digitalne alate, vodi\u010de i \u0161kolske priru\u010dnike koji mogu doprineti razvoju novog Memorijala i njegovih programa.<\/p>\n\n\n\n<p><strong>3. Memoralizacija Starog Sajmi\u0161ta<\/strong><br>Cilj okruglog stola je da se osvrne na iskustva proizvedena u razli\u010ditim evropskim zemljama sa akcentom na Nema\u010dku i Srbiju i ciljem razumevanja istorijskog znanja kroz pedago\u0161ki pristup koji razumljivim i uva\u017eavaju\u0107im jezikom prepri\u010dava tragi\u010dna iskustva koncentracionih logora.<\/p>\n\n\n\n<p>Konferencija \u0107e se odr\u017eati 14. decembra u 15 \u010dasova u Institutu za filozofiju i dru\u0161tvenu teoriju Univerziteta u Beogradu, i 15. decembra u 9:30 \u010dasova u Memorijalnom centru Staro Sajmi\u0161te.<\/p>\n\n\n\n<p><a href=\"https:\/\/ifdt.bg.ac.rs\/wp-content\/uploads\/2022\/12\/Program-isp.pdf\" target=\"_blank\" rel=\"noreferrer noopener\">Ovde preuzmite program konferencije.<\/a><\/p>\n\n\n\n<p>ZOOM link<\/p>\n\n\n\n<p>Dec 14-15, 15:00 CET, IFDT &amp; Staro Sajmi\u0161te\/online<\/p>\n\n\n\n<hr class=\"wp-block-separator\"\/>\n\n\n\n<p>Izvor:<\/p>\n\n\n\n<p><a href=\"https:\/\/ifdt.bg.ac.rs\/index.php\/events\/konferencija-ako-ne-tada-sada-memorijalizacija-starog-sajmista-shoahlab\/\">https:\/\/ifdt.bg.ac.rs\/index.php\/events\/konferencija-ako-ne-tada-sada-memorijalizacija-starog-sajmista-shoahlab\/<\/a><\/p>\n\n\n\n<hr class=\"wp-block-separator\"\/>\n","protected":false},"excerpt":{"rendered":"","protected":false},"author":2,"featured_media":33826,"comment_status":"open","ping_status":"open","sticky":false,"template":"","format":"standard","meta":{"_acf_changed":false,"jetpack_post_was_ever_published":false,"_jetpack_newsletter_access":"","_jetpack_dont_email_post_to_subs":false,"_jetpack_newsletter_tier_id":0,"_jetpack_memberships_contains_paywalled_content":false,"_jetpack_memberships_contains_paid_content":false,"footnotes":"","jetpack_publicize_message":"","jetpack_publicize_feature_enabled":true,"jetpack_social_post_already_shared":true,"jetpack_social_options":{"image_generator_settings":{"template":"highway","default_image_id":0,"font":"","enabled":false},"version":2}},"categories":[3,9],"tags":[],"class_list":["post-33825","post","type-post","status-publish","format-standard","has-post-thumbnail","hentry","category-novosti","category-skupovi"],"acf":{"facebook_opis":""},"jetpack_publicize_connections":[],"jetpack_featured_media_url":"https:\/\/i0.wp.com\/historiografija.hr\/wp-content\/uploads\/2022\/12\/Shoah.png?fit=1080%2C1080&ssl=1","jetpack_sharing_enabled":true,"jetpack-related-posts":[],"_links":{"self":[{"href":"https:\/\/historiografija.hr\/index.php?rest_route=\/wp\/v2\/posts\/33825","targetHints":{"allow":["GET"]}}],"collection":[{"href":"https:\/\/historiografija.hr\/index.php?rest_route=\/wp\/v2\/posts"}],"about":[{"href":"https:\/\/historiografija.hr\/index.php?rest_route=\/wp\/v2\/types\/post"}],"author":[{"embeddable":true,"href":"https:\/\/historiografija.hr\/index.php?rest_route=\/wp\/v2\/users\/2"}],"replies":[{"embeddable":true,"href":"https:\/\/historiografija.hr\/index.php?rest_route=%2Fwp%2Fv2%2Fcomments&post=33825"}],"version-history":[{"count":1,"href":"https:\/\/historiografija.hr\/index.php?rest_route=\/wp\/v2\/posts\/33825\/revisions"}],"predecessor-version":[{"id":33827,"href":"https:\/\/historiografija.hr\/index.php?rest_route=\/wp\/v2\/posts\/33825\/revisions\/33827"}],"wp:featuredmedia":[{"embeddable":true,"href":"https:\/\/historiografija.hr\/index.php?rest_route=\/wp\/v2\/media\/33826"}],"wp:attachment":[{"href":"https:\/\/historiografija.hr\/index.php?rest_route=%2Fwp%2Fv2%2Fmedia&parent=33825"}],"wp:term":[{"taxonomy":"category","embeddable":true,"href":"https:\/\/historiografija.hr\/index.php?rest_route=%2Fwp%2Fv2%2Fcategories&post=33825"},{"taxonomy":"post_tag","embeddable":true,"href":"https:\/\/historiografija.hr\/index.php?rest_route=%2Fwp%2Fv2%2Ftags&post=33825"}],"curies":[{"name":"wp","href":"https:\/\/api.w.org\/{rel}","templated":true}]}}