{"id":33818,"date":"2022-12-14T14:56:08","date_gmt":"2022-12-14T14:56:08","guid":{"rendered":"http:\/\/historiografija.hr\/?p=33818"},"modified":"2022-12-14T15:00:39","modified_gmt":"2022-12-14T15:00:39","slug":"medunarodni-znanstveni-skup-intelektualna-povijest-i-hrvatska-historiografija-stanje-i-perspektive","status":"publish","type":"post","link":"https:\/\/historiografija.hr\/?p=33818","title":{"rendered":"Me\u0111unarodni znanstveni skup \u201eIntelektualna povijest i hrvatska historiografija: stanje i perspektive\u201c"},"content":{"rendered":"\n<p>Me\u0111unarodni znanstveni skup \u201eIntelektualna povijest i hrvatska historiografija: stanje i perspektive\u201c odr\u017eat \u0107e se na Fakultetu hrvatskih studija Sveu\u010dili\u0161ta u Zagrebu u \u010detvrtak, 15. prosinca, s po\u010detkom u 9.15 h u dvorani Pula. Ovaj znanstveni skup organizira Odsjek za povijest Fakulteta hrvatskih studija u suradnji sa Znanstvenim zavodom FHS-a.<\/p>\n\n\n\n<p>Intelektualna povijest (ili neki njezini aspekti) sve je prisutnija u istra\u017eivanjima hrvatskih povjesni\u010dara, posebice u mla\u0111im generacijama. Povijesna poddisciplina intelektualne povijesti jasnije je definirana u drugoj polovici 20. stolje\u0107a i do danas nije izgubila na aktualnosti, nego se dodatno razvijala i etablirala. \u010cesto se poistovje\u0107uje s povije\u0161\u0107u ideja, no intelektualna povijest otvara \u0161iri prostor prou\u010davanju, analizi i konceptualizaciji. Budu\u0107i da sadr\u017ei osnovne postavke povijesti ideja (formalni koncepti u povijesti, filozofiji, knji\u017eevnosti, politi\u010dkim znanostima, znanosti op\u0107enito, itd.), intelektualna povijest je u temeljnom smislu interdisciplinarna.<\/p>\n\n\n\n<p>Izlaganja na znanstvenom skupu \u201eIntelektualna povijest i hrvatska historiografija: stanje i perspektive\u201c ukazat \u0107e na prisutnost i stanje istra\u017eivanja tema unutar intelektualne povijesti u hrvatskoj historiografiji. Nadamo se da \u0107e rasprave pridonijeti daljnjoj analizi prezentiranoga, posebice novim istra\u017eiva\u010dima koji su u procesu istra\u017eivanja. Na skupu bi se trebali revalorizirati dosada\u0161nji pristupi intelektualnoj povijesti i na\u010din obra\u0111ivanja pojedinih tema koje su identificirane kao krucijalne ili va\u017ene u odnosu na povijesnu znanost te bi se sukladno tome ponudili novi pristupi, odnosno ukazalo na daljnji inovacijski potencijal. Osim toga, ponudit \u0107e se prostor za autoevaluaciju jedne rastu\u0107e (prema interesu i opsegu) poddiscipline povijesne znanosti, ali i za metodolo\u0161ke pristupe interdisciplinarnom povezivanju povijesti i drugih humanisti\u010dkih ili prirodnih znanosti.<strong><\/strong><\/p>\n\n\n\n<p>Izlaganja su podijeljena u nekoliko kategorija:<\/p>\n\n\n\n<ol class=\"wp-block-list\" type=\"1\"><li>historiografija,<\/li><li>metodologija,<\/li><li>epoha,<\/li><li>intelektualac.<\/li><\/ol>\n\n\n\n<p>Na samom po\u010detku skupa odr\u017eat \u0107e se dva keynote predavanja. Prvo \u0107e odr\u017eati Richard Whatmore s Instituta za intelekualnu povijest Sveu\u010dili\u0161ta St Andrews pod nazivom \u201eIs There a Future for the Cambridge School of Intellectual History?\u201c, a drugo James M Robertson sa Sve\u010dili\u0161ta u Kaliforniji Irvine: \u201eMediating Spaces: On the Scales of Yugoslav Socialist Thought\u201c.<\/p>\n\n\n\n<p>Pozivamo sve zainteresirane da nam se pridru\u017ee! Skup \u0107e se mo\u0107i pratiti i na sljede\u0107oj poveznici: <\/p>\n\n\n\n<p><a rel=\"noreferrer noopener\" href=\"https:\/\/meet.jit.si\/intellectualhistoryzagreb\" target=\"_blank\">https:\/\/meet.jit.si\/intellectualhistoryzagreb<\/a><\/p>\n\n\n\n<hr class=\"wp-block-separator\"\/>\n\n\n\n<div class=\"wp-block-file\"><a href=\"https:\/\/historiografija.hr\/wp-content\/uploads\/2022\/12\/Intelektualna-povijest-i-hrvatska-historiografija-programska-knjizica.pdf\">Intelektualna-povijest-i-hrvatska-historiografija-programska-knjizica<\/a><a href=\"https:\/\/historiografija.hr\/wp-content\/uploads\/2022\/12\/Intelektualna-povijest-i-hrvatska-historiografija-programska-knjizica.pdf\" class=\"wp-block-file__button\" download>Preuzmi<\/a><\/div>\n\n\n\n<hr class=\"wp-block-separator\"\/>\n\n\n\n<figure class=\"wp-block-image size-large\"><img data-recalc-dims=\"1\" loading=\"lazy\" decoding=\"async\" width=\"733\" height=\"1024\" data-attachment-id=\"33821\" data-permalink=\"https:\/\/historiografija.hr\/?attachment_id=33821\" data-orig-file=\"https:\/\/i0.wp.com\/historiografija.hr\/wp-content\/uploads\/2022\/12\/Intelektualna-povijest-i-hrvatska-historiografija-plakat-scaled.jpg?fit=1833%2C2560&amp;ssl=1\" data-orig-size=\"1833,2560\" data-comments-opened=\"1\" data-image-meta=\"{&quot;aperture&quot;:&quot;0&quot;,&quot;credit&quot;:&quot;&quot;,&quot;camera&quot;:&quot;&quot;,&quot;caption&quot;:&quot;&quot;,&quot;created_timestamp&quot;:&quot;0&quot;,&quot;copyright&quot;:&quot;&quot;,&quot;focal_length&quot;:&quot;0&quot;,&quot;iso&quot;:&quot;0&quot;,&quot;shutter_speed&quot;:&quot;0&quot;,&quot;title&quot;:&quot;&quot;,&quot;orientation&quot;:&quot;0&quot;}\" data-image-title=\"Intelektualna povijest i hrvatska historiografija plakat\" data-image-description=\"\" data-image-caption=\"\" data-large-file=\"https:\/\/i0.wp.com\/historiografija.hr\/wp-content\/uploads\/2022\/12\/Intelektualna-povijest-i-hrvatska-historiografija-plakat-scaled.jpg?fit=733%2C1024&amp;ssl=1\" src=\"https:\/\/i0.wp.com\/historiografija.hr\/wp-content\/uploads\/2022\/12\/Intelektualna-povijest-i-hrvatska-historiografija-plakat.jpg?resize=733%2C1024&#038;ssl=1\" alt=\"\" class=\"wp-image-33821\" srcset=\"https:\/\/i0.wp.com\/historiografija.hr\/wp-content\/uploads\/2022\/12\/Intelektualna-povijest-i-hrvatska-historiografija-plakat-scaled.jpg?resize=733%2C1024&amp;ssl=1 733w, https:\/\/i0.wp.com\/historiografija.hr\/wp-content\/uploads\/2022\/12\/Intelektualna-povijest-i-hrvatska-historiografija-plakat-scaled.jpg?resize=215%2C300&amp;ssl=1 215w, https:\/\/i0.wp.com\/historiografija.hr\/wp-content\/uploads\/2022\/12\/Intelektualna-povijest-i-hrvatska-historiografija-plakat-scaled.jpg?resize=768%2C1072&amp;ssl=1 768w, https:\/\/i0.wp.com\/historiografija.hr\/wp-content\/uploads\/2022\/12\/Intelektualna-povijest-i-hrvatska-historiografija-plakat-scaled.jpg?resize=1100%2C1536&amp;ssl=1 1100w, https:\/\/i0.wp.com\/historiografija.hr\/wp-content\/uploads\/2022\/12\/Intelektualna-povijest-i-hrvatska-historiografija-plakat-scaled.jpg?resize=1467%2C2048&amp;ssl=1 1467w, https:\/\/i0.wp.com\/historiografija.hr\/wp-content\/uploads\/2022\/12\/Intelektualna-povijest-i-hrvatska-historiografija-plakat-scaled.jpg?w=1833&amp;ssl=1 1833w, https:\/\/i0.wp.com\/historiografija.hr\/wp-content\/uploads\/2022\/12\/Intelektualna-povijest-i-hrvatska-historiografija-plakat-scaled.jpg?w=1720&amp;ssl=1 1720w\" sizes=\"auto, (max-width: 733px) 100vw, 733px\" \/><\/figure>\n\n\n\n<hr class=\"wp-block-separator\"\/>\n","protected":false},"excerpt":{"rendered":"","protected":false},"author":2,"featured_media":33821,"comment_status":"open","ping_status":"open","sticky":false,"template":"","format":"standard","meta":{"_acf_changed":false,"jetpack_post_was_ever_published":false,"_jetpack_newsletter_access":"","_jetpack_dont_email_post_to_subs":false,"_jetpack_newsletter_tier_id":0,"_jetpack_memberships_contains_paywalled_content":false,"_jetpack_memberships_contains_paid_content":false,"footnotes":"","jetpack_publicize_message":"","jetpack_publicize_feature_enabled":true,"jetpack_social_post_already_shared":true,"jetpack_social_options":{"image_generator_settings":{"template":"highway","default_image_id":0,"font":"","enabled":false},"version":2}},"categories":[3,9],"tags":[],"class_list":["post-33818","post","type-post","status-publish","format-standard","has-post-thumbnail","hentry","category-novosti","category-skupovi"],"acf":{"facebook_opis":""},"jetpack_publicize_connections":[],"jetpack_featured_media_url":"https:\/\/i0.wp.com\/historiografija.hr\/wp-content\/uploads\/2022\/12\/Intelektualna-povijest-i-hrvatska-historiografija-plakat-scaled.jpg?fit=1833%2C2560&ssl=1","jetpack_sharing_enabled":true,"jetpack-related-posts":[],"_links":{"self":[{"href":"https:\/\/historiografija.hr\/index.php?rest_route=\/wp\/v2\/posts\/33818","targetHints":{"allow":["GET"]}}],"collection":[{"href":"https:\/\/historiografija.hr\/index.php?rest_route=\/wp\/v2\/posts"}],"about":[{"href":"https:\/\/historiografija.hr\/index.php?rest_route=\/wp\/v2\/types\/post"}],"author":[{"embeddable":true,"href":"https:\/\/historiografija.hr\/index.php?rest_route=\/wp\/v2\/users\/2"}],"replies":[{"embeddable":true,"href":"https:\/\/historiografija.hr\/index.php?rest_route=%2Fwp%2Fv2%2Fcomments&post=33818"}],"version-history":[{"count":4,"href":"https:\/\/historiografija.hr\/index.php?rest_route=\/wp\/v2\/posts\/33818\/revisions"}],"predecessor-version":[{"id":33824,"href":"https:\/\/historiografija.hr\/index.php?rest_route=\/wp\/v2\/posts\/33818\/revisions\/33824"}],"wp:featuredmedia":[{"embeddable":true,"href":"https:\/\/historiografija.hr\/index.php?rest_route=\/wp\/v2\/media\/33821"}],"wp:attachment":[{"href":"https:\/\/historiografija.hr\/index.php?rest_route=%2Fwp%2Fv2%2Fmedia&parent=33818"}],"wp:term":[{"taxonomy":"category","embeddable":true,"href":"https:\/\/historiografija.hr\/index.php?rest_route=%2Fwp%2Fv2%2Fcategories&post=33818"},{"taxonomy":"post_tag","embeddable":true,"href":"https:\/\/historiografija.hr\/index.php?rest_route=%2Fwp%2Fv2%2Ftags&post=33818"}],"curies":[{"name":"wp","href":"https:\/\/api.w.org\/{rel}","templated":true}]}}