{"id":33816,"date":"2022-12-14T14:49:04","date_gmt":"2022-12-14T14:49:04","guid":{"rendered":"http:\/\/historiografija.hr\/?p=33816"},"modified":"2022-12-14T14:49:04","modified_gmt":"2022-12-14T14:49:04","slug":"timber-colonialism-without-colonies-bosnia-and-herzegovina-as-an-extractive-periphery-during-the-inter-imperial-transition-from-ottoman-to-habsburg-empire-1850-1918","status":"publish","type":"post","link":"https:\/\/historiografija.hr\/?p=33816","title":{"rendered":"Timber Colonialism without Colonies: Bosnia and Herzegovina as an Extractive Periphery during the Inter-Imperial Transition from Ottoman to Habsburg Empire 1850\u20141918"},"content":{"rendered":"\n<p>15.12.2022 14:00 Uhr IOS, Raum 319, Landshuter Str. 4, 93047 Regensburg Vortr\u00e4ge<\/p>\n\n\n\n<p>Vortrag von Iva Lu\u010di\u0107 (Uppsala) im Forschungskolloquium <a href=\"https:\/\/leibniz-ios.de\/wissen-vermitteln\/veranstaltungen\/veranstaltungsreihen\/forschungslabor-geschichte-und-sozialanthropologie-suedost-und-osteuropas\" target=\"_blank\" rel=\"noreferrer noopener\">\u201eGeschichte und Sozialanthropologie S\u00fcdost\u2010 und Osteuropas\u201c<\/a>.<\/p>\n\n\n\n<p>Das Kolloquium wird veranstaltet vom Lehrstuhl Geschichte S\u00fcdost\u2010 und Osteuropas an der Universit\u00e4t Regensburg und dem IOS. Kooperation: Graduiertenschule f\u00fcr Ost\u2010 und S\u00fcdosteuropastudien, Leibniz\u2010WissenschaftsCampus \u201eEuropa und Amerika in der modernen Welt\u201c.<\/p>\n\n\n\n<hr class=\"wp-block-separator\"\/>\n\n\n\n<p>Izvor:<\/p>\n\n\n\n<p><a href=\"https:\/\/leibniz-ios.de\/veranstaltungen\/detail\/timber-colonialism-without-colonies-bosnia-and-herzegovina-as-an-extractive-periphery-during-the-inter-imperial-transition-from-ottoman-to-habsburg-empire-1850-1918\">https:\/\/leibniz-ios.de\/veranstaltungen\/detail\/timber-colonialism-without-colonies-bosnia-and-herzegovina-as-an-extractive-periphery-during-the-inter-imperial-transition-from-ottoman-to-habsburg-empire-1850-1918<\/a><\/p>\n\n\n\n<hr class=\"wp-block-separator\"\/>\n","protected":false},"excerpt":{"rendered":"","protected":false},"author":2,"featured_media":26674,"comment_status":"open","ping_status":"open","sticky":false,"template":"","format":"standard","meta":{"_acf_changed":false,"_jetpack_newsletter_access":"","_jetpack_dont_email_post_to_subs":false,"_jetpack_newsletter_tier_id":0,"_jetpack_memberships_contains_paywalled_content":false,"_jetpack_memberships_contains_paid_content":false,"footnotes":"","jetpack_publicize_message":"","jetpack_publicize_feature_enabled":true,"jetpack_social_post_already_shared":true,"jetpack_social_options":{"image_generator_settings":{"template":"highway","default_image_id":0,"font":"","enabled":false},"version":2},"jetpack_post_was_ever_published":false},"categories":[3],"tags":[],"class_list":["post-33816","post","type-post","status-publish","format-standard","has-post-thumbnail","hentry","category-novosti"],"acf":{"facebook_opis":""},"jetpack_publicize_connections":[],"jetpack_featured_media_url":"https:\/\/i0.wp.com\/historiografija.hr\/wp-content\/uploads\/2021\/06\/IOS_Institut.jpg?fit=800%2C533&ssl=1","jetpack_sharing_enabled":true,"jetpack-related-posts":[{"id":54420,"url":"https:\/\/historiografija.hr\/?p=54420","url_meta":{"origin":33816,"position":0},"title":"Anna H\u00e1jkov\u00e1, &#8220;Das letzte Ghetto. Eine Alltagsgeschichte von Theresienstadt&#8221;","author":"Branimir Jankovi\u0107","date":"2. srpnja 2026.","format":false,"excerpt":"W\u00e4hrend des Holocaust bildete sich in der H\u00e4ftlingsgesellschaft von Theresienstadt eine eigene soziale Hierarchie heraus. Dabei entschieden kleine Unterschiede zwischen den H\u00e4ftlingen \u2013 ihr Alter, ihre Herkunft oder ihre fr\u00fchere Arbeit \u2013 \u00fcber Leben und Tod. In den dreieinhalb Jahren des Bestehens des Lagers schufen die H\u00e4ftlinge ihre eigene Kultur\u2026","rel":"","context":"U &quot;Knjige&quot;","block_context":{"text":"Knjige","link":"https:\/\/historiografija.hr\/?cat=8"},"img":{"alt_text":"","src":"https:\/\/i0.wp.com\/historiografija.hr\/wp-content\/uploads\/2026\/07\/A_Hajkova.jpg?fit=789%2C685&ssl=1&resize=350%2C200","width":350,"height":200,"srcset":"https:\/\/i0.wp.com\/historiografija.hr\/wp-content\/uploads\/2026\/07\/A_Hajkova.jpg?fit=789%2C685&ssl=1&resize=350%2C200 1x, https:\/\/i0.wp.com\/historiografija.hr\/wp-content\/uploads\/2026\/07\/A_Hajkova.jpg?fit=789%2C685&ssl=1&resize=525%2C300 1.5x, https:\/\/i0.wp.com\/historiografija.hr\/wp-content\/uploads\/2026\/07\/A_Hajkova.jpg?fit=789%2C685&ssl=1&resize=700%2C400 2x"},"classes":[]},{"id":54476,"url":"https:\/\/historiografija.hr\/?p=54476","url_meta":{"origin":33816,"position":1},"title":"Predavanje Senne \u0160imek &#8220;Croatian Government Responses to ICTY Judgments on Bosnia and Herzegovina: Continuity or Change?&#8221; u Berlinu","author":"Branimir Jankovi\u0107","date":"6. srpnja 2026.","format":false,"excerpt":"U sklopu kolokvija \"Themen, Theorien und Forschungsans\u00e4tze in der Geschichte Mittel-\/S\u00fcdosteuropas\" (TTF) koji se odr\u017eava na\u00a0Katedri za povijest jugoisto\u010dne Europe (Chair for Southeast European History) u okviru Odsjeka za povijest Humboldtovog sveu\u010dili\u0161ta u Berlinu, u srijedu, 8. srpnja 2026. u 12:15, doktorandica na doktorskom studiju Moderna i suvremena hrvatska povijest\u2026","rel":"","context":"U &quot;Novosti&quot;","block_context":{"text":"Novosti","link":"https:\/\/historiografija.hr\/?cat=3"},"img":{"alt_text":"","src":"https:\/\/i0.wp.com\/historiografija.hr\/wp-content\/uploads\/2017\/07\/Huberlin-logo_svg.png?fit=1024%2C1024&ssl=1&resize=350%2C200","width":350,"height":200,"srcset":"https:\/\/i0.wp.com\/historiografija.hr\/wp-content\/uploads\/2017\/07\/Huberlin-logo_svg.png?fit=1024%2C1024&ssl=1&resize=350%2C200 1x, https:\/\/i0.wp.com\/historiografija.hr\/wp-content\/uploads\/2017\/07\/Huberlin-logo_svg.png?fit=1024%2C1024&ssl=1&resize=525%2C300 1.5x, https:\/\/i0.wp.com\/historiografija.hr\/wp-content\/uploads\/2017\/07\/Huberlin-logo_svg.png?fit=1024%2C1024&ssl=1&resize=700%2C400 2x"},"classes":[]},{"id":49750,"url":"https:\/\/historiografija.hr\/?p=49750","url_meta":{"origin":33816,"position":2},"title":"Rashid I. Khalidi, &#8220;Hundred Years&#8217; War on Palestine&#8221;","author":"Branimir Jankovi\u0107","date":"20. studenoga 2025.","format":false,"excerpt":"The twentieth century for Palestine and the Palestinians has been a century of denial: denial of statehood, denial of nationhood and denial of history. The Hundred Years War on Palestine is Rashid Khalidi`s powerful response. Drawing on his family archives, he reclaims the fundamental right of any people: to narrate\u2026","rel":"","context":"U &quot;Knjige&quot;","block_context":{"text":"Knjige","link":"https:\/\/historiografija.hr\/?cat=8"},"img":{"alt_text":"","src":"https:\/\/i0.wp.com\/historiografija.hr\/wp-content\/uploads\/2025\/11\/Rashid.jpg?fit=360%2C553&ssl=1&resize=350%2C200","width":350,"height":200},"classes":[]},{"id":51481,"url":"https:\/\/historiografija.hr\/?p=51481","url_meta":{"origin":33816,"position":3},"title":"CfP: New Approaches to the Study of the ICTY Archives","author":"Branimir Jankovi\u0107","date":"13. velja\u010de 2026.","format":false,"excerpt":"In April 2008, the International Criminal Tribunal for the former Yugoslavia (ICTY) launched its online Court Records Database, making documents from Tribunal proceedings broadly accessible for research and teaching. Early expectations were high: the evidentiary record introduced at trial was hoped to help future generations \"understand the region's history and\u2026","rel":"","context":"U &quot;Novosti&quot;","block_context":{"text":"Novosti","link":"https:\/\/historiografija.hr\/?cat=3"},"img":{"alt_text":"","src":"https:\/\/i0.wp.com\/historiografija.hr\/wp-content\/uploads\/2026\/02\/Icty.jpg?fit=550%2C367&ssl=1&resize=350%2C200","width":350,"height":200,"srcset":"https:\/\/i0.wp.com\/historiografija.hr\/wp-content\/uploads\/2026\/02\/Icty.jpg?fit=550%2C367&ssl=1&resize=350%2C200 1x, https:\/\/i0.wp.com\/historiografija.hr\/wp-content\/uploads\/2026\/02\/Icty.jpg?fit=550%2C367&ssl=1&resize=525%2C300 1.5x"},"classes":[]},{"id":54635,"url":"https:\/\/historiografija.hr\/?p=54635","url_meta":{"origin":33816,"position":4},"title":"Call for Applications \u2013 Seed funding for junior post-doctoral scholars 2026\/2027","author":"Branimir Jankovi\u0107","date":"16. srpnja 2026.","format":false,"excerpt":"We are pleased to announce the call for applications for our 2026\/2027 seed funding programme to commence in January 2027 the earliest. This programme targets junior post-doctoral researchers, particularly (but not exclusively) from Southeastern Europe, who are historians, anthropologists, linguists, and\/or scholars of cognate disciplines. It aims to provide financial\u2026","rel":"","context":"U &quot;Novosti&quot;","block_context":{"text":"Novosti","link":"https:\/\/historiografija.hr\/?cat=3"},"img":{"alt_text":"","src":"https:\/\/i0.wp.com\/historiografija.hr\/wp-content\/uploads\/2026\/07\/werner-du-plessis.jpg?fit=1200%2C800&ssl=1&resize=350%2C200","width":350,"height":200,"srcset":"https:\/\/i0.wp.com\/historiografija.hr\/wp-content\/uploads\/2026\/07\/werner-du-plessis.jpg?fit=1200%2C800&ssl=1&resize=350%2C200 1x, https:\/\/i0.wp.com\/historiografija.hr\/wp-content\/uploads\/2026\/07\/werner-du-plessis.jpg?fit=1200%2C800&ssl=1&resize=525%2C300 1.5x, https:\/\/i0.wp.com\/historiografija.hr\/wp-content\/uploads\/2026\/07\/werner-du-plessis.jpg?fit=1200%2C800&ssl=1&resize=700%2C400 2x, https:\/\/i0.wp.com\/historiografija.hr\/wp-content\/uploads\/2026\/07\/werner-du-plessis.jpg?fit=1200%2C800&ssl=1&resize=1050%2C600 3x"},"classes":[]},{"id":54451,"url":"https:\/\/historiografija.hr\/?p=54451","url_meta":{"origin":33816,"position":5},"title":"Gewalt historisch lesen. Praxisbeispiele f\u00fcr multiperspektivische Interpretationen von Quellen in der Geschichtswissenschaft","author":"Branimir Jankovi\u0107","date":"3. srpnja 2026.","format":false,"excerpt":"Die Interpretation von historischen Quellen ist in der Geschichtswissenschaft der wichtigste Weg zur Gewinnung von Erkenntnis. Am Beispiel der Gewaltgeschichte erl\u00e4utern die Beitr\u00e4gerinnen den korrekten Umgang mit unterschiedlichem Quellenmaterial. Durch die ausf\u00fchrliche Darstellung von Best-Practice-Beispielen geben sie konkrete Hilfestellung bei der Quellenanalyse. Eine Quelle wird dabei von zwei Wissenschaftlerinnen interpretiert\u2026","rel":"","context":"U &quot;E-knjige&quot;","block_context":{"text":"E-knjige","link":"https:\/\/historiografija.hr\/?cat=19"},"img":{"alt_text":"","src":"https:\/\/i0.wp.com\/historiografija.hr\/wp-content\/uploads\/2026\/07\/Gewalt-Buch.jpg?fit=775%2C670&ssl=1&resize=350%2C200","width":350,"height":200,"srcset":"https:\/\/i0.wp.com\/historiografija.hr\/wp-content\/uploads\/2026\/07\/Gewalt-Buch.jpg?fit=775%2C670&ssl=1&resize=350%2C200 1x, https:\/\/i0.wp.com\/historiografija.hr\/wp-content\/uploads\/2026\/07\/Gewalt-Buch.jpg?fit=775%2C670&ssl=1&resize=525%2C300 1.5x, https:\/\/i0.wp.com\/historiografija.hr\/wp-content\/uploads\/2026\/07\/Gewalt-Buch.jpg?fit=775%2C670&ssl=1&resize=700%2C400 2x"},"classes":[]}],"_links":{"self":[{"href":"https:\/\/historiografija.hr\/index.php?rest_route=\/wp\/v2\/posts\/33816","targetHints":{"allow":["GET"]}}],"collection":[{"href":"https:\/\/historiografija.hr\/index.php?rest_route=\/wp\/v2\/posts"}],"about":[{"href":"https:\/\/historiografija.hr\/index.php?rest_route=\/wp\/v2\/types\/post"}],"author":[{"embeddable":true,"href":"https:\/\/historiografija.hr\/index.php?rest_route=\/wp\/v2\/users\/2"}],"replies":[{"embeddable":true,"href":"https:\/\/historiografija.hr\/index.php?rest_route=%2Fwp%2Fv2%2Fcomments&post=33816"}],"version-history":[{"count":1,"href":"https:\/\/historiografija.hr\/index.php?rest_route=\/wp\/v2\/posts\/33816\/revisions"}],"predecessor-version":[{"id":33817,"href":"https:\/\/historiografija.hr\/index.php?rest_route=\/wp\/v2\/posts\/33816\/revisions\/33817"}],"wp:featuredmedia":[{"embeddable":true,"href":"https:\/\/historiografija.hr\/index.php?rest_route=\/wp\/v2\/media\/26674"}],"wp:attachment":[{"href":"https:\/\/historiografija.hr\/index.php?rest_route=%2Fwp%2Fv2%2Fmedia&parent=33816"}],"wp:term":[{"taxonomy":"category","embeddable":true,"href":"https:\/\/historiografija.hr\/index.php?rest_route=%2Fwp%2Fv2%2Fcategories&post=33816"},{"taxonomy":"post_tag","embeddable":true,"href":"https:\/\/historiografija.hr\/index.php?rest_route=%2Fwp%2Fv2%2Ftags&post=33816"}],"curies":[{"name":"wp","href":"https:\/\/api.w.org\/{rel}","templated":true}]}}