{"id":33807,"date":"2022-12-13T23:29:47","date_gmt":"2022-12-13T23:29:47","guid":{"rendered":"http:\/\/historiografija.hr\/?p=33807"},"modified":"2022-12-23T10:55:37","modified_gmt":"2022-12-23T10:55:37","slug":"umrla-latinka-perovic","status":"publish","type":"post","link":"https:\/\/historiografija.hr\/?p=33807","title":{"rendered":"Umrla Latinka Perovi\u0107"},"content":{"rendered":"\n<p>U Beogradu je u 90. godini umrla povjesni\u010darka Latinka Perovi\u0107 (1933-2022), koja je intenzivno sura\u0111ivala s hrvatskim povjesni\u010darima i povjesni\u010darkama te \u010desto gostovala u Hrvatskoj.<\/p>\n\n\n\n<hr class=\"wp-block-separator\"\/>\n\n\n\n<p><strong>Obavijesti o smrti<\/strong><\/p>\n\n\n\n<p><a href=\"https:\/\/www.vecernji.hr\/vijesti\/preminula-je-istaknuta-srpska-politicarka-latinka-perovic-protivila-se-milosevicevoj-politici-1641285\">https:\/\/www.vecernji.hr\/vijesti\/preminula-je-istaknuta-srpska-politicarka-latinka-perovic-protivila-se-milosevicevoj-politici-1641285<\/a><\/p>\n\n\n\n<p><a href=\"https:\/\/www.jutarnji.hr\/vijesti\/svijet\/preminula-je-istaknuta-srpska-povjesnicarka-i-politicarka-latinka-perovic-15285475\">https:\/\/www.jutarnji.hr\/vijesti\/svijet\/preminula-je-istaknuta-srpska-povjesnicarka-i-politicarka-latinka-perovic-15285475<\/a><\/p>\n\n\n\n<p><a href=\"https:\/\/www.jutarnji.hr\/vijesti\/svijet\/jedno-od-zadnjih-predavanja-latinke-perovic-u-srbiji-se-vodi-politika-koja-je-dovela-do-krvavog-raspada-jugoslavije-15285483\">https:\/\/www.jutarnji.hr\/vijesti\/svijet\/jedno-od-zadnjih-predavanja-latinke-perovic-u-srbiji-se-vodi-politika-koja-je-dovela-do-krvavog-raspada-jugoslavije-15285483<\/a><\/p>\n\n\n\n<p><a href=\"https:\/\/www.index.hr\/vijesti\/clanak\/umrla-latinka-perovic\/2420238.aspx\">https:\/\/www.index.hr\/vijesti\/clanak\/umrla-latinka-perovic\/2420238.aspx<\/a><\/p>\n\n\n\n<p><a href=\"https:\/\/www.tportal.hr\/vijesti\/clanak\/preminula-povjesnicarka-i-politicarka-latinka-perovic-20221212\">https:\/\/www.tportal.hr\/vijesti\/clanak\/preminula-povjesnicarka-i-politicarka-latinka-perovic-20221212<\/a><\/p>\n\n\n\n<p><a href=\"https:\/\/www.24sata.hr\/news\/preminula-latinka-perovic-879254\">https:\/\/www.24sata.hr\/news\/preminula-latinka-perovic-879254<\/a><\/p>\n\n\n\n<p><a href=\"https:\/\/slobodnadalmacija.hr\/vijesti\/regija\/preminula-je-istaknuta-srpska-povjesnicarka-i-politicarka-latinka-perovic-1248291\">https:\/\/slobodnadalmacija.hr\/vijesti\/regija\/preminula-je-istaknuta-srpska-povjesnicarka-i-politicarka-latinka-perovic-1248291<\/a><\/p>\n\n\n\n<hr class=\"wp-block-separator\"\/>\n\n\n\n<p><a href=\"https:\/\/www.danas.rs\/vesti\/drustvo\/preminula-umrla-latinka-perovic\/\">https:\/\/www.danas.rs\/vesti\/drustvo\/preminula-umrla-latinka-perovic\/<\/a><\/p>\n\n\n\n<hr class=\"wp-block-separator\"\/>\n\n\n\n<p><strong>Nekrolozi<\/strong><\/p>\n\n\n\n<hr class=\"wp-block-separator\"\/>\n\n\n\n<p>Tvrtko Jakovina<\/p>\n\n\n\n<p><a href=\"https:\/\/www.jutarnji.hr\/vijesti\/svijet\/latinka-je-potkraj-govorila-nestale-su-i-vaznije-nacije-mogli-bi-i-srbi-jer-su-propustili-izabrati-zapad-15285739\">https:\/\/www.jutarnji.hr\/vijesti\/svijet\/latinka-je-potkraj-govorila-nestale-su-i-vaznije-nacije-mogli-bi-i-srbi-jer-su-propustili-izabrati-zapad-15285739<\/a><\/p>\n\n\n\n<p><a href=\"http:\/\/www.helsinki.org.rs\/serbian\/aktuelnosti_t611.html\">http:\/\/www.helsinki.org.rs\/serbian\/aktuelnosti_t611.html<\/a><\/p>\n\n\n\n<figure class=\"wp-block-embed-wordpress wp-block-embed is-type-wp-embed is-provider-autonomija\"><div class=\"wp-block-embed__wrapper\">\n<blockquote class=\"wp-embedded-content\" data-secret=\"GOctk5Upc8\"><a href=\"https:\/\/autonomija.info\/tvrtko-jakovina-latinka-je-potkraj-govorila-nestale-su-i-vaznije-nacije-mogli-bi-i-srbi-jer-su-propustili-izabrati-zapad\/\">TVRTKO JAKOVINA: Latinka je potkraj govorila &#8211; Nestale su i va\u017enije nacije, mogli bi i Srbi jer su propustili izabrati Zapad<\/a><\/blockquote><iframe loading=\"lazy\" class=\"wp-embedded-content\" sandbox=\"allow-scripts\" security=\"restricted\" style=\"position: absolute; clip: rect(1px, 1px, 1px, 1px);\" title=\"&#132;TVRTKO JAKOVINA: Latinka je potkraj govorila &#8211; Nestale su i va\u017enije nacije, mogli bi i Srbi jer su propustili izabrati Zapad&#147; &#8212; Autonomija\" src=\"https:\/\/autonomija.info\/tvrtko-jakovina-latinka-je-potkraj-govorila-nestale-su-i-vaznije-nacije-mogli-bi-i-srbi-jer-su-propustili-izabrati-zapad\/embed\/#?secret=ixpx8lT4TG#?secret=GOctk5Upc8\" data-secret=\"GOctk5Upc8\" width=\"600\" height=\"338\" frameborder=\"0\" marginwidth=\"0\" marginheight=\"0\" scrolling=\"no\"><\/iframe>\n<\/div><\/figure>\n\n\n\n<hr class=\"wp-block-separator\"\/>\n\n\n\n<p>Dragan Markovina<\/p>\n\n\n\n<p><a href=\"https:\/\/www.telegram.hr\/politika-kriminal\/odlazak-zene-pod-cijim-bi-vodstvom-u-jugoslaviji-sve-zavrsilo-drugacije-njezina-smjena-bila-je-najveca-titova-greska\/\">https:\/\/www.telegram.hr\/politika-kriminal\/odlazak-zene-pod-cijim-bi-vodstvom-u-jugoslaviji-sve-zavrsilo-drugacije-njezina-smjena-bila-je-najveca-titova-greska\/<\/a><\/p>\n\n\n\n<figure class=\"wp-block-embed-wordpress wp-block-embed is-type-wp-embed is-provider-pescanik\"><div class=\"wp-block-embed__wrapper\">\n<blockquote class=\"wp-embedded-content\" data-secret=\"dp1Ii2Yi4D\"><a href=\"https:\/\/pescanik.net\/odlazak-latinke-perovic\/\">Odlazak Latinke Perovi\u0107<\/a><\/blockquote><iframe loading=\"lazy\" class=\"wp-embedded-content\" sandbox=\"allow-scripts\" security=\"restricted\" style=\"position: absolute; clip: rect(1px, 1px, 1px, 1px);\" title=\"&#8220;Odlazak Latinke Perovi\u0107&#8221; &#8212; Pe\u0161\u010danik\" src=\"https:\/\/pescanik.net\/odlazak-latinke-perovic\/embed\/#?secret=5D8k8zFdbV#?secret=dp1Ii2Yi4D\" data-secret=\"dp1Ii2Yi4D\" width=\"600\" height=\"338\" frameborder=\"0\" marginwidth=\"0\" marginheight=\"0\" scrolling=\"no\"><\/iframe>\n<\/div><\/figure>\n\n\n\n<p><a href=\"http:\/\/www.helsinki.org.rs\/serbian\/aktuelnosti_t609.html\">http:\/\/www.helsinki.org.rs\/serbian\/aktuelnosti_t609.html<\/a><\/p>\n\n\n\n<hr class=\"wp-block-separator\"\/>\n\n\n\n<p>Goran Borkovi\u0107<\/p>\n\n\n\n<p><a href=\"https:\/\/www.portalnovosti.com\/in-memoriam-latinka-perovic-1933-2022\">https:\/\/www.portalnovosti.com\/in-memoriam-latinka-perovic-1933-2022<\/a><\/p>\n\n\n\n<hr class=\"wp-block-separator\"\/>\n\n\n\n<p>Husnija Kamberovi\u0107<\/p>\n\n\n\n<p><a href=\"https:\/\/historiografija.ba\/article.php?id=1571\">https:\/\/historiografija.ba\/article.php?id=1571<\/a><\/p>\n\n\n\n<hr class=\"wp-block-separator\"\/>\n\n\n\n<p>Milivoj Be\u0161lin<\/p>\n\n\n\n<figure class=\"wp-block-embed-wordpress wp-block-embed is-type-wp-embed is-provider-pescanik\"><div class=\"wp-block-embed__wrapper\">\n<blockquote class=\"wp-embedded-content\" data-secret=\"Zt4FBxgNIw\"><a href=\"https:\/\/pescanik.net\/latinka-perovic-in-memoriam\/\">Latinka Perovi\u0107, In memoriam<\/a><\/blockquote><iframe loading=\"lazy\" class=\"wp-embedded-content\" sandbox=\"allow-scripts\" security=\"restricted\" style=\"position: absolute; clip: rect(1px, 1px, 1px, 1px);\" title=\"&#8220;Latinka Perovi\u0107, In memoriam&#8221; &#8212; Pe\u0161\u010danik\" src=\"https:\/\/pescanik.net\/latinka-perovic-in-memoriam\/embed\/#?secret=QhWymB6YOe#?secret=Zt4FBxgNIw\" data-secret=\"Zt4FBxgNIw\" width=\"600\" height=\"338\" frameborder=\"0\" marginwidth=\"0\" marginheight=\"0\" scrolling=\"no\"><\/iframe>\n<\/div><\/figure>\n\n\n\n<p><a href=\"https:\/\/historiografija.ba\/article.php?id=1574\">https:\/\/historiografija.ba\/article.php?id=1574<\/a><\/p>\n\n\n\n<hr class=\"wp-block-separator\"\/>\n\n\n\n<p>Dubravka Stojanovi\u0107<\/p>\n\n\n\n<p><a href=\"https:\/\/novimagazin.rs\/in-memoriam\/285409-dubravka-stojanovic-o-latinki-onako-kako-ona-ne-bi-volela\">https:\/\/novimagazin.rs\/in-memoriam\/285409-dubravka-stojanovic-o-latinki-onako-kako-ona-ne-bi-volela<\/a><\/p>\n\n\n\n<figure class=\"wp-block-embed-wordpress wp-block-embed is-type-wp-embed is-provider-pescanik\"><div class=\"wp-block-embed__wrapper\">\n<blockquote class=\"wp-embedded-content\" data-secret=\"yhiiLsRbgT\"><a href=\"https:\/\/pescanik.net\/o-latinki-onako-kako-ona-ne-bi-volela\/\">O Latinki, onako kako ona ne bi volela<\/a><\/blockquote><iframe loading=\"lazy\" class=\"wp-embedded-content\" sandbox=\"allow-scripts\" security=\"restricted\" style=\"position: absolute; clip: rect(1px, 1px, 1px, 1px);\" title=\"&#8220;O Latinki, onako kako ona ne bi volela&#8221; &#8212; Pe\u0161\u010danik\" src=\"https:\/\/pescanik.net\/o-latinki-onako-kako-ona-ne-bi-volela\/embed\/#?secret=Z0MVwqeKBk#?secret=yhiiLsRbgT\" data-secret=\"yhiiLsRbgT\" width=\"600\" height=\"338\" frameborder=\"0\" marginwidth=\"0\" marginheight=\"0\" scrolling=\"no\"><\/iframe>\n<\/div><\/figure>\n\n\n\n<p><a href=\"https:\/\/historiografija.ba\/article.php?id=1584\">https:\/\/historiografija.ba\/article.php?id=1584<\/a><\/p>\n\n\n\n<hr class=\"wp-block-separator\"\/>\n\n\n\n<p>Olga Manojlovi\u0107 Pintar<\/p>\n\n\n\n<p><a href=\"https:\/\/novimagazin.rs\/in-memoriam\/285396-olga-manojlovic-pintar-o-latinki-perovic-licna-odgovornost-i-opste-dobro\">https:\/\/novimagazin.rs\/in-memoriam\/285396-olga-manojlovic-pintar-o-latinki-perovic-licna-odgovornost-i-opste-dobro<\/a><\/p>\n\n\n\n<figure class=\"wp-block-embed-wordpress wp-block-embed is-type-wp-embed is-provider-pescanik\"><div class=\"wp-block-embed__wrapper\">\n<blockquote class=\"wp-embedded-content\" data-secret=\"pKnWSY3QAC\"><a href=\"https:\/\/pescanik.net\/latinka-perovic-licna-odgovornost-i-opste-dobro\/\">Latinka Perovi\u0107 \u2013 li\u010dna odgovornost i op\u0161te dobro<\/a><\/blockquote><iframe loading=\"lazy\" class=\"wp-embedded-content\" sandbox=\"allow-scripts\" security=\"restricted\" style=\"position: absolute; clip: rect(1px, 1px, 1px, 1px);\" title=\"&#8220;Latinka Perovi\u0107 \u2013 li\u010dna odgovornost i op\u0161te dobro&#8221; &#8212; Pe\u0161\u010danik\" src=\"https:\/\/pescanik.net\/latinka-perovic-licna-odgovornost-i-opste-dobro\/embed\/#?secret=4aAAlgI8gm#?secret=pKnWSY3QAC\" data-secret=\"pKnWSY3QAC\" width=\"600\" height=\"338\" frameborder=\"0\" marginwidth=\"0\" marginheight=\"0\" scrolling=\"no\"><\/iframe>\n<\/div><\/figure>\n\n\n\n<hr class=\"wp-block-separator\"\/>\n\n\n\n<p>Mijat Laki\u0107evi\u0107<\/p>\n\n\n\n<figure class=\"wp-block-embed-wordpress wp-block-embed is-type-wp-embed is-provider-pescanik\"><div class=\"wp-block-embed__wrapper\">\n<blockquote class=\"wp-embedded-content\" data-secret=\"MQzLF7ZzWN\"><a href=\"https:\/\/pescanik.net\/latinka-perovic-izdajnik\/\">Latinka Perovi\u0107, izdajnik<\/a><\/blockquote><iframe loading=\"lazy\" class=\"wp-embedded-content\" sandbox=\"allow-scripts\" security=\"restricted\" style=\"position: absolute; clip: rect(1px, 1px, 1px, 1px);\" title=\"&#8220;Latinka Perovi\u0107, izdajnik&#8221; &#8212; Pe\u0161\u010danik\" src=\"https:\/\/pescanik.net\/latinka-perovic-izdajnik\/embed\/#?secret=57WtQ5bfVG#?secret=MQzLF7ZzWN\" data-secret=\"MQzLF7ZzWN\" width=\"600\" height=\"338\" frameborder=\"0\" marginwidth=\"0\" marginheight=\"0\" scrolling=\"no\"><\/iframe>\n<\/div><\/figure>\n\n\n\n<hr class=\"wp-block-separator\"\/>\n\n\n\n<p>Dejan Ili\u0107<\/p>\n\n\n\n<figure class=\"wp-block-embed-wordpress wp-block-embed is-type-wp-embed is-provider-pescanik\"><div class=\"wp-block-embed__wrapper\">\n<blockquote class=\"wp-embedded-content\" data-secret=\"xMVdn97MFE\"><a href=\"https:\/\/pescanik.net\/prosvetiteljski-zamah-latinke-perovic\/\">Prosvetiteljski zamah Latinke Perovi\u0107<\/a><\/blockquote><iframe loading=\"lazy\" class=\"wp-embedded-content\" sandbox=\"allow-scripts\" security=\"restricted\" style=\"position: absolute; clip: rect(1px, 1px, 1px, 1px);\" title=\"&#8220;Prosvetiteljski zamah Latinke Perovi\u0107&#8221; &#8212; Pe\u0161\u010danik\" src=\"https:\/\/pescanik.net\/prosvetiteljski-zamah-latinke-perovic\/embed\/#?secret=JgQ1rg8IZR#?secret=xMVdn97MFE\" data-secret=\"xMVdn97MFE\" width=\"600\" height=\"338\" frameborder=\"0\" marginwidth=\"0\" marginheight=\"0\" scrolling=\"no\"><\/iframe>\n<\/div><\/figure>\n\n\n\n<hr class=\"wp-block-separator\"\/>\n\n\n\n<p>Aleksej Ki\u0161juhas<\/p>\n\n\n\n<p><a href=\"https:\/\/www.danas.rs\/kolumna\/aleksej-kisjuhas\/latinka\/\">https:\/\/www.danas.rs\/kolumna\/aleksej-kisjuhas\/latinka\/<\/a><\/p>\n\n\n\n<hr class=\"wp-block-separator\"\/>\n\n\n\n<p>Radivoj Cveti\u0107anin<\/p>\n\n\n\n<p><a href=\"https:\/\/www.danas.rs\/vesti\/drustvo\/ljudi-secanja-latinka\/\">https:\/\/www.danas.rs\/vesti\/drustvo\/ljudi-secanja-latinka\/<\/a><\/p>\n\n\n\n<hr class=\"wp-block-separator\"\/>\n\n\n\n<p>\u017darko Kora\u0107<\/p>\n\n\n\n<p><a href=\"https:\/\/www.danas.rs\/vesti\/politika\/u-tisini-njenog-stana-uz-soljicu-neskafe-i-razgovor-naucio-sam-mnogo-zarko-korac-o-odlasku-latinke-perovic\/\">https:\/\/www.danas.rs\/vesti\/politika\/u-tisini-njenog-stana-uz-soljicu-neskafe-i-razgovor-naucio-sam-mnogo-zarko-korac-o-odlasku-latinke-perovic\/<\/a><\/p>\n\n\n\n<hr class=\"wp-block-separator\"\/>\n\n\n\n<p>Teofil Pan\u010di\u0107<\/p>\n\n\n\n<p><a href=\"https:\/\/www.slobodnaevropa.org\/a\/in-memoriam-latinka-perovi%C4%87\/32174924.html\">https:\/\/www.slobodnaevropa.org\/a\/in-memoriam-latinka-perovi%C4%87\/32174924.html<\/a><\/p>\n\n\n\n<hr class=\"wp-block-separator\"\/>\n\n\n\n<p>Alida Bremer<\/p>\n\n\n\n<p><a href=\"https:\/\/www.dw.com\/hr\/opro%C5%A1taj-od-latinke-perovi%C4%87\/a-64086114\">https:\/\/www.dw.com\/hr\/opro%C5%A1taj-od-latinke-perovi%C4%87\/a-64086114<\/a><\/p>\n\n\n\n<figure class=\"wp-block-embed-wordpress wp-block-embed is-type-wp-embed is-provider-pescanik\"><div class=\"wp-block-embed__wrapper\">\n<blockquote class=\"wp-embedded-content\" data-secret=\"V5vkB5r2Tb\"><a href=\"https:\/\/pescanik.net\/oprostaj-od-latinke-perovic\/\">Opro\u0161taj od Latinke Perovi\u0107<\/a><\/blockquote><iframe loading=\"lazy\" class=\"wp-embedded-content\" sandbox=\"allow-scripts\" security=\"restricted\" style=\"position: absolute; clip: rect(1px, 1px, 1px, 1px);\" title=\"&#8220;Opro\u0161taj od Latinke Perovi\u0107&#8221; &#8212; Pe\u0161\u010danik\" src=\"https:\/\/pescanik.net\/oprostaj-od-latinke-perovic\/embed\/#?secret=dKtHz7hBCu#?secret=V5vkB5r2Tb\" data-secret=\"V5vkB5r2Tb\" width=\"600\" height=\"338\" frameborder=\"0\" marginwidth=\"0\" marginheight=\"0\" scrolling=\"no\"><\/iframe>\n<\/div><\/figure>\n\n\n\n<hr class=\"wp-block-separator\"\/>\n\n\n\n<p>Vesna Pusi\u0107<\/p>\n\n\n\n<p><a href=\"https:\/\/www.helsinki.org.rs\/serbian\/aktuelnosti_t614.html\">https:\/\/www.helsinki.org.rs\/serbian\/aktuelnosti_t614.html<\/a><\/p>\n\n\n\n<p><a href=\"https:\/\/www.danas.rs\/dijalog\/licni-stavovi\/sto-su-vremena-bila-gora-latinka-je-bila-ljudski-ispravnija\/\">https:\/\/www.danas.rs\/dijalog\/licni-stavovi\/sto-su-vremena-bila-gora-latinka-je-bila-ljudski-ispravnija\/<\/a><\/p>\n\n\n\n<figure class=\"wp-block-embed-wordpress wp-block-embed is-type-wp-embed is-provider-pescanik\"><div class=\"wp-block-embed__wrapper\">\n<blockquote class=\"wp-embedded-content\" data-secret=\"wZ0XtPpLfs\"><a href=\"https:\/\/pescanik.net\/latinka-perovic-i-princip-nade\/\">Latinka Perovi\u0107 i princip nade<\/a><\/blockquote><iframe loading=\"lazy\" class=\"wp-embedded-content\" sandbox=\"allow-scripts\" security=\"restricted\" style=\"position: absolute; clip: rect(1px, 1px, 1px, 1px);\" title=\"&#8220;Latinka Perovi\u0107 i princip nade&#8221; &#8212; Pe\u0161\u010danik\" src=\"https:\/\/pescanik.net\/latinka-perovic-i-princip-nade\/embed\/#?secret=t4pgQfBnoq#?secret=wZ0XtPpLfs\" data-secret=\"wZ0XtPpLfs\" width=\"600\" height=\"338\" frameborder=\"0\" marginwidth=\"0\" marginheight=\"0\" scrolling=\"no\"><\/iframe>\n<\/div><\/figure>\n\n\n\n<hr class=\"wp-block-separator\"\/>\n\n\n\n<p>Sonja Biserko<\/p>\n\n\n\n<p><a href=\"http:\/\/www.helsinki.org.rs\/serbian\/index_s.html\">http:\/\/www.helsinki.org.rs\/serbian\/index_s.html<\/a><\/p>\n\n\n\n<p><a href=\"https:\/\/www.yuhistorija.com\/serbian\/aktuelnosti_txt57.html\">https:\/\/www.yuhistorija.com\/serbian\/aktuelnosti_txt57.html<\/a><\/p>\n\n\n\n<hr class=\"wp-block-separator\"\/>\n\n\n\n<p>Sergej Romanenko<\/p>\n\n\n\n<p><a href=\"http:\/\/www.helsinki.org.rs\/serbian\/aktuelnosti_t610.html\">http:\/\/www.helsinki.org.rs\/serbian\/aktuelnosti_t610.html<\/a><\/p>\n\n\n\n<hr class=\"wp-block-separator\"\/>\n\n\n\n<p>Tvrtko Jakovina, Svetlana Slap\u0161ak, Mira Bogdanovi\u0107<\/p>\n\n\n\n<p><a href=\"https:\/\/www.portalnovosti.com\/in-memoriam-latinka-perovic-gorljiva-protivnica-ratova\">https:\/\/www.portalnovosti.com\/in-memoriam-latinka-perovic-gorljiva-protivnica-ratova<\/a><\/p>\n\n\n\n<figure class=\"wp-block-embed-wordpress wp-block-embed is-type-wp-embed is-provider-pescanik\"><div class=\"wp-block-embed__wrapper\">\n<blockquote class=\"wp-embedded-content\" data-secret=\"AxAfB9iM6I\"><a href=\"https:\/\/pescanik.net\/in-memoriam-latinka-perovic-gorljiva-protivnica-ratova\/\">In memoriam Latinka Perovi\u0107: Gorljiva protivnica ratova<\/a><\/blockquote><iframe loading=\"lazy\" class=\"wp-embedded-content\" sandbox=\"allow-scripts\" security=\"restricted\" style=\"position: absolute; clip: rect(1px, 1px, 1px, 1px);\" title=\"&#8220;In memoriam Latinka Perovi\u0107: Gorljiva protivnica ratova&#8221; &#8212; Pe\u0161\u010danik\" src=\"https:\/\/pescanik.net\/in-memoriam-latinka-perovic-gorljiva-protivnica-ratova\/embed\/#?secret=HYOyBHQ2L5#?secret=AxAfB9iM6I\" data-secret=\"AxAfB9iM6I\" width=\"600\" height=\"338\" frameborder=\"0\" marginwidth=\"0\" marginheight=\"0\" scrolling=\"no\"><\/iframe>\n<\/div><\/figure>\n\n\n\n<hr class=\"wp-block-separator\"\/>\n\n\n\n<p>Sta\u0161a Zajovi\u0107 i Lino Veljak<\/p>\n\n\n\n<p><a href=\"https:\/\/zeneucrnom.org\/sr\/12-o-nama\/naslovna\/2185-latinka-perovic-1933-2022\">https:\/\/zeneucrnom.org\/sr\/12-o-nama\/naslovna\/2185-latinka-perovic-1933-2022<\/a><\/p>\n\n\n\n<figure class=\"wp-block-embed-wordpress wp-block-embed is-type-wp-embed is-provider-pescanik\"><div class=\"wp-block-embed__wrapper\">\n<blockquote class=\"wp-embedded-content\" data-secret=\"jQM6aEJDQL\"><a href=\"https:\/\/pescanik.net\/latinka-perovic-1933-2022\/\">Latinka Perovi\u0107 (1933 \u2013 2022)<\/a><\/blockquote><iframe loading=\"lazy\" class=\"wp-embedded-content\" sandbox=\"allow-scripts\" security=\"restricted\" style=\"position: absolute; clip: rect(1px, 1px, 1px, 1px);\" title=\"&#8220;Latinka Perovi\u0107 (1933 \u2013 2022)&#8221; &#8212; Pe\u0161\u010danik\" src=\"https:\/\/pescanik.net\/latinka-perovic-1933-2022\/embed\/#?secret=VEa2WdB22r#?secret=jQM6aEJDQL\" data-secret=\"jQM6aEJDQL\" width=\"600\" height=\"338\" frameborder=\"0\" marginwidth=\"0\" marginheight=\"0\" scrolling=\"no\"><\/iframe>\n<\/div><\/figure>\n\n\n\n<hr class=\"wp-block-separator\"\/>\n\n\n\n<p>Helsin\u0161ki odbor za ljudska prava u Srbiji<\/p>\n\n\n\n<p>LATINKA PEROVI\u0106 4.10.1933-12.12.2022<\/p>\n\n\n\n<p>\u010cinjenice i tuma\u010denja &#8211; Dva razgovora sa<br>Latinkom Perovi\u0107 * Olivera Milosavljevi\u0107<\/p>\n\n\n\n<p><a href=\"http:\/\/www.helsinki.org.rs\/serbian\/index_s.html\">http:\/\/www.helsinki.org.rs\/serbian\/index_s.html<\/a><\/p>\n\n\n\n<p><a href=\"http:\/\/www.helsinki.org.rs\/serbian\/doc\/Svedocanstva%2037.pdf\">http:\/\/www.helsinki.org.rs\/serbian\/doc\/Svedocanstva%2037.pdf<\/a><\/p>\n\n\n\n<hr class=\"wp-block-separator\"\/>\n","protected":false},"excerpt":{"rendered":"","protected":false},"author":2,"featured_media":33808,"comment_status":"open","ping_status":"open","sticky":false,"template":"","format":"standard","meta":{"_acf_changed":false,"jetpack_post_was_ever_published":false,"_jetpack_newsletter_access":"","_jetpack_dont_email_post_to_subs":false,"_jetpack_newsletter_tier_id":0,"_jetpack_memberships_contains_paywalled_content":false,"_jetpack_memberships_contains_paid_content":false,"footnotes":"","jetpack_publicize_message":"","jetpack_publicize_feature_enabled":true,"jetpack_social_post_already_shared":true,"jetpack_social_options":{"image_generator_settings":{"template":"highway","default_image_id":0,"font":"","enabled":false},"version":2}},"categories":[3,20],"tags":[],"class_list":["post-33807","post","type-post","status-publish","format-standard","has-post-thumbnail","hentry","category-novosti","category-obavijesti-o-smrti-i-nekrolozi"],"acf":{"facebook_opis":""},"jetpack_publicize_connections":[],"jetpack_featured_media_url":"https:\/\/i0.wp.com\/historiografija.hr\/wp-content\/uploads\/2022\/12\/Perovic.jpg?fit=960%2C600&ssl=1","jetpack_sharing_enabled":true,"jetpack-related-posts":[],"_links":{"self":[{"href":"https:\/\/historiografija.hr\/index.php?rest_route=\/wp\/v2\/posts\/33807","targetHints":{"allow":["GET"]}}],"collection":[{"href":"https:\/\/historiografija.hr\/index.php?rest_route=\/wp\/v2\/posts"}],"about":[{"href":"https:\/\/historiografija.hr\/index.php?rest_route=\/wp\/v2\/types\/post"}],"author":[{"embeddable":true,"href":"https:\/\/historiografija.hr\/index.php?rest_route=\/wp\/v2\/users\/2"}],"replies":[{"embeddable":true,"href":"https:\/\/historiografija.hr\/index.php?rest_route=%2Fwp%2Fv2%2Fcomments&post=33807"}],"version-history":[{"count":14,"href":"https:\/\/historiografija.hr\/index.php?rest_route=\/wp\/v2\/posts\/33807\/revisions"}],"predecessor-version":[{"id":33922,"href":"https:\/\/historiografija.hr\/index.php?rest_route=\/wp\/v2\/posts\/33807\/revisions\/33922"}],"wp:featuredmedia":[{"embeddable":true,"href":"https:\/\/historiografija.hr\/index.php?rest_route=\/wp\/v2\/media\/33808"}],"wp:attachment":[{"href":"https:\/\/historiografija.hr\/index.php?rest_route=%2Fwp%2Fv2%2Fmedia&parent=33807"}],"wp:term":[{"taxonomy":"category","embeddable":true,"href":"https:\/\/historiografija.hr\/index.php?rest_route=%2Fwp%2Fv2%2Fcategories&post=33807"},{"taxonomy":"post_tag","embeddable":true,"href":"https:\/\/historiografija.hr\/index.php?rest_route=%2Fwp%2Fv2%2Ftags&post=33807"}],"curies":[{"name":"wp","href":"https:\/\/api.w.org\/{rel}","templated":true}]}}