{"id":33804,"date":"2022-12-13T23:02:42","date_gmt":"2022-12-13T23:02:42","guid":{"rendered":"http:\/\/historiografija.hr\/?p=33804"},"modified":"2022-12-13T23:02:42","modified_gmt":"2022-12-13T23:02:42","slug":"predstavljeno-istrazivanje-ratne-devedesete-iz-perspektive-mladih-u-hrvatskoj","status":"publish","type":"post","link":"https:\/\/historiografija.hr\/?p=33804","title":{"rendered":"Predstavljeno istra\u017eivanje \u2018Ratne devedesete iz perspektive mladih u Hrvatskoj\u2019"},"content":{"rendered":"\n<p>Inicijativa mladih za ljudska prava Hrvatska (YIHR) danas je na XV. Forumu za tranzicijsku pravdu odr\u017eanom u Zagrebu predstavila istra\u017eivanje \u2018Ratne devedesete iz perspektive mladih u Hrvatskoj\u2019 koje smo proveli iz potrebe za razumijevanjem stavova i znanja mladih vezanih za period devedesetih, a posebno u odnosu na doga\u0111aje koji u javnosti, obrazovanju te dominantnom politi\u010dkom diskursu stoje na margini ili su potpuno nevidljivi.<\/p>\n\n\n\n<p>Mlade se ispitivalo o samoprocjeni njihove informiranosti i izvorima znanja o Domovinskom ratu, njihovom odnosu prema ratnim zlo\u010dinima po\u010dinjenim od strane pripadnika hrvatskih snaga, karakteru sudjelovanja Hrvatske u ratu u BiH, relativizac\u0133i ratnih zlo\u010dina i gra\u0111anskih prava te znanju o i stupnju povjerenja u pravi\u010dnost i nepristranost presuda Me\u0111unarodnog kaznenog suda za biv\u0161u Jugoslaviju (Ha\u0161ki sud).<\/p>\n\n\n\n<p>Istra\u017eivanjem je utvr\u0111eno da su za mlade najzna\u010dajniji izvor znanja o Domovinskom ratu njihovi roditelji ili \u010dlanovi u\u017ee obitelji te osobe koje su imale izravno iskustvo rata. Svaki drugi ispitanik smatra da puno zna o ratnim zlo\u010dinima po\u010dinjenima nad Hrvatima od strane pripadnika srpskih snaga. Suprotno tome, o ratnim zlo\u010dinima po\u010dinjenima od strane pripadnika hrvatskih snaga nad Srbima dosta zna 18% ispitanika.<\/p>\n\n\n\n<p>Najvi\u0161e ispitanika, gotovo 57% \u010dulo je za ubijanje civila za vrijeme vojne operacije Bljesak, a svaki drugi \u010duo je za ubojstvo \u010dlanova obitelji Zec. Za ratne zlo\u010dine poput masakra u Ahmi\u0107ima ili zlo\u010dina u Lori ve\u0107ina ispitanika nije \u010dula.&nbsp;<\/p>\n\n\n\n<p>Osu\u0111ene ratne zlo\u010dince iz redova pripadnika hrvatskih snaga 43% ispitanika ne smatra herojima, no svaki drugi ih unato\u010d sudskoj presudi ili do\u017eivljava herojima ili nije siguran kako se po tom pitanju odrediti.&nbsp;<\/p>\n\n\n\n<p>Podr\u017eati gestu isprike najvi\u0161ih du\u017enosnika Republike Hrvatske zbog zlo\u010dina po\u010dinjenih na teritoriju Bosne i Hercegovine sklono je 42% ispitanika.&nbsp;<\/p>\n\n\n\n<p>Ve\u0107ina ispitanika smatra da je rad Ha\u0161kog suda rezultirao individualizacijom krivnje za po\u010dinjene zlo\u010dine (58%), a relativna ve\u0107ina (42%) smatra da je Ha\u0161ki sud zna\u010dajno doprinio otkrivanju istine o doga\u0111ajima tijekom Domovinskog rata.<\/p>\n\n\n\n<p>Ispitanici \u010diji \u010dlanovi obitelji nisu izravno sudjelovali u ratu i\/ili nisu bili njime izravno pogo\u0111eni \u010de\u0161\u0107e zauzimaju perspektivu koja uklju\u010duje izra\u017eeniju kriti\u010dnost spram negativnih strana Domovinskog rata.&nbsp;<\/p>\n\n\n\n<p>Zaklju\u010dno, mo\u017ee se re\u0107i da je struktura znanja mladih o Domovinskom ratu kombinacija tri faktora: me\u0111ugeneracijskog prijenosa sje\u0107anja u obitelji, dominantnog slu\u017ebenog narativa koji nudi jednodimenzionalnu interpretaciju doga\u0111aja iz devedesetih te vjerojatno slabijeg interesa mladih za takve teme.<\/p>\n\n\n\n<p>\u010citavo istra\u017eivanje mo\u017eete prona\u0107i na sljede\u0107oj poveznici: <a href=\"https:\/\/bit.ly\/3iZfGWA\">https:\/\/bit.ly\/3iZfGWA<\/a>&nbsp;<\/p>\n\n\n\n<p>Zagreb, 13. prosinca 2022.<\/p>\n\n\n\n<hr class=\"wp-block-separator\"\/>\n\n\n\n<p>Izvor:<\/p>\n\n\n\n<p><a href=\"https:\/\/www.yihr.hr\/hr\/istrazivanje-ratne-devedesete-iz-perspektive-mladih-u-hrvatskoj\">https:\/\/www.yihr.hr\/hr\/istrazivanje-ratne-devedesete-iz-perspektive-mladih-u-hrvatskoj<\/a><\/p>\n\n\n\n<hr class=\"wp-block-separator\"\/>\n\n\n\n<p><\/p>\n","protected":false},"excerpt":{"rendered":"","protected":false},"author":2,"featured_media":33805,"comment_status":"open","ping_status":"open","sticky":false,"template":"","format":"standard","meta":{"_acf_changed":false,"jetpack_post_was_ever_published":false,"_jetpack_newsletter_access":"","_jetpack_dont_email_post_to_subs":false,"_jetpack_newsletter_tier_id":0,"_jetpack_memberships_contains_paywalled_content":false,"_jetpack_memberships_contains_paid_content":false,"footnotes":"","jetpack_publicize_message":"","jetpack_publicize_feature_enabled":true,"jetpack_social_post_already_shared":true,"jetpack_social_options":{"image_generator_settings":{"template":"highway","default_image_id":0,"font":"","enabled":false},"version":2}},"categories":[19,3],"tags":[],"class_list":["post-33804","post","type-post","status-publish","format-standard","has-post-thumbnail","hentry","category-e-knjige","category-novosti"],"acf":{"facebook_opis":""},"jetpack_publicize_connections":[],"jetpack_featured_media_url":"https:\/\/i0.wp.com\/historiografija.hr\/wp-content\/uploads\/2022\/12\/Ratne_devedesete.jpg?fit=569%2C590&ssl=1","jetpack_sharing_enabled":true,"jetpack-related-posts":[],"_links":{"self":[{"href":"https:\/\/historiografija.hr\/index.php?rest_route=\/wp\/v2\/posts\/33804","targetHints":{"allow":["GET"]}}],"collection":[{"href":"https:\/\/historiografija.hr\/index.php?rest_route=\/wp\/v2\/posts"}],"about":[{"href":"https:\/\/historiografija.hr\/index.php?rest_route=\/wp\/v2\/types\/post"}],"author":[{"embeddable":true,"href":"https:\/\/historiografija.hr\/index.php?rest_route=\/wp\/v2\/users\/2"}],"replies":[{"embeddable":true,"href":"https:\/\/historiografija.hr\/index.php?rest_route=%2Fwp%2Fv2%2Fcomments&post=33804"}],"version-history":[{"count":1,"href":"https:\/\/historiografija.hr\/index.php?rest_route=\/wp\/v2\/posts\/33804\/revisions"}],"predecessor-version":[{"id":33806,"href":"https:\/\/historiografija.hr\/index.php?rest_route=\/wp\/v2\/posts\/33804\/revisions\/33806"}],"wp:featuredmedia":[{"embeddable":true,"href":"https:\/\/historiografija.hr\/index.php?rest_route=\/wp\/v2\/media\/33805"}],"wp:attachment":[{"href":"https:\/\/historiografija.hr\/index.php?rest_route=%2Fwp%2Fv2%2Fmedia&parent=33804"}],"wp:term":[{"taxonomy":"category","embeddable":true,"href":"https:\/\/historiografija.hr\/index.php?rest_route=%2Fwp%2Fv2%2Fcategories&post=33804"},{"taxonomy":"post_tag","embeddable":true,"href":"https:\/\/historiografija.hr\/index.php?rest_route=%2Fwp%2Fv2%2Ftags&post=33804"}],"curies":[{"name":"wp","href":"https:\/\/api.w.org\/{rel}","templated":true}]}}