{"id":33801,"date":"2022-12-12T12:29:25","date_gmt":"2022-12-12T12:29:25","guid":{"rendered":"http:\/\/historiografija.hr\/?p=33801"},"modified":"2022-12-12T12:29:25","modified_gmt":"2022-12-12T12:29:25","slug":"xv-forum-za-tranzicijsku-pravdu-u-postjugoslavenskim-zemljama-pomirenje-nema-alternativu","status":"publish","type":"post","link":"https:\/\/historiografija.hr\/?p=33801","title":{"rendered":"XV. Forum za tranzicijsku pravdu u postjugoslavenskim zemljama \u2013 \u201dPomirenje nema alternativu\u201d"},"content":{"rendered":"\n<p>U utorak, 13. prosinca 2022. godine, s po\u010detkom u 9:00, Vesna Ter\u0161eli\u010d, voditeljica <em>Documente<\/em> \u2013 Centra za suo\u010davanje s pro\u0161lo\u0161\u0107u i Nata\u0161a Kandi\u0107 iz Fonda za humanitarno pravo iz Srbije slu\u017ebeno \u0107e otvoriti XV. Forum za tranzicijsku pravdu u postjugoslavenskim zemljama s naslovom <strong>\u201dPomirenje nema alternativu\u201d<\/strong>. Otvaranje \u0107e se odr\u017eati u Hotelu Academia u Zagrebu, gdje \u0107e se odvijati cijeli program Foruma.<\/p>\n\n\n\n<p>Slijedit \u0107e panel diskusija <strong>Ratne devedesete u perspektivi mladih (9:20 \u2013 11:00)<\/strong> na kojem \u0107e dr.sc. Anja Gvozdanovi\u0107, iz Instituta za dru\u0161tvena istra\u017eivanja u Zagrebu po prvi put predstaviti rezultate istra\u017eivanja stavova i mi\u0161ljenja mladih u Hrvatskoj, a Sofija Todorovi\u0107, Inicijativa mladih za ljudska prava u Srbiji, Samir Behari\u0107, \u010dlan Mre\u017ee lidera transatlantske inkluzije (TILN) njema\u010dkog Marshallovog fonda, Marigona Shabiu, Inicijativa mladih za ljudska prava na Kosovu govorit \u0107e o svojim zemljama. Na panelu<strong> Kaznena pravda \u2013 procesuiranje ratnih zlo\u010dina (11:30 \u2013 13:00) <\/strong>sudjeluju Drita Hajdari, tu\u017eiteljica Specijalnog tu\u017eiteljstva Republike Kosovo i rukovoditeljice odjela za ratne, Jasmina Dolmagi\u0107, zamjenice Glavne dr\u017eavne odvjetnice iz Hrvatske, Ned\u017ead Smailagi\u0107, stru\u010dni savjetnik za pra\u0107enje sudskih postupaka iz Odsjeka za vladavinu prava OSCE-a u BiH te odvjetnik Seada Spahovi\u0107 iz Srbije i Klaudio \u010curin iz Hrvatske.<\/p>\n\n\n\n<p>Nakon pauze uslijedit \u0107e paneli<strong> Sna\u017ena umjetni\u010dka perspektiva u izgradnji zajedni\u010dke kulture sje\u0107anja <\/strong>(14:30 \u2013 16:00) na kojem \u0107e sudjelovati Olja Savi\u010devi\u0107 Ivan\u010devi\u0107, spisateljica i pjesnikinja, Hrvatska, Ognjen Glavoni\u0107, redatelj, Srbija, Ognjen Spahi\u0107, knji\u017eevnik, Crna Gora i Adela Ju\u0161i\u0107, vizualna umjetnica iz BiH. Dan \u0107e zavoriti diskusija pod naslovom <strong>Pam\u0107enje stradanja drugih i druga\u010dijih: kako stvarati zajedni\u010dku kulturu sje\u0107anja<\/strong> (17:00 \u2013 18:30) na kojoj \u0107e sudjelovati prof. dr. Sini\u0161a Male\u0161evi\u0107, University College, Dublin, prof. dr. Nerzuk \u0106urak sa Fakulteta politi\u010dkih nauka Univerziteta u Sarajevu, dr. Mi\u0161o Kapetanovi\u0107 sa Instituta za Habsbur\u0161ke i Balkanolo\u0161ke studije, Austrijska Akademija Znanosti, dr. Rok Zupan\u010di\u010d sa Fakulteta dru\u0161tvenih znanosti Sveu\u010dili\u0161ta u Ljubljani te Naum Trajanovski, asistent na Institutu za sociologiju, Sveu\u010dili\u0161te u Var\u0161av.<\/p>\n\n\n\n<p>U srijedu, 14. prosinca, Forum \u0107e zaklju\u010diti panel diskusija <strong>Procesi pomirenja i (ne)uspjele politi\u010dke prakse <\/strong>(9:00 \u2013 10:45) uz sudjelovanaje Vildane Selimbegovi\u0107, urednice Oslobo\u0111enja, BiH, Bo\u0161ka Jak\u0161i\u0107a, novinara iz Srbije, Vetona Surroia, publicista sa Kosova, te dr. Marka Jeli\u0107, \u017eupana \u0160ibensko-kninske \u017eupanij. Forum \u0107e zav\u0161iti zaklju\u010dnim rije\u010dima organizatorica Foruma.<\/p>\n\n\n\n<p>Program \u0107e se mo\u0107i pratiti i online, putem platforme ZOOM:&nbsp; <a href=\"https:\/\/bit.ly\/3BiUd11\">https:\/\/bit.ly\/3BiUd11<\/a><\/p>\n\n\n\n<p><strong>Na Forumu \u0107e kao panelisti ili gosti sudjelovati istaknuta imena kulturnog, politi\u010dkog, znanstvenog i aktivisti\u010dkog \u017eivota iz dr\u017eava biv\u0161e Jugoslavije.<\/strong><\/p>\n\n\n\n<p><a rel=\"noreferrer noopener\" href=\"https:\/\/documenta.hr\/wp-content\/uploads\/2022\/12\/XV-Forum-za-tranzicijsku-pravdu-Zagreb-12-14.12.2022-Program-1.pdf\" target=\"_blank\">PDF XV Forum za tranzicijsku pravdu-Zagreb 12-14.12.2022 &#8211; Program<\/a><\/p>\n\n\n\n<hr class=\"wp-block-separator\"\/>\n\n\n\n<p>Izvor:<\/p>\n\n\n\n<figure class=\"wp-block-embed-wordpress wp-block-embed is-type-wp-embed is-provider-documenta\"><div class=\"wp-block-embed__wrapper\">\n<blockquote class=\"wp-embedded-content\" data-secret=\"deslU7uZ4X\"><a href=\"https:\/\/documenta.hr\/novosti\/xv-forum-za-tranzicijsku-pravdu-u-postjugoslavenskim-zemljama-pomirenje-nema-alternativu\/\">XV. Forum za tranzicijsku pravdu u postjugoslavenskim zemljama \u2013 &#8221;Pomirenje nema alternativu&#8221;<\/a><\/blockquote><iframe loading=\"lazy\" class=\"wp-embedded-content\" sandbox=\"allow-scripts\" security=\"restricted\" style=\"position: absolute; clip: rect(1px, 1px, 1px, 1px);\" title=\"&#8220;XV. Forum za tranzicijsku pravdu u postjugoslavenskim zemljama \u2013 &#8221;Pomirenje nema alternativu&#8221;&#8221; &#8212; Documenta\" src=\"https:\/\/documenta.hr\/novosti\/xv-forum-za-tranzicijsku-pravdu-u-postjugoslavenskim-zemljama-pomirenje-nema-alternativu\/embed\/#?secret=deslU7uZ4X\" data-secret=\"deslU7uZ4X\" width=\"600\" height=\"338\" frameborder=\"0\" marginwidth=\"0\" marginheight=\"0\" scrolling=\"no\"><\/iframe>\n<\/div><\/figure>\n\n\n\n<hr class=\"wp-block-separator\"\/>\n","protected":false},"excerpt":{"rendered":"","protected":false},"author":2,"featured_media":33802,"comment_status":"open","ping_status":"open","sticky":false,"template":"","format":"standard","meta":{"_acf_changed":false,"jetpack_post_was_ever_published":false,"_jetpack_newsletter_access":"","_jetpack_dont_email_post_to_subs":false,"_jetpack_newsletter_tier_id":0,"_jetpack_memberships_contains_paywalled_content":false,"_jetpack_memberships_contains_paid_content":false,"footnotes":"","jetpack_publicize_message":"","jetpack_publicize_feature_enabled":true,"jetpack_social_post_already_shared":true,"jetpack_social_options":{"image_generator_settings":{"template":"highway","default_image_id":0,"font":"","enabled":false},"version":2}},"categories":[3,9],"tags":[],"class_list":["post-33801","post","type-post","status-publish","format-standard","has-post-thumbnail","hentry","category-novosti","category-skupovi"],"acf":{"facebook_opis":""},"jetpack_publicize_connections":[],"jetpack_featured_media_url":"https:\/\/i0.wp.com\/historiografija.hr\/wp-content\/uploads\/2022\/12\/Naslovna-Forum.png?fit=937%2C527&ssl=1","jetpack_sharing_enabled":true,"jetpack-related-posts":[],"_links":{"self":[{"href":"https:\/\/historiografija.hr\/index.php?rest_route=\/wp\/v2\/posts\/33801","targetHints":{"allow":["GET"]}}],"collection":[{"href":"https:\/\/historiografija.hr\/index.php?rest_route=\/wp\/v2\/posts"}],"about":[{"href":"https:\/\/historiografija.hr\/index.php?rest_route=\/wp\/v2\/types\/post"}],"author":[{"embeddable":true,"href":"https:\/\/historiografija.hr\/index.php?rest_route=\/wp\/v2\/users\/2"}],"replies":[{"embeddable":true,"href":"https:\/\/historiografija.hr\/index.php?rest_route=%2Fwp%2Fv2%2Fcomments&post=33801"}],"version-history":[{"count":1,"href":"https:\/\/historiografija.hr\/index.php?rest_route=\/wp\/v2\/posts\/33801\/revisions"}],"predecessor-version":[{"id":33803,"href":"https:\/\/historiografija.hr\/index.php?rest_route=\/wp\/v2\/posts\/33801\/revisions\/33803"}],"wp:featuredmedia":[{"embeddable":true,"href":"https:\/\/historiografija.hr\/index.php?rest_route=\/wp\/v2\/media\/33802"}],"wp:attachment":[{"href":"https:\/\/historiografija.hr\/index.php?rest_route=%2Fwp%2Fv2%2Fmedia&parent=33801"}],"wp:term":[{"taxonomy":"category","embeddable":true,"href":"https:\/\/historiografija.hr\/index.php?rest_route=%2Fwp%2Fv2%2Fcategories&post=33801"},{"taxonomy":"post_tag","embeddable":true,"href":"https:\/\/historiografija.hr\/index.php?rest_route=%2Fwp%2Fv2%2Ftags&post=33801"}],"curies":[{"name":"wp","href":"https:\/\/api.w.org\/{rel}","templated":true}]}}