{"id":33785,"date":"2022-12-12T10:12:38","date_gmt":"2022-12-12T10:12:38","guid":{"rendered":"http:\/\/historiografija.hr\/?p=33785"},"modified":"2022-12-12T10:13:59","modified_gmt":"2022-12-12T10:13:59","slug":"znanstvena-konferencija-doba-dezintegracije-drustveno-politicke-strukture-za-vladavine-anzuvinaca","status":"publish","type":"post","link":"https:\/\/historiografija.hr\/?p=33785","title":{"rendered":"Znanstvena konferencija \u201eDoba (dez)integracije: dru\u0161tveno politi\u010dke strukture za vladavine An\u017euvinaca\u201c"},"content":{"rendered":"\n<p>U srijedu 14. prosinca s po\u010detkom u 10h na Odjelu za povijest Sveu\u010dili\u0161ta u Zadru (Velika dvorana DHM-a) odr\u017eava se znanstvena konferencija &#8220;Doba (dez)integracije: dru\u0161tveno politi\u010dke strukture za vladavine An\u017euvinaca&#8221;. Konferencija se odr\u017eava u sklopu projekta &#8220;An\u017euvinski archiregnum u srednjoisto\u010dnoj i jugoisto\u010dnoj Europi u 14. stolje\u0107u: pogled s periferije (AAPSP), (MB: IP-2019-04-9315)&#8221;, financiranog od strane Hrvatske zaklade za znanost.<\/p>\n\n\n\n<div class=\"wp-block-file\"><a href=\"https:\/\/historiografija.hr\/wp-content\/uploads\/2022\/12\/Doba-dezintegracije.pdf\">Doba-dezintegracije<\/a><a href=\"https:\/\/historiografija.hr\/wp-content\/uploads\/2022\/12\/Doba-dezintegracije.pdf\" class=\"wp-block-file__button\" download>Preuzmi<\/a><\/div>\n\n\n\n<hr class=\"wp-block-separator\"\/>\n","protected":false},"excerpt":{"rendered":"","protected":false},"author":2,"featured_media":18056,"comment_status":"open","ping_status":"open","sticky":false,"template":"","format":"standard","meta":{"_acf_changed":false,"jetpack_post_was_ever_published":false,"_jetpack_newsletter_access":"","_jetpack_dont_email_post_to_subs":false,"_jetpack_newsletter_tier_id":0,"_jetpack_memberships_contains_paywalled_content":false,"_jetpack_memberships_contains_paid_content":false,"footnotes":"","jetpack_publicize_message":"","jetpack_publicize_feature_enabled":true,"jetpack_social_post_already_shared":true,"jetpack_social_options":{"image_generator_settings":{"template":"highway","default_image_id":0,"font":"","enabled":false},"version":2}},"categories":[3,9],"tags":[],"class_list":["post-33785","post","type-post","status-publish","format-standard","has-post-thumbnail","hentry","category-novosti","category-skupovi"],"acf":{"facebook_opis":""},"jetpack_publicize_connections":[],"jetpack_featured_media_url":"https:\/\/i0.wp.com\/historiografija.hr\/wp-content\/uploads\/2019\/12\/HRZZ.jpg?fit=800%2C333&ssl=1","jetpack_sharing_enabled":true,"jetpack-related-posts":[],"_links":{"self":[{"href":"https:\/\/historiografija.hr\/index.php?rest_route=\/wp\/v2\/posts\/33785","targetHints":{"allow":["GET"]}}],"collection":[{"href":"https:\/\/historiografija.hr\/index.php?rest_route=\/wp\/v2\/posts"}],"about":[{"href":"https:\/\/historiografija.hr\/index.php?rest_route=\/wp\/v2\/types\/post"}],"author":[{"embeddable":true,"href":"https:\/\/historiografija.hr\/index.php?rest_route=\/wp\/v2\/users\/2"}],"replies":[{"embeddable":true,"href":"https:\/\/historiografija.hr\/index.php?rest_route=%2Fwp%2Fv2%2Fcomments&post=33785"}],"version-history":[{"count":2,"href":"https:\/\/historiografija.hr\/index.php?rest_route=\/wp\/v2\/posts\/33785\/revisions"}],"predecessor-version":[{"id":33788,"href":"https:\/\/historiografija.hr\/index.php?rest_route=\/wp\/v2\/posts\/33785\/revisions\/33788"}],"wp:featuredmedia":[{"embeddable":true,"href":"https:\/\/historiografija.hr\/index.php?rest_route=\/wp\/v2\/media\/18056"}],"wp:attachment":[{"href":"https:\/\/historiografija.hr\/index.php?rest_route=%2Fwp%2Fv2%2Fmedia&parent=33785"}],"wp:term":[{"taxonomy":"category","embeddable":true,"href":"https:\/\/historiografija.hr\/index.php?rest_route=%2Fwp%2Fv2%2Fcategories&post=33785"},{"taxonomy":"post_tag","embeddable":true,"href":"https:\/\/historiografija.hr\/index.php?rest_route=%2Fwp%2Fv2%2Ftags&post=33785"}],"curies":[{"name":"wp","href":"https:\/\/api.w.org\/{rel}","templated":true}]}}