{"id":33772,"date":"2022-12-09T11:16:29","date_gmt":"2022-12-09T11:16:29","guid":{"rendered":"http:\/\/historiografija.hr\/?p=33772"},"modified":"2022-12-09T11:16:29","modified_gmt":"2022-12-09T11:16:29","slug":"jan-pelikan-novim-putevima-kosovo-1958-1969","status":"publish","type":"post","link":"https:\/\/historiografija.hr\/?p=33772","title":{"rendered":"Jan Pelikan, \u201eNovim putevima: Kosovo (1958\u20131969)\u201c"},"content":{"rendered":"\n<p>Izdava\u010dka ku\u0107a \u201eSlu\u017ebeni glasnik\u201c je objavila knjigu \u201eNOVIM PUTEVIMA: KOSOVO (1958\u20131969)\u201c autora Jana Pelikana. Rije\u010d je o prijevodu knjige koja je 2014. objavljena na \u010de\u0161kom jeziku (Praha: Univerzita Karlova, Filozofick\u00e1 fakulta).<\/p>\n\n\n\n<p>Profesor Jan Pelikan postavio je sebi izuzetan istra\u017eiva\u010dki zadatak. Njegova analiza kosovske stvarnosti pedesetih i \u0161ezdesetih godina dvadesetog stolje\u0107a polo\u017eena je na \u0161iroku heuristi\u010dku osnovu i izuzetnu akribiju. Pa\u017eljivo kriti\u010dki pretresaju\u0107i raznovrsnu, neobjavljenu arhivsku gra\u0111u, statisti\u010dke podatke, brojne sekundarne izvore i obimnu literaturu, pred \u010ditaoca postavlja slo\u017eenu kosovsku scenu sa svim njenim u\u010desnicima, procesima i \u010diniocima. Pokazuje svu vi\u0161eslojnost i te\u017einu ovog pitanja, nikada ne gube\u0107i iz vida njegov jugoslovenski, srpski (republi\u010dki), ali i me\u0111unarodni kontekst, uz sve, \u010desto protivurje\u010dne uticaje, ideolo\u0161ku, politi\u010dku, me\u0111unacionalnu i socijalnu pozadinu. Njegovoj analizi ne mo\u017ee se pripisati ni pristrasnost niti neobjektivnost, dok razmrsuje izukr\u0161tane motive i pozadine politi\u010dkih sukoba na razli\u010ditim nivoima vlasti, preplitanja i saplitanja planova i taktika i nacionalnih ambicija. Pi\u0161e o lutanjima, nezadovoljavaju\u0107im uspesima i proma\u0161ajima dru\u0161tvene, privredne i kulturne modernizacije ju\u017ene srpske pokrajine, pravcima i rezultatima emancipacije albanske manjine, sa njihovim dugoro\u010dnim posljedicama.<\/p>\n\n\n\n<p>Jan Pelikan je ro\u0111en 1959. u Pragu. Doktorirao je na Filozofskom fakultetu Karlovog univerziteta u Pragu na kome radi od 1989. Zvanje docenta je stekao 2004, a profesora 2019. Od 2001. do 2007. bio je anga\u017eovan kao istra\u017eiva\u010d u Istorijskom institutu Akademije nauka \u010ce\u0161ke Republike, a od 2006. do 2011. bio je docent na Filozofskom fakultetu Univerziteta Hradec Kralove. Prou\u010dava savremenu istoriju jugoisto\u010dne Evrope, posebno razvitak socijalisti\u010dke Jugoslavije.<\/p>\n\n\n\n<p>(Makart.rs)<\/p>\n\n\n\n<hr class=\"wp-block-separator\"\/>\n\n\n\n<p>Preneseno s portala <strong>Historiografija.hr<\/strong>:<\/p>\n\n\n\n<p><a href=\"https:\/\/historiografija.ba\/article.php?id=1558\">https:\/\/historiografija.ba\/article.php?id=1558<\/a><\/p>\n\n\n\n<hr class=\"wp-block-separator\"\/>\n","protected":false},"excerpt":{"rendered":"","protected":false},"author":2,"featured_media":33773,"comment_status":"open","ping_status":"open","sticky":false,"template":"","format":"standard","meta":{"_acf_changed":false,"jetpack_post_was_ever_published":false,"_jetpack_newsletter_access":"","_jetpack_dont_email_post_to_subs":false,"_jetpack_newsletter_tier_id":0,"_jetpack_memberships_contains_paywalled_content":false,"_jetpack_memberships_contains_paid_content":false,"footnotes":"","jetpack_publicize_message":"","jetpack_publicize_feature_enabled":true,"jetpack_social_post_already_shared":true,"jetpack_social_options":{"image_generator_settings":{"template":"highway","default_image_id":0,"font":"","enabled":false},"version":2}},"categories":[8,3],"tags":[],"class_list":["post-33772","post","type-post","status-publish","format-standard","has-post-thumbnail","hentry","category-knjige","category-novosti"],"acf":{"facebook_opis":""},"jetpack_publicize_connections":[],"jetpack_featured_media_url":"https:\/\/i0.wp.com\/historiografija.hr\/wp-content\/uploads\/2022\/12\/Pelikan_Jan_Kosovo.jpg?fit=450%2C674&ssl=1","jetpack_sharing_enabled":true,"jetpack-related-posts":[],"_links":{"self":[{"href":"https:\/\/historiografija.hr\/index.php?rest_route=\/wp\/v2\/posts\/33772","targetHints":{"allow":["GET"]}}],"collection":[{"href":"https:\/\/historiografija.hr\/index.php?rest_route=\/wp\/v2\/posts"}],"about":[{"href":"https:\/\/historiografija.hr\/index.php?rest_route=\/wp\/v2\/types\/post"}],"author":[{"embeddable":true,"href":"https:\/\/historiografija.hr\/index.php?rest_route=\/wp\/v2\/users\/2"}],"replies":[{"embeddable":true,"href":"https:\/\/historiografija.hr\/index.php?rest_route=%2Fwp%2Fv2%2Fcomments&post=33772"}],"version-history":[{"count":1,"href":"https:\/\/historiografija.hr\/index.php?rest_route=\/wp\/v2\/posts\/33772\/revisions"}],"predecessor-version":[{"id":33774,"href":"https:\/\/historiografija.hr\/index.php?rest_route=\/wp\/v2\/posts\/33772\/revisions\/33774"}],"wp:featuredmedia":[{"embeddable":true,"href":"https:\/\/historiografija.hr\/index.php?rest_route=\/wp\/v2\/media\/33773"}],"wp:attachment":[{"href":"https:\/\/historiografija.hr\/index.php?rest_route=%2Fwp%2Fv2%2Fmedia&parent=33772"}],"wp:term":[{"taxonomy":"category","embeddable":true,"href":"https:\/\/historiografija.hr\/index.php?rest_route=%2Fwp%2Fv2%2Fcategories&post=33772"},{"taxonomy":"post_tag","embeddable":true,"href":"https:\/\/historiografija.hr\/index.php?rest_route=%2Fwp%2Fv2%2Ftags&post=33772"}],"curies":[{"name":"wp","href":"https:\/\/api.w.org\/{rel}","templated":true}]}}