{"id":33769,"date":"2022-12-09T11:11:17","date_gmt":"2022-12-09T11:11:17","guid":{"rendered":"http:\/\/historiografija.hr\/?p=33769"},"modified":"2022-12-09T11:11:17","modified_gmt":"2022-12-09T11:11:17","slug":"lesung-und-gesprach-ach-mein-kosovo","status":"publish","type":"post","link":"https:\/\/historiografija.hr\/?p=33769","title":{"rendered":"Lesung und Gespr\u00e4ch: Ach, mein Kosovo!"},"content":{"rendered":"\n<p>Lesung und Gespr\u00e4ch mit der Autorin Mechthild Henneke.<\/p>\n\n\n\n<hr class=\"wp-block-separator\"\/>\n\n\n\n<p>Der Held des Romans schlie\u00dft sich 1998 der Kosovo Befreiungsarmee an, tauscht dann aber das Gewehr gegen ein Stethoskop, denn er ist angehender Mediziner. Bevor Taras Galani in den Krieg zieht, hat er mehrere Jahre in Deutschland gelebt. Aber nichts kann ihn halten, als die Situation in seiner Heimat eskaliert.&nbsp;<\/p>\n\n\n\n<p>Der fesselnde Roman erz\u00e4hlt eine auf Tatsachen basierende Geschichte und greift Themen auf, die angesichts der politischen Lage hochaktuell sind: Krieg, Flucht und das Leben zwischen zwei Kulturen. Die Autorin treibt die Frage um: \u201eWof\u00fcr lohnt es sich zu k\u00e4mpfen?&#8221; und mehr noch: \u201eWas macht das mit einem?\u201c Taras w\u00e4chst als Sanit\u00e4ter und Feldarzt \u00fcber sich hinaus, wirft sich gemeinsam mit seinen Kameraden in Abenteuer und beginnt, an seiner Mission zu zweifeln. Der Roman endet mit dem Abzug der Serben, doch ein Sieg ist das f\u00fcr Taras nicht.<\/p>\n\n\n\n<hr class=\"wp-block-separator\"\/>\n\n\n\n<p><strong>Autorin<\/strong><\/p>\n\n\n\n<p><strong>Mechthild Henneke<\/strong>, freie Autorin und Journalistin, Berlin<\/p>\n\n\n\n<hr class=\"wp-block-separator\"\/>\n\n\n\n<p><strong>Moderation<\/strong><\/p>\n\n\n\n<p><strong>Dr. Lumnije Jusufi<\/strong>,\u00a0Institut f\u00fcr Slawistik und Hungarologie, Humboldt-Universit\u00e4t zu Berlin<\/p>\n\n\n\n<hr class=\"wp-block-separator\"\/>\n\n\n\n<p>Am 12.12.2022, 19:00 Uhr<\/p>\n\n\n\n<p>Ort: Seidlvilla, Nikolaiplatz 1b, 80802 M\u00fcnchen<\/p>\n\n\n\n<hr class=\"wp-block-separator\"\/>\n\n\n\n<p><a href=\"https:\/\/www.sogde.org\/de\/formulare\/ach-mein-kosovo\/\" target=\"_blank\" rel=\"noreferrer noopener\">Anmeldung<\/a><\/p>\n\n\n\n<p><br><a rel=\"noreferrer noopener\" href=\"https:\/\/www.sogde.org\/site\/assets\/files\/25195\/programm_lesung_henneke_muc_ch.pdf\" target=\"_blank\">Programm<\/a><\/p>\n\n\n\n<hr class=\"wp-block-separator\"\/>\n\n\n\n<p><a href=\"https:\/\/www.sogde.org\/de\/events\/lesung-und-gesprach-1\/\">https:\/\/www.sogde.org\/de\/events\/lesung-und-gesprach-1\/<\/a><\/p>\n\n\n\n<hr class=\"wp-block-separator\"\/>\n","protected":false},"excerpt":{"rendered":"","protected":false},"author":2,"featured_media":33770,"comment_status":"open","ping_status":"open","sticky":false,"template":"","format":"standard","meta":{"_acf_changed":false,"jetpack_post_was_ever_published":false,"_jetpack_newsletter_access":"","_jetpack_dont_email_post_to_subs":false,"_jetpack_newsletter_tier_id":0,"_jetpack_memberships_contains_paywalled_content":false,"_jetpack_memberships_contains_paid_content":false,"footnotes":"","jetpack_publicize_message":"","jetpack_publicize_feature_enabled":true,"jetpack_social_post_already_shared":true,"jetpack_social_options":{"image_generator_settings":{"template":"highway","default_image_id":0,"font":"","enabled":false},"version":2}},"categories":[3,12],"tags":[],"class_list":["post-33769","post","type-post","status-publish","format-standard","has-post-thumbnail","hentry","category-novosti","category-knjizevnost"],"acf":{"facebook_opis":""},"jetpack_publicize_connections":[],"jetpack_featured_media_url":"https:\/\/i0.wp.com\/historiografija.hr\/wp-content\/uploads\/2022\/12\/ach_kosovo.jpg?fit=1100%2C732&ssl=1","jetpack_sharing_enabled":true,"jetpack-related-posts":[],"_links":{"self":[{"href":"https:\/\/historiografija.hr\/index.php?rest_route=\/wp\/v2\/posts\/33769","targetHints":{"allow":["GET"]}}],"collection":[{"href":"https:\/\/historiografija.hr\/index.php?rest_route=\/wp\/v2\/posts"}],"about":[{"href":"https:\/\/historiografija.hr\/index.php?rest_route=\/wp\/v2\/types\/post"}],"author":[{"embeddable":true,"href":"https:\/\/historiografija.hr\/index.php?rest_route=\/wp\/v2\/users\/2"}],"replies":[{"embeddable":true,"href":"https:\/\/historiografija.hr\/index.php?rest_route=%2Fwp%2Fv2%2Fcomments&post=33769"}],"version-history":[{"count":1,"href":"https:\/\/historiografija.hr\/index.php?rest_route=\/wp\/v2\/posts\/33769\/revisions"}],"predecessor-version":[{"id":33771,"href":"https:\/\/historiografija.hr\/index.php?rest_route=\/wp\/v2\/posts\/33769\/revisions\/33771"}],"wp:featuredmedia":[{"embeddable":true,"href":"https:\/\/historiografija.hr\/index.php?rest_route=\/wp\/v2\/media\/33770"}],"wp:attachment":[{"href":"https:\/\/historiografija.hr\/index.php?rest_route=%2Fwp%2Fv2%2Fmedia&parent=33769"}],"wp:term":[{"taxonomy":"category","embeddable":true,"href":"https:\/\/historiografija.hr\/index.php?rest_route=%2Fwp%2Fv2%2Fcategories&post=33769"},{"taxonomy":"post_tag","embeddable":true,"href":"https:\/\/historiografija.hr\/index.php?rest_route=%2Fwp%2Fv2%2Ftags&post=33769"}],"curies":[{"name":"wp","href":"https:\/\/api.w.org\/{rel}","templated":true}]}}