{"id":33764,"date":"2022-12-09T11:00:12","date_gmt":"2022-12-09T11:00:12","guid":{"rendered":"http:\/\/historiografija.hr\/?p=33764"},"modified":"2022-12-09T11:03:19","modified_gmt":"2022-12-09T11:03:19","slug":"izlozba-svesvrstani-u-zagrebu","status":"publish","type":"post","link":"https:\/\/historiografija.hr\/?p=33764","title":{"rendered":"Izlo\u017eba \u201eSvesvrstani\u201c u Zagrebu"},"content":{"rendered":"\n<p>Uro\u0161 Kr\u010dadinac &#8220;Svesvrstani&#8221;<br>Otvorenje izlo\u017ebe: subota, 3.12.2022., 19h, Galerija Miroslav Kraljevi\u0107 u Zagrebu<br>Izlo\u017eba traje do 14.12.2022.<\/p>\n\n\n\n<p>Radno vrijeme galerije: utorak-petak: 14\u201320h; subota: 10\u201315h<\/p>\n\n\n\n<hr class=\"wp-block-separator\"\/>\n\n\n\n<p>Digitalni umjetni\u010dki projekt &#8220;Svesvrstani&#8221; srpskog umjetnika Uro\u0161a Kr\u010dadinca postavlja pitanje \u0161to danas, u vrijeme proliferacije digitalnog kapitala, ubrzanog umna\u017eanja memskih frontova i op\u0107e inflacije zna\u010denja, predstavlja standardni repertoar nacionalnih simbola, kao \u0161to su zastava, geslo, grb i himna.<\/p>\n\n\n\n<p>Sredi\u0161nji element projekta softverski je sustav, temeljen na primijenjenoj umjetnoj inteligenciji, koji autonomno generira bezbroj (barem u teoriji) razli\u010ditih nacionalnih identiteta: beskona\u010dna produkcija zastava, gesla, grbova i himni. Prototip sustava nastao je tijekom ljeta 2020. godine.<\/p>\n\n\n\n<p>Ovaj softverski sustav prilago\u0111ava se pojedina\u010dnom identitetskom potro\u0161a\u010du: za jednog \u0107e generirati pomorsko\u2212balkansko\u2212libertarijanski identitet, za drugog slovensko\u2212klerikalno\u2212veganski, za tre\u0107eg antivaksersko\u2212anarhopravoslavni, punk\u2212vojvo\u0111ansko\u2212incelski ili pak europsko\u2212new-age\u2212sumatraisti\u010dki. Identiteti se umno\u017eavaju fraktalno, ad infinitum. Populacije simbola razmno\u017eavaju se poput Internet memeova ili Darwinovih zeba.<\/p>\n\n\n\n<p>Izlo\u017eba donosi razli\u010dite vizualne, tekstualne i zvu\u010dne izlaze iz navedenog softverskog sustava, prije svega fizi\u010dke zastave (platnene ili svilene), printove na zidu galerije i interaktivnu mre\u017enu stranicu, izlo\u017eenu u galeriji, koja posjetiteljima omogu\u0107uje da na licu mjesta generiraju svoj osobni, individualni \u2013 uistinu individualisti\u010dki \u2013 simboli\u010dki identitet (i to upravo za taj trenutak u vremenu, jer bi ve\u0107 sljede\u0107eg trenutka njihova zastava izgledala druga\u010dije).<\/p>\n\n\n\n<p>Program Fractal Nations vizualizira fragmentarnu logiku dru\u0161tvenih odnosa kojima dominira digitalni kapital. Algoritmi umjetne inteligencije proizvode medijske sadr\u017eaje u beskraj, a post-radni\u010dki bespotrebnijat (the unnecceseriat), u o\u010daju bespomo\u0107nosti i usamljenosti, hvata se za bilo kakve simbole. Takvim (pseudo)nasumi\u010dnim identifikacijama nastaju sve beskorisniji frontovi, koji ne samo \u0161to nisu u stanju suprotstaviti se realnim strukturama mo\u0107i, nego samo poma\u017eu tim istim algoritmima bolje prepoznati, klasterirati, nadzirati i ideolo\u0161ki zao\u0161travati ljude. Time se dodatno nagla\u0161ava bespotrebnost svih ovih ljudi kojima je potrebno upravljati, ali ih nije mogu\u0107e u\u010diniti korisnima.<\/p>\n\n\n\n<p>U osnovi ideje nalazi se napetost izme\u0111u simboli\u010dkog i materijalnog. Rije\u010dima filozofa Borisa Budena: \u201eIdentitet je kost za glodanje koju vam dobace prije nego vas ogule do gole ko\u017ee.\u201d U digitalnom dru\u0161tvu to se ubrzano odvija, uz prate\u0107u hiperinflaciju raznoraznih simbola i narativa; te zastave postaju jeftine i potro\u0161ne kao Internet memeovi. Ovakva narativna \u0161izofrenija koristi se kao u\u010dinkovita dru\u0161tvena taktika, jer dok god smo dijelom vlasni\u010dkih, financijskih i proizvodnih struktura mo\u0107i, potpuno je svejedno kojim se simbolima okru\u017eujemo.<\/p>\n\n\n\n<p>Umjesto nesvrstanih \u2013 svesvrstani.<\/p>\n\n\n\n<p>Uro\u0161 Kr\u010dadinac<\/p>\n\n\n\n<hr class=\"wp-block-separator\"\/>\n\n\n\n<p>Uro\u0161 Kr\u010dadinac (1984.) digitalni je umjetnik, programer, autor i edukator. Njegova transdisciplinarna praksa obuhva\u0107a programiranje, pisanje, dizajn, animaciju i kartografiju. Istra\u017eiva\u010dke radove objavio je u IEEE \u010dasopisima, dok je umjetni\u010dke radove izlagao na festivalu re:publica (Gr\u010dka\/Njema\u010dka), Sveu\u010dili\u0161tu Emily Carr (Kanada), Galeriji SANU, beogradskom Muzeju nauke i tehnike, itd. Doktorirao je informatiku na Sveu\u010dili\u0161tu u Beogradu. Radi kao docent digitalne umjetnosti i ra\u010dunarstva na Fakultetu za medije i komunikacije i kao znanstveni suradnik na Sveu\u010dili\u0161tu u Beogradu.<\/p>\n\n\n\n<p><a rel=\"noreferrer noopener\" href=\"https:\/\/l.facebook.com\/l.php?u=http%3A%2F%2Fkrcadinac.com%2F%3Ffbclid%3DIwAR2x0LbqDbBjkRw0_7g8KqBLJLysVygHTay1FcPFwEy9kd7lZmi0Y7aV0bw&amp;h=AT1DyweWU9OcCfgew-AMzPCWT_s1lUM6xd8PxhRASsOTNbsbkxcxPVQTn94zcVurIwBfsuuaOoG0PKgq72IH-d7sJqiFNnlL-9m_8gUj8wKkQx2Bk2L_ShRFcqU0ExbJ3DYT&amp;__tn__=q&amp;c%5b0%5d=AT1EVcJHhMQE-5os-G23f0y8dxLNCUfxIThMQzRzogT2Y_Z_H8Zh9OPDtxJ9iOwUoq7v50zn_Bnk6_PvqUihzeU2KT76smkhFLows8YKCDFGK_WeVMo0ZelVQzJZ7Q4DDVHIurKp5WfI_8kdsJ2Sekj8n__M\" target=\"_blank\">krcadinac.com<\/a><\/p>\n\n\n\n<hr class=\"wp-block-separator\"\/>\n\n\n\n<p>Generator zastavica:<br><a rel=\"noreferrer noopener\" href=\"https:\/\/krcadinac.com\/svesvrstani\/generator?fbclid=IwAR2TEwdpBH3Rt-guNgp51jpptG6vn42XNsy8jBErHS9vP1Gz7X6Ex0cCjvw\" target=\"_blank\">https:\/\/krcadinac.com\/svesvrstani\/generator<\/a><\/p>\n\n\n\n<hr class=\"wp-block-separator\"\/>\n\n\n\n<p>Projekt je izvorno nastao u produkciji Doma kulture Studentski grad u Beogradu, u okviru me\u0111unarodnog projekta &#8220;They: Live \u2013 Student lives revealed through context-based art practices&#8221;, koji su financirali Kreativna Europa i Ministarstvo kulture i informisanja Republike Srbije.<\/p>\n\n\n\n<hr class=\"wp-block-separator\"\/>\n\n\n\n<p>Izvor:<\/p>\n\n\n\n<p><a href=\"https:\/\/www.facebook.com\/events\/1475470379644173\/\">https:\/\/www.facebook.com\/events\/1475470379644173\/<\/a><\/p>\n\n\n\n<hr class=\"wp-block-separator\"\/>\n\n\n\n<p><strong>Izlo\u017eba &#8220;Svesvrstani&#8221; u Beogradu<\/strong><\/p>\n\n\n\n<figure class=\"wp-block-embed-wordpress wp-block-embed is-type-wp-embed is-provider-historiografija-hr\"><div class=\"wp-block-embed__wrapper\">\n<blockquote class=\"wp-embedded-content\" data-secret=\"vcnBoyDdbY\"><a href=\"https:\/\/historiografija.hr\/?p=31797\">Izlo\u017eba \u201eSvesvsrtani\u201c<\/a><\/blockquote><iframe loading=\"lazy\" class=\"wp-embedded-content\" sandbox=\"allow-scripts\" security=\"restricted\" style=\"position: absolute; clip: rect(1px, 1px, 1px, 1px);\" title=\"&#8220;Izlo\u017eba \u201eSvesvsrtani\u201c&#8221; &#8212; Historiografija.hr\" src=\"https:\/\/historiografija.hr\/?p=31797&#038;embed=true#?secret=vcnBoyDdbY\" data-secret=\"vcnBoyDdbY\" width=\"600\" height=\"338\" frameborder=\"0\" marginwidth=\"0\" marginheight=\"0\" scrolling=\"no\"><\/iframe>\n<\/div><\/figure>\n\n\n\n<hr class=\"wp-block-separator\"\/>\n","protected":false},"excerpt":{"rendered":"","protected":false},"author":2,"featured_media":33765,"comment_status":"open","ping_status":"open","sticky":false,"template":"","format":"standard","meta":{"_acf_changed":false,"jetpack_post_was_ever_published":false,"_jetpack_newsletter_access":"","_jetpack_dont_email_post_to_subs":false,"_jetpack_newsletter_tier_id":0,"_jetpack_memberships_contains_paywalled_content":false,"_jetpack_memberships_contains_paid_content":false,"footnotes":"","jetpack_publicize_message":"","jetpack_publicize_feature_enabled":true,"jetpack_social_post_already_shared":true,"jetpack_social_options":{"image_generator_settings":{"template":"highway","default_image_id":0,"font":"","enabled":false},"version":2}},"categories":[10,3],"tags":[],"class_list":["post-33764","post","type-post","status-publish","format-standard","has-post-thumbnail","hentry","category-izlozbe","category-novosti"],"acf":{"facebook_opis":""},"jetpack_publicize_connections":[],"jetpack_featured_media_url":"https:\/\/i0.wp.com\/historiografija.hr\/wp-content\/uploads\/2022\/12\/GMK.jpg?fit=1834%2C960&ssl=1","jetpack_sharing_enabled":true,"jetpack-related-posts":[],"_links":{"self":[{"href":"https:\/\/historiografija.hr\/index.php?rest_route=\/wp\/v2\/posts\/33764","targetHints":{"allow":["GET"]}}],"collection":[{"href":"https:\/\/historiografija.hr\/index.php?rest_route=\/wp\/v2\/posts"}],"about":[{"href":"https:\/\/historiografija.hr\/index.php?rest_route=\/wp\/v2\/types\/post"}],"author":[{"embeddable":true,"href":"https:\/\/historiografija.hr\/index.php?rest_route=\/wp\/v2\/users\/2"}],"replies":[{"embeddable":true,"href":"https:\/\/historiografija.hr\/index.php?rest_route=%2Fwp%2Fv2%2Fcomments&post=33764"}],"version-history":[{"count":3,"href":"https:\/\/historiografija.hr\/index.php?rest_route=\/wp\/v2\/posts\/33764\/revisions"}],"predecessor-version":[{"id":33768,"href":"https:\/\/historiografija.hr\/index.php?rest_route=\/wp\/v2\/posts\/33764\/revisions\/33768"}],"wp:featuredmedia":[{"embeddable":true,"href":"https:\/\/historiografija.hr\/index.php?rest_route=\/wp\/v2\/media\/33765"}],"wp:attachment":[{"href":"https:\/\/historiografija.hr\/index.php?rest_route=%2Fwp%2Fv2%2Fmedia&parent=33764"}],"wp:term":[{"taxonomy":"category","embeddable":true,"href":"https:\/\/historiografija.hr\/index.php?rest_route=%2Fwp%2Fv2%2Fcategories&post=33764"},{"taxonomy":"post_tag","embeddable":true,"href":"https:\/\/historiografija.hr\/index.php?rest_route=%2Fwp%2Fv2%2Ftags&post=33764"}],"curies":[{"name":"wp","href":"https:\/\/api.w.org\/{rel}","templated":true}]}}