{"id":33754,"date":"2022-12-08T17:16:36","date_gmt":"2022-12-08T17:16:36","guid":{"rendered":"http:\/\/historiografija.hr\/?p=33754"},"modified":"2022-12-08T17:19:03","modified_gmt":"2022-12-08T17:19:03","slug":"dariah-day-2022","status":"publish","type":"post","link":"https:\/\/historiografija.hr\/?p=33754","title":{"rendered":"DARIAH Day 2022"},"content":{"rendered":"\n<p>DARIAH Day 2022 odr\u017eat \u0107e se u ponedjeljak 12. prosinca 2022. od 10 do 14 sati na Filozofskom fakultetu u Zagrebu (Konferencijska dvorana na 2. katu Knji\u017enice).&nbsp;<\/p>\n\n\n\n<p>Kao i dosada\u0161njih godina, susret \u0107e biti prilika za dinami\u010dnu razmjenu informacija o aktivnostima, projektima, suradnjama u teku\u0107oj godini te za najavu novih planova.<\/p>\n\n\n\n<p>U prvom dijelu programa istra\u017eiva\u010di \u0107e razmjenjivati informacije o aktivnostima, projektima i suradnji u teku\u0107oj godini te najaviti nove planove. Drugi dio skupa bit \u0107e posve\u0107en raspravi o podacima i planovima upravljanja podacima u digitalnoj humanistici. Razgovarat \u0107e se i o iskustvima prijavitelja projekta na natje\u010daje Hrvatske zaklade za znanost u kojima je trebalo oblikovati Plan upravljanja podacima. U raspravi \u0107e uz istra\u017eiva\u010de humaniste sudjelovati dr. sc. Dejana Cari\u0107 iz HRZZ-a.<\/p>\n\n\n\n<p>Okvirni program:<\/p>\n\n\n\n<p>10:00 \u2212 12:00 Predstavljanje projekata i aktivnosti iz digitalne humanistike<\/p>\n\n\n\n<p>12:00 \u2212 12:30 Pauza uz osvje\u017eenje<\/p>\n\n\n\n<p>12:30 \u2212 14:00 Rasprava: podaci i planovi upravljanja podacima u digitalnoj humanistici<\/p>\n\n\n\n<hr class=\"wp-block-separator\"\/>\n\n\n\n<p>Izvori i dodatne informacije:<\/p>\n\n\n\n<p><a href=\"https:\/\/dariah.hr\/hr\/dogadjaji-i-aktivnosti\/dariah-day-2022\/\">https:\/\/dariah.hr\/hr\/dogadjaji-i-aktivnosti\/dariah-day-2022\/<\/a><\/p>\n\n\n\n<figure class=\"wp-block-embed-wordpress wp-block-embed is-type-wp-embed is-provider-filozofski-fakultet-sveucilista-u-zagrebu\"><div class=\"wp-block-embed__wrapper\">\n<blockquote class=\"wp-embedded-content\" data-secret=\"MbMPPdWt5m\"><a href=\"https:\/\/web2020.ffzg.unizg.hr\/blog\/2022\/12\/02\/dariah-day-2022\/\">DARIAH DAY 2022<\/a><\/blockquote><iframe loading=\"lazy\" class=\"wp-embedded-content\" sandbox=\"allow-scripts\" security=\"restricted\" style=\"position: absolute; clip: rect(1px, 1px, 1px, 1px);\" title=\"&#8220;DARIAH DAY 2022&#8221; &#8212; Filozofski fakultet Sveu\u010dili\u0161ta u Zagrebu\" src=\"https:\/\/web2020.ffzg.unizg.hr\/blog\/2022\/12\/02\/dariah-day-2022\/embed\/#?secret=MbMPPdWt5m\" data-secret=\"MbMPPdWt5m\" width=\"600\" height=\"338\" frameborder=\"0\" marginwidth=\"0\" marginheight=\"0\" scrolling=\"no\"><\/iframe>\n<\/div><\/figure>\n\n\n\n<hr class=\"wp-block-separator\"\/>\n","protected":false},"excerpt":{"rendered":"","protected":false},"author":2,"featured_media":33755,"comment_status":"open","ping_status":"open","sticky":false,"template":"","format":"standard","meta":{"_acf_changed":false,"_jetpack_newsletter_access":"","_jetpack_dont_email_post_to_subs":false,"_jetpack_newsletter_tier_id":0,"_jetpack_memberships_contains_paywalled_content":false,"_jetpack_memberships_contains_paid_content":false,"footnotes":"","jetpack_publicize_message":"","jetpack_publicize_feature_enabled":true,"jetpack_social_post_already_shared":true,"jetpack_social_options":{"image_generator_settings":{"template":"highway","default_image_id":0,"font":"","enabled":false},"version":2},"jetpack_post_was_ever_published":false},"categories":[3,9],"tags":[],"class_list":["post-33754","post","type-post","status-publish","format-standard","has-post-thumbnail","hentry","category-novosti","category-skupovi"],"acf":{"facebook_opis":""},"jetpack_publicize_connections":[],"jetpack_featured_media_url":"https:\/\/i0.wp.com\/historiografija.hr\/wp-content\/uploads\/2022\/12\/Pozivnica-Dariah-Day-2022-scaled.jpg?fit=2560%2C1124&ssl=1","jetpack_sharing_enabled":true,"jetpack-related-posts":[{"id":53203,"url":"https:\/\/historiografija.hr\/?p=53203","url_meta":{"origin":33754,"position":0},"title":"Odr\u017ean dan projekata Centra za teorijska istra\u017eivanja u humanistici","author":"Branimir Jankovi\u0107","date":"13. svibnja 2026.","format":false,"excerpt":"Dana 12. svibnja 2026. godine odr\u017eano je predstavljanje novih znanstvenih projekata Centra za teorijska istra\u017eivanja u humanistici. Rije\u010d je o osam novih projekata: dvama projektima financiranima sredstvima Hrvatske zaklade za znanost i \u0161est projekata financiranih sredstvima Nacionalnoga plana oporavka i otpornosti. Nakon uvodnih rije\u010di dekana Filozofskoga fakulteta u Zagrebu prof.\u2026","rel":"","context":"U &quot;Novosti&quot;","block_context":{"text":"Novosti","link":"https:\/\/historiografija.hr\/?cat=3"},"img":{"alt_text":"","src":"https:\/\/i0.wp.com\/historiografija.hr\/wp-content\/uploads\/2026\/05\/DP3-1.jpeg?fit=1200%2C842&ssl=1&resize=350%2C200","width":350,"height":200,"srcset":"https:\/\/i0.wp.com\/historiografija.hr\/wp-content\/uploads\/2026\/05\/DP3-1.jpeg?fit=1200%2C842&ssl=1&resize=350%2C200 1x, https:\/\/i0.wp.com\/historiografija.hr\/wp-content\/uploads\/2026\/05\/DP3-1.jpeg?fit=1200%2C842&ssl=1&resize=525%2C300 1.5x, https:\/\/i0.wp.com\/historiografija.hr\/wp-content\/uploads\/2026\/05\/DP3-1.jpeg?fit=1200%2C842&ssl=1&resize=700%2C400 2x, https:\/\/i0.wp.com\/historiografija.hr\/wp-content\/uploads\/2026\/05\/DP3-1.jpeg?fit=1200%2C842&ssl=1&resize=1050%2C600 3x"},"classes":[]},{"id":54297,"url":"https:\/\/historiografija.hr\/?p=54297","url_meta":{"origin":33754,"position":1},"title":"Bo\u017eena Glavan, \u201eDefter za Carigrad\u201d","author":"Filip \u0160imunjak","date":"25. lipnja 2026.","format":false,"excerpt":"U romanu Defter za Carigrad prikazuje se diplomatska aktivnost Osmanskog Carstva u 17. st. na hrvatskom prostoru pod vla\u0161\u0107u sultana. Opisuje se su\u017eivot islamsko \u2013 kr\u0161\u0107anske kulture na toj najzapadnijoj osmanskoj granici. Pri\u010da se temelji na istra\u017eenim arhivskim povijesnim dokumentima koje je autorica koristila. Carigrad, ljeto 1671. godina. Sultan je\u2026","rel":"","context":"U &quot;Novosti&quot;","block_context":{"text":"Novosti","link":"https:\/\/historiografija.hr\/?cat=3"},"img":{"alt_text":"","src":"https:\/\/i0.wp.com\/historiografija.hr\/wp-content\/uploads\/2026\/06\/Defter-za-Carigrad.jpg?fit=300%2C419&ssl=1&resize=350%2C200","width":350,"height":200},"classes":[]},{"id":50664,"url":"https:\/\/historiografija.hr\/?p=50664","url_meta":{"origin":33754,"position":2},"title":"Portal Historiografija.hr u novoj 2026. godini","author":"Branimir Jankovi\u0107","date":"1. sije\u010dnja 2026.","format":false,"excerpt":"Portal Historiografija.hr \u017eeli svim autorima, suradnicima i \u010ditateljima sretnu i uspje\u0161nu 2026. godinu, uz zahvalu na dosada\u0161njem pra\u0107enju, slanju obavijesti i pisanju tekstova. Nastavit \u0107emo i dalje prenositi \u0161to vi\u0161e obavijesti o hrvatskoj historiografiji u svom njezinom pluralitetu, neovisno o uredni\u010dkim preferencijama i komentarima, otvaraju\u0107i prostor za polemiku i dijalog,\u2026","rel":"","context":"U &quot;Novosti&quot;","block_context":{"text":"Novosti","link":"https:\/\/historiografija.hr\/?cat=3"},"img":{"alt_text":"","src":"https:\/\/i0.wp.com\/historiografija.hr\/wp-content\/uploads\/2026\/01\/Historiografija-hr-naslovnica.webp?fit=860%2C280&ssl=1&resize=350%2C200","width":350,"height":200,"srcset":"https:\/\/i0.wp.com\/historiografija.hr\/wp-content\/uploads\/2026\/01\/Historiografija-hr-naslovnica.webp?fit=860%2C280&ssl=1&resize=350%2C200 1x, https:\/\/i0.wp.com\/historiografija.hr\/wp-content\/uploads\/2026\/01\/Historiografija-hr-naslovnica.webp?fit=860%2C280&ssl=1&resize=525%2C300 1.5x, https:\/\/i0.wp.com\/historiografija.hr\/wp-content\/uploads\/2026\/01\/Historiografija-hr-naslovnica.webp?fit=860%2C280&ssl=1&resize=700%2C400 2x"},"classes":[]},{"id":52717,"url":"https:\/\/historiografija.hr\/?p=52717","url_meta":{"origin":33754,"position":3},"title":"Okrugli stol &#8220;Dvjestapedeset godina Sjedinjenih Ameri\u010dkih Dr\u017eava \u2013 od kolonije do prve zemlje svijeta i dalje&#8221;","author":"Filip \u0160imunjak","date":"29. travnja 2026.","format":false,"excerpt":"Ove godine obilje\u017eava se 250. obljetnica osnutka Sjedinjenih Ameri\u010dkih Dr\u017eava, povodom koje je pokrenut niz rasprava o ameri\u010dkoj povijesti, njezinoj globalnoj ulozi i naslje\u0111u koje se prote\u017ee od 1776. do danas. Obljetnica je ujedno prilika za promi\u0161ljanje o tome kako danas tuma\u010dimo ameri\u010dku pro\u0161lost, ali i (aktualnu) ulogu SAD-a u\u2026","rel":"","context":"U &quot;Novosti&quot;","block_context":{"text":"Novosti","link":"https:\/\/historiografija.hr\/?cat=3"},"img":{"alt_text":"","src":"https:\/\/i0.wp.com\/historiografija.hr\/wp-content\/uploads\/2026\/04\/Kliofest-01-utorak-I-02-OS-250-godina-SAD.jpg?fit=1200%2C566&ssl=1&resize=350%2C200","width":350,"height":200,"srcset":"https:\/\/i0.wp.com\/historiografija.hr\/wp-content\/uploads\/2026\/04\/Kliofest-01-utorak-I-02-OS-250-godina-SAD.jpg?fit=1200%2C566&ssl=1&resize=350%2C200 1x, https:\/\/i0.wp.com\/historiografija.hr\/wp-content\/uploads\/2026\/04\/Kliofest-01-utorak-I-02-OS-250-godina-SAD.jpg?fit=1200%2C566&ssl=1&resize=525%2C300 1.5x, https:\/\/i0.wp.com\/historiografija.hr\/wp-content\/uploads\/2026\/04\/Kliofest-01-utorak-I-02-OS-250-godina-SAD.jpg?fit=1200%2C566&ssl=1&resize=700%2C400 2x, https:\/\/i0.wp.com\/historiografija.hr\/wp-content\/uploads\/2026\/04\/Kliofest-01-utorak-I-02-OS-250-godina-SAD.jpg?fit=1200%2C566&ssl=1&resize=1050%2C600 3x"},"classes":[]},{"id":53905,"url":"https:\/\/historiografija.hr\/?p=53905","url_meta":{"origin":33754,"position":4},"title":"Arheolo\u0161ki muzej obilje\u017eava 180 godina postojanja projektom \u201ePredah u Lapidariju\u201c","author":"Filip \u0160imunjak","date":"3. lipnja 2026.","format":false,"excerpt":"Premijerno izdanje novog projekta Arheolo\u0161kog Muzeja u Zagrebu poklon je svim gra\u0111anima, prilika za mir i trenutke opu\u0161tanja u strogom centru grada bez komercijalnih sadr\u017eaja u anti\u010dkom stilu Otkako je osnovan 1846. godine Arheolo\u0161ki muzej se prometnuo u jedno od najva\u017enijih regionalnih sredi\u0161ta prikupljanja, \u010duvanja i istra\u017eivanja arheolo\u0161ke ba\u0161tine. U\u2026","rel":"","context":"U &quot;Novosti&quot;","block_context":{"text":"Novosti","link":"https:\/\/historiografija.hr\/?cat=3"},"img":{"alt_text":"","src":"https:\/\/i0.wp.com\/historiografija.hr\/wp-content\/uploads\/2026\/06\/Predah-u-Lapidariju.webp?fit=1200%2C661&ssl=1&resize=350%2C200","width":350,"height":200,"srcset":"https:\/\/i0.wp.com\/historiografija.hr\/wp-content\/uploads\/2026\/06\/Predah-u-Lapidariju.webp?fit=1200%2C661&ssl=1&resize=350%2C200 1x, https:\/\/i0.wp.com\/historiografija.hr\/wp-content\/uploads\/2026\/06\/Predah-u-Lapidariju.webp?fit=1200%2C661&ssl=1&resize=525%2C300 1.5x, https:\/\/i0.wp.com\/historiografija.hr\/wp-content\/uploads\/2026\/06\/Predah-u-Lapidariju.webp?fit=1200%2C661&ssl=1&resize=700%2C400 2x, https:\/\/i0.wp.com\/historiografija.hr\/wp-content\/uploads\/2026\/06\/Predah-u-Lapidariju.webp?fit=1200%2C661&ssl=1&resize=1050%2C600 3x"},"classes":[]},{"id":53460,"url":"https:\/\/historiografija.hr\/?p=53460","url_meta":{"origin":33754,"position":5},"title":"Poziv na javno savjetovanje na temu obrazovanja o ba\u0161tini antifa\u0161izma","author":"Branimir Jankovi\u0107","date":"19. svibnja 2026.","format":false,"excerpt":"Pozivamo Vas na sudjelovanje u javnom savjetovanju pod nazivom \u201dKako danas pristupamo ba\u0161tini stradanja i antifa\u0161izma? Drugi svjetski rat i antifa\u0161izam u suvremenim muzejskim, umjetni\u010dkim i obrazovnim praksama\u201d o kvalitetnijem informiranju mladih i drugog zainteresiranog gra\u0111anstva o mjestima stradanja te antifa\u0161isti\u010dkog otpora i ba\u0161tini antifa\u0161izma koje \u0107e se odr\u017eati u\u2026","rel":"","context":"U &quot;Novosti&quot;","block_context":{"text":"Novosti","link":"https:\/\/historiografija.hr\/?cat=3"},"img":{"alt_text":"","src":"https:\/\/i0.wp.com\/historiografija.hr\/wp-content\/uploads\/2026\/05\/Dotrscina-V.-Bakic-Kristal.jpg?fit=898%2C937&ssl=1&resize=350%2C200","width":350,"height":200,"srcset":"https:\/\/i0.wp.com\/historiografija.hr\/wp-content\/uploads\/2026\/05\/Dotrscina-V.-Bakic-Kristal.jpg?fit=898%2C937&ssl=1&resize=350%2C200 1x, https:\/\/i0.wp.com\/historiografija.hr\/wp-content\/uploads\/2026\/05\/Dotrscina-V.-Bakic-Kristal.jpg?fit=898%2C937&ssl=1&resize=525%2C300 1.5x, https:\/\/i0.wp.com\/historiografija.hr\/wp-content\/uploads\/2026\/05\/Dotrscina-V.-Bakic-Kristal.jpg?fit=898%2C937&ssl=1&resize=700%2C400 2x"},"classes":[]}],"_links":{"self":[{"href":"https:\/\/historiografija.hr\/index.php?rest_route=\/wp\/v2\/posts\/33754","targetHints":{"allow":["GET"]}}],"collection":[{"href":"https:\/\/historiografija.hr\/index.php?rest_route=\/wp\/v2\/posts"}],"about":[{"href":"https:\/\/historiografija.hr\/index.php?rest_route=\/wp\/v2\/types\/post"}],"author":[{"embeddable":true,"href":"https:\/\/historiografija.hr\/index.php?rest_route=\/wp\/v2\/users\/2"}],"replies":[{"embeddable":true,"href":"https:\/\/historiografija.hr\/index.php?rest_route=%2Fwp%2Fv2%2Fcomments&post=33754"}],"version-history":[{"count":3,"href":"https:\/\/historiografija.hr\/index.php?rest_route=\/wp\/v2\/posts\/33754\/revisions"}],"predecessor-version":[{"id":33758,"href":"https:\/\/historiografija.hr\/index.php?rest_route=\/wp\/v2\/posts\/33754\/revisions\/33758"}],"wp:featuredmedia":[{"embeddable":true,"href":"https:\/\/historiografija.hr\/index.php?rest_route=\/wp\/v2\/media\/33755"}],"wp:attachment":[{"href":"https:\/\/historiografija.hr\/index.php?rest_route=%2Fwp%2Fv2%2Fmedia&parent=33754"}],"wp:term":[{"taxonomy":"category","embeddable":true,"href":"https:\/\/historiografija.hr\/index.php?rest_route=%2Fwp%2Fv2%2Fcategories&post=33754"},{"taxonomy":"post_tag","embeddable":true,"href":"https:\/\/historiografija.hr\/index.php?rest_route=%2Fwp%2Fv2%2Ftags&post=33754"}],"curies":[{"name":"wp","href":"https:\/\/api.w.org\/{rel}","templated":true}]}}