{"id":33745,"date":"2022-12-08T16:36:54","date_gmt":"2022-12-08T16:36:54","guid":{"rendered":"http:\/\/historiografija.hr\/?p=33745"},"modified":"2022-12-08T16:36:54","modified_gmt":"2022-12-08T16:36:54","slug":"izlozba-gorjani-pod-suncem-pod-zemljom","status":"publish","type":"post","link":"https:\/\/historiografija.hr\/?p=33745","title":{"rendered":"Izlo\u017eba \u201dGorjani \u2013 pod suncem, pod zemljom\u201d"},"content":{"rendered":"\n<p>Pozivaju se svi na otvorenje izlo\u017ebe \u201dGorjani &#8211; pod suncem, pod zemljom\u201d koje \u0107e se odr\u017eati 12. prosinca u 13 sati u auli Filozofskog fakulteta u Zagrebu. Organizatori izlo\u017ebe su Filozofski fakultet Sveu\u010dili\u0161ta u Zagrebu, Hrvatski restauratorski zavod, Muzej \u0110akov\u0161tine i Op\u0107ina Gorjani.<\/p>\n\n\n\n<p>Izlo\u017ebu \u0107e otvoriti dekan izv. prof. dr. sc. Domagoj Ton\u010dini\u0107, uz kratko prigodno obra\u0107anje autorica izlo\u017ebe i na\u010delnika op\u0107ine Gorjani.<\/p>\n\n\n\n<p>Izlo\u017eba \u0107e biti postavljena do 18. prosinca 2022.<\/p>\n\n\n\n<hr class=\"wp-block-separator\"\/>\n\n\n\n<p>Izvor:<\/p>\n\n\n\n<figure class=\"wp-block-embed-wordpress wp-block-embed is-type-wp-embed is-provider-filozofski-fakultet-sveucilista-u-zagrebu\"><div class=\"wp-block-embed__wrapper\">\n<blockquote class=\"wp-embedded-content\" data-secret=\"uMLmelLOMA\"><a href=\"https:\/\/web2020.ffzg.unizg.hr\/blog\/2022\/12\/07\/otvorenje-izlozbe-gorjani-pod-suncem-pod-zemljom\/\">Otvorenje izlo\u017ebe &#8221;Gorjani &#8211; pod suncem, pod zemljom&#8221;<\/a><\/blockquote><iframe loading=\"lazy\" class=\"wp-embedded-content\" sandbox=\"allow-scripts\" security=\"restricted\" style=\"position: absolute; clip: rect(1px, 1px, 1px, 1px);\" title=\"&#8220;Otvorenje izlo\u017ebe &#8221;Gorjani &#8211; pod suncem, pod zemljom&#8221;&#8221; &#8212; Filozofski fakultet Sveu\u010dili\u0161ta u Zagrebu\" src=\"https:\/\/web2020.ffzg.unizg.hr\/blog\/2022\/12\/07\/otvorenje-izlozbe-gorjani-pod-suncem-pod-zemljom\/embed\/#?secret=uMLmelLOMA\" data-secret=\"uMLmelLOMA\" width=\"600\" height=\"338\" frameborder=\"0\" marginwidth=\"0\" marginheight=\"0\" scrolling=\"no\"><\/iframe>\n<\/div><\/figure>\n\n\n\n<hr class=\"wp-block-separator\"\/>\n","protected":false},"excerpt":{"rendered":"","protected":false},"author":2,"featured_media":33746,"comment_status":"open","ping_status":"open","sticky":false,"template":"","format":"standard","meta":{"_acf_changed":false,"jetpack_post_was_ever_published":false,"_jetpack_newsletter_access":"","_jetpack_dont_email_post_to_subs":false,"_jetpack_newsletter_tier_id":0,"_jetpack_memberships_contains_paywalled_content":false,"_jetpack_memberships_contains_paid_content":false,"footnotes":"","jetpack_publicize_message":"","jetpack_publicize_feature_enabled":true,"jetpack_social_post_already_shared":true,"jetpack_social_options":{"image_generator_settings":{"template":"highway","default_image_id":0,"font":"","enabled":false},"version":2}},"categories":[10,3],"tags":[],"class_list":["post-33745","post","type-post","status-publish","format-standard","has-post-thumbnail","hentry","category-izlozbe","category-novosti"],"acf":{"facebook_opis":""},"jetpack_publicize_connections":[],"jetpack_featured_media_url":"https:\/\/i0.wp.com\/historiografija.hr\/wp-content\/uploads\/2022\/12\/pozivnica-Gorjani-2022.png?fit=768%2C543&ssl=1","jetpack_sharing_enabled":true,"jetpack-related-posts":[],"_links":{"self":[{"href":"https:\/\/historiografija.hr\/index.php?rest_route=\/wp\/v2\/posts\/33745","targetHints":{"allow":["GET"]}}],"collection":[{"href":"https:\/\/historiografija.hr\/index.php?rest_route=\/wp\/v2\/posts"}],"about":[{"href":"https:\/\/historiografija.hr\/index.php?rest_route=\/wp\/v2\/types\/post"}],"author":[{"embeddable":true,"href":"https:\/\/historiografija.hr\/index.php?rest_route=\/wp\/v2\/users\/2"}],"replies":[{"embeddable":true,"href":"https:\/\/historiografija.hr\/index.php?rest_route=%2Fwp%2Fv2%2Fcomments&post=33745"}],"version-history":[{"count":1,"href":"https:\/\/historiografija.hr\/index.php?rest_route=\/wp\/v2\/posts\/33745\/revisions"}],"predecessor-version":[{"id":33747,"href":"https:\/\/historiografija.hr\/index.php?rest_route=\/wp\/v2\/posts\/33745\/revisions\/33747"}],"wp:featuredmedia":[{"embeddable":true,"href":"https:\/\/historiografija.hr\/index.php?rest_route=\/wp\/v2\/media\/33746"}],"wp:attachment":[{"href":"https:\/\/historiografija.hr\/index.php?rest_route=%2Fwp%2Fv2%2Fmedia&parent=33745"}],"wp:term":[{"taxonomy":"category","embeddable":true,"href":"https:\/\/historiografija.hr\/index.php?rest_route=%2Fwp%2Fv2%2Fcategories&post=33745"},{"taxonomy":"post_tag","embeddable":true,"href":"https:\/\/historiografija.hr\/index.php?rest_route=%2Fwp%2Fv2%2Ftags&post=33745"}],"curies":[{"name":"wp","href":"https:\/\/api.w.org\/{rel}","templated":true}]}}