{"id":33741,"date":"2022-12-07T12:11:02","date_gmt":"2022-12-07T12:11:02","guid":{"rendered":"http:\/\/historiografija.hr\/?p=33741"},"modified":"2022-12-07T12:11:45","modified_gmt":"2022-12-07T12:11:45","slug":"izlozba-sto-godina-giganta-uz-savu","status":"publish","type":"post","link":"https:\/\/historiografija.hr\/?p=33741","title":{"rendered":"Izlo\u017eba \u201eSTO GODINA GIGANTA UZ SAVU\u201d"},"content":{"rendered":"\n<p>U Tvr\u0111avi Brod u prostoru stalne postave \u201eIndustrijske ba\u0161tine \u0110uro \u0110akovi\u0107\u201c u Slavonskom Brodu, 8. prosinca 2022. (\u010detvrtak) u 19:00 sati otvorit \u0107e se izlo\u017eba pod nazivom \u201eSto godina giganta uz Savu\u201c. Izlo\u017ebu su priredile dr. sc. Ana Rajkovi\u0107 Peji\u0107 (Hrvatski institut za povijest \u2013 Podru\u017enica za povijest Slavonije, Srijema i Baranje) i Ur\u0161ula Be\u0161li\u0107 (Muzej Brodskog Posavlja). Izlo\u017eba obuhva\u0107a rad tvornice od 1921. do 1990. kao i sportske te kulturne prakse radnika. Izlo\u017eba pru\u017ea uvid u dva paralelna procesa, s jedne strane prikazuje razvoje \u201ete\u0161ke\u201c industrije, a s druge strane, prikazuje razli\u010dite oblike provo\u0111enja slobodnog vremena radnika. Izlo\u017eba je realizirana u suradnji Hrvatskog instituta za povijest \u2013 Podru\u017enice za povijest Slavonije, Srijema i Baranje, Muzej Brodskog Posavlja, Turisti\u010dka zajednica grada Slavonskog Broda i Grad Slavonski Brod.<\/p>\n\n\n\n<figure class=\"wp-block-image size-large\"><img data-recalc-dims=\"1\" loading=\"lazy\" decoding=\"async\" width=\"736\" height=\"1024\" data-attachment-id=\"33742\" data-permalink=\"https:\/\/historiografija.hr\/?attachment_id=33742\" data-orig-file=\"https:\/\/i0.wp.com\/historiografija.hr\/wp-content\/uploads\/2022\/12\/Poster-DD.jpg?fit=736%2C1024&amp;ssl=1\" data-orig-size=\"736,1024\" data-comments-opened=\"1\" data-image-meta=\"{&quot;aperture&quot;:&quot;0&quot;,&quot;credit&quot;:&quot;&quot;,&quot;camera&quot;:&quot;&quot;,&quot;caption&quot;:&quot;&quot;,&quot;created_timestamp&quot;:&quot;0&quot;,&quot;copyright&quot;:&quot;&quot;,&quot;focal_length&quot;:&quot;0&quot;,&quot;iso&quot;:&quot;0&quot;,&quot;shutter_speed&quot;:&quot;0&quot;,&quot;title&quot;:&quot;&quot;,&quot;orientation&quot;:&quot;0&quot;}\" data-image-title=\"Poster-DD\" data-image-description=\"\" data-image-caption=\"\" data-large-file=\"https:\/\/i0.wp.com\/historiografija.hr\/wp-content\/uploads\/2022\/12\/Poster-DD.jpg?fit=736%2C1024&amp;ssl=1\" src=\"https:\/\/i0.wp.com\/historiografija.hr\/wp-content\/uploads\/2022\/12\/Poster-DD.jpg?resize=736%2C1024&#038;ssl=1\" alt=\"\" class=\"wp-image-33742\" srcset=\"https:\/\/i0.wp.com\/historiografija.hr\/wp-content\/uploads\/2022\/12\/Poster-DD.jpg?w=736&amp;ssl=1 736w, https:\/\/i0.wp.com\/historiografija.hr\/wp-content\/uploads\/2022\/12\/Poster-DD.jpg?resize=216%2C300&amp;ssl=1 216w\" sizes=\"auto, (max-width: 736px) 100vw, 736px\" \/><\/figure>\n\n\n\n<hr class=\"wp-block-separator\"\/>\n\n\n\n<p>Izvor:<\/p>\n\n\n\n<figure class=\"wp-block-embed-wordpress wp-block-embed is-type-wp-embed is-provider-hrvatski-institut-za-povijest\"><div class=\"wp-block-embed__wrapper\">\n<blockquote class=\"wp-embedded-content\" data-secret=\"dwhlfB4PzP\"><a href=\"http:\/\/hipsb.hr\/najava-izlozba-sto-godina-giganta-uz-savu\/\">NAJAVA: Izlo\u017eba \u201eSTO GODINA GIGANTA UZ SAVU\u201d<\/a><\/blockquote><iframe loading=\"lazy\" class=\"wp-embedded-content\" sandbox=\"allow-scripts\" security=\"restricted\" style=\"position: absolute; clip: rect(1px, 1px, 1px, 1px);\" title=\"&#8220;NAJAVA: Izlo\u017eba \u201eSTO GODINA GIGANTA UZ SAVU\u201d&#8221; &#8212; Hrvatski institut za povijest\" src=\"http:\/\/hipsb.hr\/najava-izlozba-sto-godina-giganta-uz-savu\/embed\/#?secret=dwhlfB4PzP\" data-secret=\"dwhlfB4PzP\" width=\"600\" height=\"338\" frameborder=\"0\" marginwidth=\"0\" marginheight=\"0\" scrolling=\"no\"><\/iframe>\n<\/div><\/figure>\n\n\n\n<hr class=\"wp-block-separator\"\/>\n","protected":false},"excerpt":{"rendered":"","protected":false},"author":2,"featured_media":33742,"comment_status":"open","ping_status":"open","sticky":false,"template":"","format":"standard","meta":{"_acf_changed":false,"jetpack_post_was_ever_published":false,"_jetpack_newsletter_access":"","_jetpack_dont_email_post_to_subs":false,"_jetpack_newsletter_tier_id":0,"_jetpack_memberships_contains_paywalled_content":false,"_jetpack_memberships_contains_paid_content":false,"footnotes":"","jetpack_publicize_message":"","jetpack_publicize_feature_enabled":true,"jetpack_social_post_already_shared":true,"jetpack_social_options":{"image_generator_settings":{"template":"highway","default_image_id":0,"font":"","enabled":false},"version":2}},"categories":[10,3],"tags":[],"class_list":["post-33741","post","type-post","status-publish","format-standard","has-post-thumbnail","hentry","category-izlozbe","category-novosti"],"acf":{"facebook_opis":""},"jetpack_publicize_connections":[],"jetpack_featured_media_url":"https:\/\/i0.wp.com\/historiografija.hr\/wp-content\/uploads\/2022\/12\/Poster-DD.jpg?fit=736%2C1024&ssl=1","jetpack_sharing_enabled":true,"jetpack-related-posts":[],"_links":{"self":[{"href":"https:\/\/historiografija.hr\/index.php?rest_route=\/wp\/v2\/posts\/33741","targetHints":{"allow":["GET"]}}],"collection":[{"href":"https:\/\/historiografija.hr\/index.php?rest_route=\/wp\/v2\/posts"}],"about":[{"href":"https:\/\/historiografija.hr\/index.php?rest_route=\/wp\/v2\/types\/post"}],"author":[{"embeddable":true,"href":"https:\/\/historiografija.hr\/index.php?rest_route=\/wp\/v2\/users\/2"}],"replies":[{"embeddable":true,"href":"https:\/\/historiografija.hr\/index.php?rest_route=%2Fwp%2Fv2%2Fcomments&post=33741"}],"version-history":[{"count":2,"href":"https:\/\/historiografija.hr\/index.php?rest_route=\/wp\/v2\/posts\/33741\/revisions"}],"predecessor-version":[{"id":33744,"href":"https:\/\/historiografija.hr\/index.php?rest_route=\/wp\/v2\/posts\/33741\/revisions\/33744"}],"wp:featuredmedia":[{"embeddable":true,"href":"https:\/\/historiografija.hr\/index.php?rest_route=\/wp\/v2\/media\/33742"}],"wp:attachment":[{"href":"https:\/\/historiografija.hr\/index.php?rest_route=%2Fwp%2Fv2%2Fmedia&parent=33741"}],"wp:term":[{"taxonomy":"category","embeddable":true,"href":"https:\/\/historiografija.hr\/index.php?rest_route=%2Fwp%2Fv2%2Fcategories&post=33741"},{"taxonomy":"post_tag","embeddable":true,"href":"https:\/\/historiografija.hr\/index.php?rest_route=%2Fwp%2Fv2%2Ftags&post=33741"}],"curies":[{"name":"wp","href":"https:\/\/api.w.org\/{rel}","templated":true}]}}