{"id":33737,"date":"2022-12-07T12:03:44","date_gmt":"2022-12-07T12:03:44","guid":{"rendered":"http:\/\/historiografija.hr\/?p=33737"},"modified":"2022-12-07T12:04:12","modified_gmt":"2022-12-07T12:04:12","slug":"izlozba-kultura-pamcenja-mjesta-sjecanja","status":"publish","type":"post","link":"https:\/\/historiografija.hr\/?p=33737","title":{"rendered":"Izlo\u017eba \u201eKultura pam\u0107enja \u2013 Mjesta sje\u0107anja\u201c"},"content":{"rendered":"\n<p>Izlo\u017eba \u201eKultura pam\u0107enja \u2013 Mjesta sje\u0107anja\u201c otvorena je 29. studenoga 2022. u Knji\u017enici Fakulteta hrvatskih studija u Zagrebu. Autori izlo\u017ebe su studenti povijesti koji su poha\u0111ali izborni predmet \u201eKultura pam\u0107enja i mjesta sje\u0107anja\u201c u zimskom semestru akademske godine 2021.\/2022., a sama izlo\u017eba je rezultat seminarske radionice na predmetu (nositeljica: izv. prof. dr. sc. Vlatka Vukeli\u0107, izvodi: Nikolina \u0160imetin \u0160egvi\u0107, mag. hist.).<\/p>\n\n\n\n<p>Studenti su kroz odabrane studije slu\u010dajeva (Spomenik banu Josipu Jela\u010di\u0107u, Aleja velikana na Mirogoju, Bukov\u010dev sve\u010dani zastor Hrvatskog narodnog kazali\u0161ta, Zdenac \u017eivota, Me\u0161trovi\u0107ev paviljon (Dom HDLU), Memorijalni domovi i Nacionalna memorijalna bolnica \u201edr. Juraj Njavro\u201c Vukovar) prou\u010davali i ispitivali koncepte kulture pam\u0107enja i mjesta sje\u0107anja.<\/p>\n\n\n\n<hr class=\"wp-block-separator\"\/>\n\n\n\n<p>Izvor i plakat izlo\u017ebe:<\/p>\n\n\n\n<p><a href=\"https:\/\/www.hrstud.unizg.hr\/obavijesti?@=21jid#news_112402\">https:\/\/www.hrstud.unizg.hr\/obavijesti?@=21jid#news_112402<\/a><\/p>\n\n\n\n<hr class=\"wp-block-separator\"\/>\n","protected":false},"excerpt":{"rendered":"","protected":false},"author":2,"featured_media":33738,"comment_status":"open","ping_status":"open","sticky":false,"template":"","format":"standard","meta":{"_acf_changed":false,"jetpack_post_was_ever_published":false,"_jetpack_newsletter_access":"","_jetpack_dont_email_post_to_subs":false,"_jetpack_newsletter_tier_id":0,"_jetpack_memberships_contains_paywalled_content":false,"_jetpack_memberships_contains_paid_content":false,"footnotes":"","jetpack_publicize_message":"","jetpack_publicize_feature_enabled":true,"jetpack_social_post_already_shared":true,"jetpack_social_options":{"image_generator_settings":{"template":"highway","default_image_id":0,"font":"","enabled":false},"version":2}},"categories":[10,3],"tags":[],"class_list":["post-33737","post","type-post","status-publish","format-standard","has-post-thumbnail","hentry","category-izlozbe","category-novosti"],"acf":{"facebook_opis":""},"jetpack_publicize_connections":[],"jetpack_featured_media_url":"https:\/\/i0.wp.com\/historiografija.hr\/wp-content\/uploads\/2022\/12\/Pozivnica_Kultura-pamcenja-mjesta-sjecanja.jpg?fit=1587%2C2245&ssl=1","jetpack_sharing_enabled":true,"jetpack-related-posts":[],"_links":{"self":[{"href":"https:\/\/historiografija.hr\/index.php?rest_route=\/wp\/v2\/posts\/33737","targetHints":{"allow":["GET"]}}],"collection":[{"href":"https:\/\/historiografija.hr\/index.php?rest_route=\/wp\/v2\/posts"}],"about":[{"href":"https:\/\/historiografija.hr\/index.php?rest_route=\/wp\/v2\/types\/post"}],"author":[{"embeddable":true,"href":"https:\/\/historiografija.hr\/index.php?rest_route=\/wp\/v2\/users\/2"}],"replies":[{"embeddable":true,"href":"https:\/\/historiografija.hr\/index.php?rest_route=%2Fwp%2Fv2%2Fcomments&post=33737"}],"version-history":[{"count":2,"href":"https:\/\/historiografija.hr\/index.php?rest_route=\/wp\/v2\/posts\/33737\/revisions"}],"predecessor-version":[{"id":33740,"href":"https:\/\/historiografija.hr\/index.php?rest_route=\/wp\/v2\/posts\/33737\/revisions\/33740"}],"wp:featuredmedia":[{"embeddable":true,"href":"https:\/\/historiografija.hr\/index.php?rest_route=\/wp\/v2\/media\/33738"}],"wp:attachment":[{"href":"https:\/\/historiografija.hr\/index.php?rest_route=%2Fwp%2Fv2%2Fmedia&parent=33737"}],"wp:term":[{"taxonomy":"category","embeddable":true,"href":"https:\/\/historiografija.hr\/index.php?rest_route=%2Fwp%2Fv2%2Fcategories&post=33737"},{"taxonomy":"post_tag","embeddable":true,"href":"https:\/\/historiografija.hr\/index.php?rest_route=%2Fwp%2Fv2%2Ftags&post=33737"}],"curies":[{"name":"wp","href":"https:\/\/api.w.org\/{rel}","templated":true}]}}