{"id":33734,"date":"2022-12-07T11:53:15","date_gmt":"2022-12-07T11:53:15","guid":{"rendered":"http:\/\/historiografija.hr\/?p=33734"},"modified":"2022-12-07T11:53:15","modified_gmt":"2022-12-07T11:53:15","slug":"ottoman-slavery-working-group-guest-lecture-with-kornelija-jurin-starcevic","status":"publish","type":"post","link":"https:\/\/historiografija.hr\/?p=33734","title":{"rendered":"Ottoman Slavery Working Group: Guest Lecture with Kornelija Jurin Starcevic"},"content":{"rendered":"\n<p>Kornelija Jurin Star\u010devi\u0107 (University of Zagreb)<\/p>\n\n\n\n<p><strong>Slavery on the Western Ottoman Borders: Records from the Sarajevo Kadi Court Records from the Second Half of the 16th Century<\/strong><\/p>\n\n\n\n<p>The phenomenon of slavery was widespread in the Ottoman Empire, yet there is little research on the Balkans. Kornelija Jurin Star\u010devi\u0107 will give us insights into slavery in this region based on court records from Sarajevo from the second half of the 16th century.&nbsp;<\/p>\n\n\n\n<p>7 December 2022, Wednesday | Bonn: 11 AM, Istanbul: 1 PM<br>BCDSS Conference Room (0.018)<br>Niebuhrstr. 5, 53113 Bonn<\/p>\n\n\n\n<p>To register for this event (online participation) please click the following link: <a href=\"https:\/\/uni-bonn.zoom.us\/meeting\/register\/u5ItcumhqzIrGNda3CkRvk-1wxGuJnZyCwjw\">https:\/\/uni-bonn.zoom.us\/meeting\/register\/u5ItcumhqzIrGNda3CkRvk-1wxGuJnZyCwjw<\/a><\/p>\n\n\n\n<p>For participation in person in Bonn, please email to: <a href=\"mailto:veruschka.wagner@gmx.de\">veruschka.wagner@gmx.de<\/a><\/p>\n\n\n\n<hr class=\"wp-block-separator\"\/>\n\n\n\n<p><a href=\"https:\/\/www.ioa.uni-bonn.de\/isl\/de\/nachrichten\/07-12-2022-11-00-uhr-11-00-am-cet-ottoman-slavery-working-group-zoom-kornelija-jurin-starcevic-university-of-zagreb\">https:\/\/www.ioa.uni-bonn.de\/isl\/de\/nachrichten\/07-12-2022-11-00-uhr-11-00-am-cet-ottoman-slavery-working-group-zoom-kornelija-jurin-starcevic-university-of-zagreb<\/a><\/p>\n\n\n\n<hr class=\"wp-block-separator\"\/>\n","protected":false},"excerpt":{"rendered":"","protected":false},"author":2,"featured_media":33735,"comment_status":"open","ping_status":"open","sticky":false,"template":"","format":"standard","meta":{"_acf_changed":false,"_jetpack_newsletter_access":"","_jetpack_dont_email_post_to_subs":false,"_jetpack_newsletter_tier_id":0,"_jetpack_memberships_contains_paywalled_content":false,"_jetpack_memberships_contains_paid_content":false,"footnotes":"","jetpack_publicize_message":"","jetpack_publicize_feature_enabled":true,"jetpack_social_post_already_shared":true,"jetpack_social_options":{"image_generator_settings":{"template":"highway","default_image_id":0,"font":"","enabled":false},"version":2},"jetpack_post_was_ever_published":false},"categories":[3],"tags":[],"class_list":["post-33734","post","type-post","status-publish","format-standard","has-post-thumbnail","hentry","category-novosti"],"acf":{"facebook_opis":""},"jetpack_publicize_connections":[],"jetpack_featured_media_url":"https:\/\/i0.wp.com\/historiografija.hr\/wp-content\/uploads\/2022\/12\/Guest-Lecture.jpg?fit=763%2C1080&ssl=1","jetpack_sharing_enabled":true,"jetpack-related-posts":[{"id":52592,"url":"https:\/\/historiografija.hr\/?p=52592","url_meta":{"origin":33734,"position":0},"title":"Predstavljanje knjige &#8220;Turska ku\u0107a u Rijeci&#8221; u Zagrebu","author":"Branimir Jankovi\u0107","date":"22. travnja 2026.","format":false,"excerpt":"U prostorijama Turskog kulturnog centra Yunus Emre u Zagrebu, u utorak 21. travnja 2026. godine, odr\u017eano je sve\u010dano predstavljanje dopunjenog izdanja knjige Turska ku\u0107a u Rijeci, u organizaciji Hrvatsko-turskog dru\u0161tva Rijeka i partnerstvu sa Skupinom prijateljstva Hrvatska-Turska Hrvatskog sabora, Veleposlanstvom Republike Turske u Republici Hrvatskoj te Turskim kulturnim centrom Yunus\u2026","rel":"","context":"U &quot;Novosti&quot;","block_context":{"text":"Novosti","link":"https:\/\/historiografija.hr\/?cat=3"},"img":{"alt_text":"","src":"https:\/\/i0.wp.com\/historiografija.hr\/wp-content\/uploads\/2026\/04\/Turska-kuca-ZG.jpg?fit=1200%2C800&ssl=1&resize=350%2C200","width":350,"height":200,"srcset":"https:\/\/i0.wp.com\/historiografija.hr\/wp-content\/uploads\/2026\/04\/Turska-kuca-ZG.jpg?fit=1200%2C800&ssl=1&resize=350%2C200 1x, https:\/\/i0.wp.com\/historiografija.hr\/wp-content\/uploads\/2026\/04\/Turska-kuca-ZG.jpg?fit=1200%2C800&ssl=1&resize=525%2C300 1.5x, https:\/\/i0.wp.com\/historiografija.hr\/wp-content\/uploads\/2026\/04\/Turska-kuca-ZG.jpg?fit=1200%2C800&ssl=1&resize=700%2C400 2x, https:\/\/i0.wp.com\/historiografija.hr\/wp-content\/uploads\/2026\/04\/Turska-kuca-ZG.jpg?fit=1200%2C800&ssl=1&resize=1050%2C600 3x"},"classes":[]},{"id":55147,"url":"https:\/\/historiografija.hr\/?p=55147","url_meta":{"origin":33734,"position":1},"title":"Emma Southon, \u201eServus: How Slavery Made the Roman World\u201c","author":"Filip \u0160imunjak","date":"1. rujna 2026.","format":false,"excerpt":"We associate the Romans with majesty and greatness: we marvel at their straight roads and innovative underfloor heating, at the dominance of their army and navy, at the grandeur of their palaces and temples. But the Romans were also enslavers. They built an empire on the backs of millions of\u2026","rel":"","context":"U &quot;Knjige&quot;","block_context":{"text":"Knjige","link":"https:\/\/historiografija.hr\/?cat=8"},"img":{"alt_text":"","src":"https:\/\/i0.wp.com\/historiografija.hr\/wp-content\/uploads\/2026\/08\/Servus-Southon.webp?fit=666%2C1024&ssl=1&resize=350%2C200","width":350,"height":200,"srcset":"https:\/\/i0.wp.com\/historiografija.hr\/wp-content\/uploads\/2026\/08\/Servus-Southon.webp?fit=666%2C1024&ssl=1&resize=350%2C200 1x, https:\/\/i0.wp.com\/historiografija.hr\/wp-content\/uploads\/2026\/08\/Servus-Southon.webp?fit=666%2C1024&ssl=1&resize=525%2C300 1.5x"},"classes":[]},{"id":54174,"url":"https:\/\/historiografija.hr\/?p=54174","url_meta":{"origin":33734,"position":2},"title":"Yanni Kotsonis, &#8220;The Greek Revolution and the Violent Birth of Nationalism&#8221;","author":"Branimir Jankovi\u0107","date":"18. lipnja 2026.","format":false,"excerpt":"A sweeping global history of the birth of modern Greece In 1821, a diverse territory in the southern Balkans on the fringe of the Ottoman Empire was thrust into a decade of astounding mass violence. The Greek Revolution and the Violent Birth of Nationalism traces how something new emerged from\u2026","rel":"","context":"U &quot;Knjige&quot;","block_context":{"text":"Knjige","link":"https:\/\/historiografija.hr\/?cat=8"},"img":{"alt_text":"","src":"https:\/\/historiografija.hr\/wp-content\/uploads\/2026\/06\/Kotsonis.avif","width":350,"height":200},"classes":[]},{"id":54031,"url":"https:\/\/historiografija.hr\/?p=54031","url_meta":{"origin":33734,"position":3},"title":"Call for Book Chapters: Alternatives to the Nation-State: Federalism, Autonomy, and Post-Imperial Imaginaries in the Mediterranean Long Nineteenth Century","author":"Branimir Jankovi\u0107","date":"11. lipnja 2026.","format":false,"excerpt":"Workshop Date: September 24, 2026 - September 25, 2026 Location: Greece Subject Fields: Intellectual History, Modern European History \/ Studies \u00a0 \u00a0 \u00a0 \u00a0 \u00a0 \u00a0 \u00a0 \u00a0 \u00a0 \u00a0 \u00a0 \u00a0 \u00a0 \u00a0 \u00a0 \u00a0 \u00a0 \u00a0 \u00a0 \u00a0 \u00a0 \u00a0 \u00a0 \u00a0 \u00a0 \u00a0 \u00a0 \u00a0 \u00a0 \u00a0\u2026","rel":"","context":"U &quot;Novosti&quot;","block_context":{"text":"Novosti","link":"https:\/\/historiografija.hr\/?cat=3"},"img":{"alt_text":"","src":"https:\/\/i0.wp.com\/historiografija.hr\/wp-content\/uploads\/2026\/06\/HNet_Logo_with_tag.png?fit=1200%2C424&ssl=1&resize=350%2C200","width":350,"height":200,"srcset":"https:\/\/i0.wp.com\/historiografija.hr\/wp-content\/uploads\/2026\/06\/HNet_Logo_with_tag.png?fit=1200%2C424&ssl=1&resize=350%2C200 1x, https:\/\/i0.wp.com\/historiografija.hr\/wp-content\/uploads\/2026\/06\/HNet_Logo_with_tag.png?fit=1200%2C424&ssl=1&resize=525%2C300 1.5x, https:\/\/i0.wp.com\/historiografija.hr\/wp-content\/uploads\/2026\/06\/HNet_Logo_with_tag.png?fit=1200%2C424&ssl=1&resize=700%2C400 2x, https:\/\/i0.wp.com\/historiografija.hr\/wp-content\/uploads\/2026\/06\/HNet_Logo_with_tag.png?fit=1200%2C424&ssl=1&resize=1050%2C600 3x"},"classes":[]},{"id":54844,"url":"https:\/\/historiografija.hr\/?p=54844","url_meta":{"origin":33734,"position":4},"title":"Marcel van der Linden, &#8220;The World Wide Web of Work: A history in the making&#8221;","author":"Branimir Jankovi\u0107","date":"30. srpnja 2026.","format":false,"excerpt":"Global Labour History has rapidly gained ground as a field of study in the 21st century, attracting interest in the Global South and North alike. Scholars derive inspiration from the broad perspective and the effort to perceive connections between global trends over time in work and labour relations, incorporating slaves,\u2026","rel":"","context":"U &quot;E-knjige&quot;","block_context":{"text":"E-knjige","link":"https:\/\/historiografija.hr\/?cat=19"},"img":{"alt_text":"","src":"https:\/\/i0.wp.com\/historiografija.hr\/wp-content\/uploads\/2026\/07\/Linden-2.jpg?fit=652%2C534&ssl=1&resize=350%2C200","width":350,"height":200,"srcset":"https:\/\/i0.wp.com\/historiografija.hr\/wp-content\/uploads\/2026\/07\/Linden-2.jpg?fit=652%2C534&ssl=1&resize=350%2C200 1x, https:\/\/i0.wp.com\/historiografija.hr\/wp-content\/uploads\/2026\/07\/Linden-2.jpg?fit=652%2C534&ssl=1&resize=525%2C300 1.5x"},"classes":[]},{"id":55137,"url":"https:\/\/historiografija.hr\/?p=55137","url_meta":{"origin":33734,"position":5},"title":"\u201eA Byzantine Century: Political, Colonial, and National Uses of Neo-Byzantine Architecture, 1820s\u20131920s\u201c, ur. Adrien Palladino","author":"Filip \u0160imunjak","date":"31. kolovoza 2026.","format":false,"excerpt":"This volume explores what it meant to invoke Byzantium during a century of restless political, cultural, and imperial transformation. From the 1820s to the 1920s, the \u201cNeo-Byzantine\u201d style was more than a matter of architectural taste in an age of eclecticism. It became a language of power and identity, called\u2026","rel":"","context":"U &quot;Knjige&quot;","block_context":{"text":"Knjige","link":"https:\/\/historiografija.hr\/?cat=8"},"img":{"alt_text":"","src":"https:\/\/i0.wp.com\/historiografija.hr\/wp-content\/uploads\/2026\/08\/A-Byzantine-Century.webp?fit=400%2C484&ssl=1&resize=350%2C200","width":350,"height":200},"classes":[]}],"_links":{"self":[{"href":"https:\/\/historiografija.hr\/index.php?rest_route=\/wp\/v2\/posts\/33734","targetHints":{"allow":["GET"]}}],"collection":[{"href":"https:\/\/historiografija.hr\/index.php?rest_route=\/wp\/v2\/posts"}],"about":[{"href":"https:\/\/historiografija.hr\/index.php?rest_route=\/wp\/v2\/types\/post"}],"author":[{"embeddable":true,"href":"https:\/\/historiografija.hr\/index.php?rest_route=\/wp\/v2\/users\/2"}],"replies":[{"embeddable":true,"href":"https:\/\/historiografija.hr\/index.php?rest_route=%2Fwp%2Fv2%2Fcomments&post=33734"}],"version-history":[{"count":1,"href":"https:\/\/historiografija.hr\/index.php?rest_route=\/wp\/v2\/posts\/33734\/revisions"}],"predecessor-version":[{"id":33736,"href":"https:\/\/historiografija.hr\/index.php?rest_route=\/wp\/v2\/posts\/33734\/revisions\/33736"}],"wp:featuredmedia":[{"embeddable":true,"href":"https:\/\/historiografija.hr\/index.php?rest_route=\/wp\/v2\/media\/33735"}],"wp:attachment":[{"href":"https:\/\/historiografija.hr\/index.php?rest_route=%2Fwp%2Fv2%2Fmedia&parent=33734"}],"wp:term":[{"taxonomy":"category","embeddable":true,"href":"https:\/\/historiografija.hr\/index.php?rest_route=%2Fwp%2Fv2%2Fcategories&post=33734"},{"taxonomy":"post_tag","embeddable":true,"href":"https:\/\/historiografija.hr\/index.php?rest_route=%2Fwp%2Fv2%2Ftags&post=33734"}],"curies":[{"name":"wp","href":"https:\/\/api.w.org\/{rel}","templated":true}]}}