{"id":33731,"date":"2022-12-07T10:22:26","date_gmt":"2022-12-07T10:22:26","guid":{"rendered":"http:\/\/historiografija.hr\/?p=33731"},"modified":"2022-12-07T10:26:49","modified_gmt":"2022-12-07T10:26:49","slug":"znanstveno-strucni-skup-i-izlozba-osam-stoljeca-dubrovackoga-kolendavanja","status":"publish","type":"post","link":"https:\/\/historiografija.hr\/?p=33731","title":{"rendered":"Znanstveno-stru\u010dni skup i izlo\u017eba \u201eOsam stolje\u0107a dubrova\u010dkoga kolendavanja\u201c"},"content":{"rendered":"\n<p>U povodu uvr\u0161tenja dubrova\u010dkoga kolendavanja u nacionalni Registar za\u0161ti\u0107ene nematerijalne ba\u0161tine, Dubrova\u010dki muzeji uz potporu Grada Dubrovnika i Ministarstva kulture i medija RH u srijedu, 7. prosinca 2022. s po\u010detkom u 9 sati u Lazaretima organiziraju znanstveno-stru\u010dni skup, u 16 sati multilokacijsku izlo\u017ebu \/ tematsku \u0161etnju \u201eOsam stolje\u0107a dubrova\u010dkoga kolendavanja\u201c, a u 18 sati sve\u010dano otvaranje Kne\u017eeve kapelice u Dvoru.<\/p>\n\n\n\n<p>Znanstveno-stru\u010dnim skupom sagledava se slojevito osamstoljetno kolendarsko naslje\u0111e dubrova\u010dkoga i \u0161irega hrvatskoga prostora. Sudionici skupa svojim \u0107e znanstveno-istra\u017eiva\u010dkim prinosima osvijetliti povijesno-tradicijske matrice i pojavnosti s etnolo\u0161kog, etno-muzikolo\u0161kog, folklornog i knji\u017eevno-povijesnog aspekta.<\/p>\n\n\n\n<p>U atriju Kne\u017eeva dvora u 16 sati po\u010det \u0107e multilokacijska izlo\u017eba &#8211; tematska \u0161etnja uz stru\u010dno vodstvo Jelene Obradovi\u0107 Moja\u0161. U \u0161etnji &#8216;dubrova\u010dkim vremenom od kolendavanja&#8217; posjetitelji \u0107e se upoznati s povijesnom gra\u0111om (u Dr\u017eavnom arhivu u Sponzi, Akademijinoj Zbirci Baltazara Bogi\u0161i\u0107a, Franjeva\u010dkom samostanu Male bra\u0107e i Znanstvenoj knji\u017enici Dubrovnik) koja do sada nije bila predstavljana \u0161iroj javnosti. U 18 sati bit \u0107e uprili\u010deno i sve\u010dano otvaranje barokne kapelice u Kne\u017eevu dvoru posve\u0107ene ro\u0111enju Bla\u017eene Djevice Marije, podignute 1690.-1691., koja \u0107e nakon dugih desetlje\u0107a iznova biti predstavljena javnosti.\u00a0\u00a0Cijeli program organiziran je u okviru Dubrova\u010dkog zimskog festivala.<\/p>\n\n\n\n<hr class=\"wp-block-separator\"\/>\n\n\n\n<p><strong>Izvor i program znanstveno-stru\u010dnog skupa:<\/strong><\/p>\n\n\n\n<p><a href=\"https:\/\/www.dubrovnik.hr\/vijesti\/osam-stoljeca-dubrovackoga-kolendavanja-16352\">https:\/\/www.dubrovnik.hr\/vijesti\/osam-stoljeca-dubrovackoga-kolendavanja-16352<\/a><\/p>\n\n\n\n<hr class=\"wp-block-separator\"\/>\n","protected":false},"excerpt":{"rendered":"","protected":false},"author":2,"featured_media":33732,"comment_status":"open","ping_status":"open","sticky":false,"template":"","format":"standard","meta":{"_acf_changed":false,"jetpack_post_was_ever_published":false,"_jetpack_newsletter_access":"","_jetpack_dont_email_post_to_subs":false,"_jetpack_newsletter_tier_id":0,"_jetpack_memberships_contains_paywalled_content":false,"_jetpack_memberships_contains_paid_content":false,"footnotes":"","jetpack_publicize_message":"","jetpack_publicize_feature_enabled":true,"jetpack_social_post_already_shared":true,"jetpack_social_options":{"image_generator_settings":{"template":"highway","default_image_id":0,"font":"","enabled":false},"version":2}},"categories":[10,3,9],"tags":[],"class_list":["post-33731","post","type-post","status-publish","format-standard","has-post-thumbnail","hentry","category-izlozbe","category-novosti","category-skupovi"],"acf":{"facebook_opis":""},"jetpack_publicize_connections":[],"jetpack_featured_media_url":"https:\/\/i0.wp.com\/historiografija.hr\/wp-content\/uploads\/2022\/12\/Kolendavanje.jpg?fit=1600%2C1600&ssl=1","jetpack_sharing_enabled":true,"jetpack-related-posts":[],"_links":{"self":[{"href":"https:\/\/historiografija.hr\/index.php?rest_route=\/wp\/v2\/posts\/33731","targetHints":{"allow":["GET"]}}],"collection":[{"href":"https:\/\/historiografija.hr\/index.php?rest_route=\/wp\/v2\/posts"}],"about":[{"href":"https:\/\/historiografija.hr\/index.php?rest_route=\/wp\/v2\/types\/post"}],"author":[{"embeddable":true,"href":"https:\/\/historiografija.hr\/index.php?rest_route=\/wp\/v2\/users\/2"}],"replies":[{"embeddable":true,"href":"https:\/\/historiografija.hr\/index.php?rest_route=%2Fwp%2Fv2%2Fcomments&post=33731"}],"version-history":[{"count":1,"href":"https:\/\/historiografija.hr\/index.php?rest_route=\/wp\/v2\/posts\/33731\/revisions"}],"predecessor-version":[{"id":33733,"href":"https:\/\/historiografija.hr\/index.php?rest_route=\/wp\/v2\/posts\/33731\/revisions\/33733"}],"wp:featuredmedia":[{"embeddable":true,"href":"https:\/\/historiografija.hr\/index.php?rest_route=\/wp\/v2\/media\/33732"}],"wp:attachment":[{"href":"https:\/\/historiografija.hr\/index.php?rest_route=%2Fwp%2Fv2%2Fmedia&parent=33731"}],"wp:term":[{"taxonomy":"category","embeddable":true,"href":"https:\/\/historiografija.hr\/index.php?rest_route=%2Fwp%2Fv2%2Fcategories&post=33731"},{"taxonomy":"post_tag","embeddable":true,"href":"https:\/\/historiografija.hr\/index.php?rest_route=%2Fwp%2Fv2%2Ftags&post=33731"}],"curies":[{"name":"wp","href":"https:\/\/api.w.org\/{rel}","templated":true}]}}