{"id":33727,"date":"2022-12-07T10:13:09","date_gmt":"2022-12-07T10:13:09","guid":{"rendered":"http:\/\/historiografija.hr\/?p=33727"},"modified":"2022-12-07T10:13:29","modified_gmt":"2022-12-07T10:13:29","slug":"medunarodna-konferencija-otkrivanje-dalmacije-viii-povijest-umjetnickih-institucija-u-dalmaciji-historiografija-ljudi-prostori-perspektive","status":"publish","type":"post","link":"https:\/\/historiografija.hr\/?p=33727","title":{"rendered":"Me\u0111unarodna konferencija OTKRIVANJE DALMACIJE VIII. Povijest umjetni\u010dkih institucija u Dalmaciji: historiografija, ljudi, prostori, perspektive"},"content":{"rendered":"\n<p><strong>8. \u2013 10. prosinca 2022. u Splitu<\/strong><\/p>\n\n\n\n<p><strong><a href=\"https:\/\/www.ipu.hr\/content\/info\/Discovering-Dalmatia-VIII_2022_program.pdf\">PROGRAM I KNJI\u017dICA SA\u017dETAKA (pdf)<\/a><\/strong><\/p>\n\n\n\n<p>Skup \u0107e bit organiziran prema hibridnom modelu, u kojemu \u0107e dio predava\u010da, kao i publika biti povezani putem platforme Zoom, dok \u0107e pak dio sudionika biti zajedno u Splitu. Ujedno je osmi znanstveni skup godi\u0161njeg programa Otkrivanje Dalmacije, tjedna znanstvenih i stru\u010dnih doga\u0111anja, koji se provodi u organizaciji Centra Cvito Fiskovi\u0107 u Splitu.<br><br>Pozivamo vas da se pridru\u017eite skupu putem platforme Zoom:<br><a href=\"https:\/\/us06web.zoom.us\/j\/82373429265?pwd=NTRBWnNmZ09OSnc0a2FSNUJjZWhlZz09\" target=\"_blank\" rel=\"noreferrer noopener\">https:\/\/us06web.zoom.us\/j\/82373429265?pwd=NTRBWnNmZ09OSnc0a2FSNUJjZWhlZz09<\/a><br><br>Ovogodi\u0161nji znanstveno-istra\u017eiva\u010dki program Otkrivanje Dalmacije VIII sadr\u017ei znanstveni skup koji smo posvetili projektu Instituta za povijest umjetnosti pod naslovom Povijest umjetni\u010dkih institucija u Hrvatskoj, voditeljice dr. sc. Irene Kra\u0161evac. Projekt ima za cilj vi\u0161eslojno istra\u017eivanje i sintezu povijesnoumjetni\u010dke bibliografije i arhivsko-dokumentacijskih resursa vezanih uz umjetni\u010dke institucije u Hrvatskoj, pri \u010demu prostor Dalmacije, s obzirom na umjetni\u010dku ba\u0161tinu i povijesne okolnosti, pru\u017ea distinktivan istra\u017eiva\u010dki okvir. Cilj je pak ovog skupa prikazati istra\u017eivanja i otvoriti kriti\u010dku debatu kako bi se odredile koordinate za prvi sustavni pregled i sintezu doga\u0111aja i protagonista koji su formirali povijest umjetni\u010dkih institucija u Dalmaciji u politi\u010dkom, dru\u0161tvenom, kulturnom i povijesnom kontekstu. Nadalje, umjetni\u010dke institucije u Dalmaciji \u017eeli se prikazati kao sustav repozitorija i tuma\u010da njezine bogate umjetni\u010dke ba\u0161tine, a njihovu povijest se nastoji istra\u017eiti kao temelj za uspostavu kontinuiteta i perspektiva njihove misije.<br>Ovogodi\u0161nji program \u0107e, sukladno temi konferencije i znanstveno-popularnom karakteru ovih godi\u0161njih okupljanja, uklju\u010diti i studijske posjete nekima od najva\u017enijih splitskih muzejskih institucija.<\/p>\n\n\n\n<p>Pored toga, program uklju\u010duje i javno predavanje mlade kolegice Maje Peri\u0107, koja \u0107e publiku upoznati s nizozemskim i flamanskim putopisnim izvorima i putnicima koji su putovali isto\u010dnim Jadranom izme\u0111u petnaestog i sedamnaestog stolje\u0107a.<\/p>\n\n\n\n<p><strong>Znanstveni odbor<\/strong><br>Jo\u0161ko Belamari\u0107<br>Arsen Duplan\u010di\u0107<br>Katarina Horvat-Levaj<br>Irena Kra\u0161evac<br>Ivana Mance<br>Katrina O\u2019Loughlin<br>Ana \u0160verko<br>Elke Katharina Wittich<br><br><strong>Organizacijski odbor<\/strong><br>Jo\u0161ko Belamari\u0107<br>Tomislav Bosni\u0107<br>Ana \u0106uri\u0107<br>Matko Matija Maru\u0161i\u0107<br>Sarah Rengel<br>Ana \u0160verko<\/p>\n\n\n\n<hr class=\"wp-block-separator\"\/>\n\n\n\n<p>Izvor:<\/p>\n\n\n\n<p><a href=\"https:\/\/www.ipu.hr\/article\/hr\/1323\/otkrivanje-dalmacije-viii\">https:\/\/www.ipu.hr\/article\/hr\/1323\/otkrivanje-dalmacije-viii<\/a><\/p>\n\n\n\n<hr class=\"wp-block-separator\"\/>\n\n\n\n<p><\/p>\n","protected":false},"excerpt":{"rendered":"","protected":false},"author":2,"featured_media":33728,"comment_status":"open","ping_status":"open","sticky":false,"template":"","format":"standard","meta":{"_acf_changed":false,"jetpack_post_was_ever_published":false,"_jetpack_newsletter_access":"","_jetpack_dont_email_post_to_subs":false,"_jetpack_newsletter_tier_id":0,"_jetpack_memberships_contains_paywalled_content":false,"_jetpack_memberships_contains_paid_content":false,"footnotes":"","jetpack_publicize_message":"","jetpack_publicize_feature_enabled":true,"jetpack_social_post_already_shared":true,"jetpack_social_options":{"image_generator_settings":{"template":"highway","default_image_id":0,"font":"","enabled":false},"version":2}},"categories":[3,9],"tags":[],"class_list":["post-33727","post","type-post","status-publish","format-standard","has-post-thumbnail","hentry","category-novosti","category-skupovi"],"acf":{"facebook_opis":""},"jetpack_publicize_connections":[],"jetpack_featured_media_url":"https:\/\/i0.wp.com\/historiografija.hr\/wp-content\/uploads\/2022\/12\/Dalmacija-VIII-scaled.jpg?fit=2560%2C1848&ssl=1","jetpack_sharing_enabled":true,"jetpack-related-posts":[],"_links":{"self":[{"href":"https:\/\/historiografija.hr\/index.php?rest_route=\/wp\/v2\/posts\/33727","targetHints":{"allow":["GET"]}}],"collection":[{"href":"https:\/\/historiografija.hr\/index.php?rest_route=\/wp\/v2\/posts"}],"about":[{"href":"https:\/\/historiografija.hr\/index.php?rest_route=\/wp\/v2\/types\/post"}],"author":[{"embeddable":true,"href":"https:\/\/historiografija.hr\/index.php?rest_route=\/wp\/v2\/users\/2"}],"replies":[{"embeddable":true,"href":"https:\/\/historiografija.hr\/index.php?rest_route=%2Fwp%2Fv2%2Fcomments&post=33727"}],"version-history":[{"count":2,"href":"https:\/\/historiografija.hr\/index.php?rest_route=\/wp\/v2\/posts\/33727\/revisions"}],"predecessor-version":[{"id":33730,"href":"https:\/\/historiografija.hr\/index.php?rest_route=\/wp\/v2\/posts\/33727\/revisions\/33730"}],"wp:featuredmedia":[{"embeddable":true,"href":"https:\/\/historiografija.hr\/index.php?rest_route=\/wp\/v2\/media\/33728"}],"wp:attachment":[{"href":"https:\/\/historiografija.hr\/index.php?rest_route=%2Fwp%2Fv2%2Fmedia&parent=33727"}],"wp:term":[{"taxonomy":"category","embeddable":true,"href":"https:\/\/historiografija.hr\/index.php?rest_route=%2Fwp%2Fv2%2Fcategories&post=33727"},{"taxonomy":"post_tag","embeddable":true,"href":"https:\/\/historiografija.hr\/index.php?rest_route=%2Fwp%2Fv2%2Ftags&post=33727"}],"curies":[{"name":"wp","href":"https:\/\/api.w.org\/{rel}","templated":true}]}}