{"id":33723,"date":"2022-12-07T10:04:36","date_gmt":"2022-12-07T10:04:36","guid":{"rendered":"http:\/\/historiografija.hr\/?p=33723"},"modified":"2022-12-07T10:06:15","modified_gmt":"2022-12-07T10:06:15","slug":"izlozba-arheolosko-blago-cetine-u-muzeju-triljskog-kraja","status":"publish","type":"post","link":"https:\/\/historiografija.hr\/?p=33723","title":{"rendered":"Izlo\u017eba \u201eArheolo\u0161ko blago Cetine\u201c u Muzeju triljskog kraja"},"content":{"rendered":"\n<p>U Muzeju triljskog kraja u suradnji s Muzejom Cetinske krajine \u2013 Sinj nedavno je otvorena izlo\u017eba <em>Arheolo\u0161ko blago Cetine<\/em> koja putem brojnih arheolo\u0161kih nalaza popra\u0107enih fotorealisti\u010dnim scenama, 3D modelima i vizualizacijama publici otkriva kako su \u017eivjeli, \u010dime su se bavili i u \u0161to su vjerovali Delmati, stanovnici Cetinske krajine u kasnom bron\u010danom i ranom \u017eeljeznom dobu.<\/p>\n\n\n\n<p>Ideja o izlo\u017ebi kod autorica Sanje Budi\u0107 Leto i Darije Domazet sazrijevala je du\u017ee vrijeme, no kako je rije\u010d o ve\u0107inom slu\u010dajnim nalazima bez arheolo\u0161koga konteksta, bilo je potrebno izvr\u0161iti odre\u0111ene pripremne radnje te nalazima\/muzealijama dati smislen sekundarni kontekst. Stoga je u suradnji s Me\u0111unarodnim centrom za podvodnu arheologiju u Zadru izvr\u0161en podvodni pregled dijela korita rijeka Cetine i Rude koji je rezultirao novim spoznajama o prapovijesnim sojeni\u010dkim naseljima na njihovim obalama. Aktivnosti vezane uz ovu izlo\u017ebu dio su vi\u0161egodi\u0161njega projekta Delmati u kojem, uz MCK i MTK, sudjeluju brojni drugi muzeji iz Dalmacije te Bosne i Hercegovine \u2013 Muzej hrvatskih arheolo\u0161kih spomenika u Splitu, Arheolo\u0161ki muzej u Splitu, Muzej grada Ka\u0161tela, Franjeva\u010dki muzej u Tomislavgradu te Franjeva\u010dki muzej i galerija Gorica Livno.<\/p>\n\n\n\n<p>Delmati su mo\u017eda najpoznatiji po ratni\u010dkom karakteru i dugotrajnim ratovima s Rimljanima, stoga ne iznena\u0111uje da je ve\u0107ina nalaza i eksponata zastupljena primjercima za\u0161titne i navalne vojne opreme; gr\u010dko-ilirskim kacigama, knemidom, ma\u010dem, kopljima, karikama i \u0161iljcima prsnog oklopa, tutulima i sulicama te srpovima koji su imali dvostruku, uporabnu i borbenu funkciju. Najvi\u0161e se isti\u010de bron\u010dani predmet interpretiran kao umbo \u0161tita, ukra\u0161en geometrijskim uzorkom. Nakit je zastupljen primjercima spiralno-nao\u010darastih i kasnolatenskih fibula te bron\u010danim iglama. Cilj je izlo\u017ebe bio predstaviti su\u017eivot Delmata i Cetine u svakom pogledu, tako je uz impresivnu ratni\u010dku opremu izlo\u017een i izbor uporabnih predmeta, gruboga kerami\u010dkog posu\u0111a i utega za tkala\u010dki stan, koji ponajbolje svjedo\u010de prapovijesnoj svakodnevici uz obale Cetine.<\/p>\n\n\n\n<p>Budu\u0107i da je prostor presje\u010den rijekom i ome\u0111en planinama bio faktor koji je uvelike diktirao na\u010din \u017eivota na podru\u010dju Trilja i Cetinske krajine, bilo je neminovno dotaknuti se i rimskoga legijskog logora Tilurija (1. st.), podignutoga na strate\u0161kom polo\u017eaju iznad desne obale Cetine u mjestu Gardun pokraj Trilja. Nakon gotovo 170 godina ratovanja s Delmatima, a po slomu Velikog ilirskog tj. Batonskog ustanka (6. \u2013 9. g.), Rimljani su preuzeli kontrolu nad ovim podru\u010djem i prijelazom preko rijeke. Dva \u017eeljezna oja\u010danja drvenih pilona prona\u0111ena nekoliko desetaka metara nizvodno od suvremenoga cestovnog mosta u Trilju, datirana u kasnocarsko razdoblje, uz anti\u010dke itinerere, svjedo\u010de postojanju mostne ili sli\u010dne konstrukcije na navedenome polo\u017eaju te ukazuju na period rimske dominacije. Iz istoga razdoblja potje\u010de i \u017ertvenik beneficijara Gneja Tulija Faventina posve\u0107en Jupiteru i bo\u017eanstvu rijeke <em>Hippus<\/em> tj. rijeke Cetine. Potonji je spomenik prona\u0111en uz lijevu obalu Cetine 1939. godine, a za potrebe izlo\u017ebe posu\u0111en od Arheolo\u0161kog muzeja u Splitu gdje se trajno \u010duva.<\/p>\n\n\n\n<p>Audio-vizualna muzeografska pomagala uklju\u010duju idealnu rekonstrukciju sojeni\u010dke nastambe na polo\u017eaju <em>Veliki Drini\u0107<\/em> u Trilju, uklopljene u renderiranu fotorealisti\u010dnu scenu dana\u0161njeg okoli\u0161a. Rekonstrukcije eksterijera i interijera zastupljene su i interaktivnim 3D modelom te videom u izradi tvrtke Simpert iz Slavonskoga Broda, a taj digitalni materijal mo\u017ee se preuzeti na QR kodu koji se nalazi ne samo na izlo\u017ebi, nego i u tiskanome obliku u deplijanu izlo\u017ebe.<\/p>\n\n\n\n<p>(Sanja Budi\u0107 Leto i Daria Domazet)<\/p>\n\n\n\n<hr class=\"wp-block-separator\"\/>\n\n\n\n<p>Izvori i dodatne obavijesti:<\/p>\n\n\n\n<p><a href=\"https:\/\/mdc.hr\/hr\/mdc\/publikacije\/newsletter\/newsletter-29-11-2022\/#cetina\">https:\/\/mdc.hr\/hr\/mdc\/publikacije\/newsletter\/newsletter-29-11-2022\/#cetina<\/a><\/p>\n\n\n\n<figure class=\"wp-block-embed-wordpress wp-block-embed is-type-wp-embed is-provider-muzej-triljskog-kraja\"><div class=\"wp-block-embed__wrapper\">\n<blockquote class=\"wp-embedded-content\" data-secret=\"QpW125WiMy\"><a href=\"https:\/\/muzejtriljskogkraja.hr\/otvaranje-izlozbe-arheolosko-blago-cetine\/\">Otvaranje izlo\u017ebe Arheolo\u0161ko blago Cetine<\/a><\/blockquote><iframe loading=\"lazy\" class=\"wp-embedded-content\" sandbox=\"allow-scripts\" security=\"restricted\" style=\"position: absolute; clip: rect(1px, 1px, 1px, 1px);\" title=\"&#8220;Otvaranje izlo\u017ebe Arheolo\u0161ko blago Cetine&#8221; &#8212; Muzej Triljskog Kraja\" src=\"https:\/\/muzejtriljskogkraja.hr\/otvaranje-izlozbe-arheolosko-blago-cetine\/embed\/#?secret=Rp5VUdoxRu#?secret=QpW125WiMy\" data-secret=\"QpW125WiMy\" width=\"600\" height=\"338\" frameborder=\"0\" marginwidth=\"0\" marginheight=\"0\" scrolling=\"no\"><\/iframe>\n<\/div><\/figure>\n\n\n\n<hr class=\"wp-block-separator\"\/>\n","protected":false},"excerpt":{"rendered":"","protected":false},"author":2,"featured_media":33726,"comment_status":"open","ping_status":"open","sticky":false,"template":"","format":"standard","meta":{"_acf_changed":false,"jetpack_post_was_ever_published":false,"_jetpack_newsletter_access":"","_jetpack_dont_email_post_to_subs":false,"_jetpack_newsletter_tier_id":0,"_jetpack_memberships_contains_paywalled_content":false,"_jetpack_memberships_contains_paid_content":false,"footnotes":"","jetpack_publicize_message":"","jetpack_publicize_feature_enabled":true,"jetpack_social_post_already_shared":true,"jetpack_social_options":{"image_generator_settings":{"template":"highway","default_image_id":0,"font":"","enabled":false},"version":2}},"categories":[10,3],"tags":[],"class_list":["post-33723","post","type-post","status-publish","format-standard","has-post-thumbnail","hentry","category-izlozbe","category-novosti"],"acf":{"facebook_opis":""},"jetpack_publicize_connections":[],"jetpack_featured_media_url":"https:\/\/i0.wp.com\/historiografija.hr\/wp-content\/uploads\/2022\/12\/Arheolosko-blago-Cetine-izlozba.jpg?fit=2178%2C822&ssl=1","jetpack_sharing_enabled":true,"jetpack-related-posts":[],"_links":{"self":[{"href":"https:\/\/historiografija.hr\/index.php?rest_route=\/wp\/v2\/posts\/33723","targetHints":{"allow":["GET"]}}],"collection":[{"href":"https:\/\/historiografija.hr\/index.php?rest_route=\/wp\/v2\/posts"}],"about":[{"href":"https:\/\/historiografija.hr\/index.php?rest_route=\/wp\/v2\/types\/post"}],"author":[{"embeddable":true,"href":"https:\/\/historiografija.hr\/index.php?rest_route=\/wp\/v2\/users\/2"}],"replies":[{"embeddable":true,"href":"https:\/\/historiografija.hr\/index.php?rest_route=%2Fwp%2Fv2%2Fcomments&post=33723"}],"version-history":[{"count":1,"href":"https:\/\/historiografija.hr\/index.php?rest_route=\/wp\/v2\/posts\/33723\/revisions"}],"predecessor-version":[{"id":33725,"href":"https:\/\/historiografija.hr\/index.php?rest_route=\/wp\/v2\/posts\/33723\/revisions\/33725"}],"wp:featuredmedia":[{"embeddable":true,"href":"https:\/\/historiografija.hr\/index.php?rest_route=\/wp\/v2\/media\/33726"}],"wp:attachment":[{"href":"https:\/\/historiografija.hr\/index.php?rest_route=%2Fwp%2Fv2%2Fmedia&parent=33723"}],"wp:term":[{"taxonomy":"category","embeddable":true,"href":"https:\/\/historiografija.hr\/index.php?rest_route=%2Fwp%2Fv2%2Fcategories&post=33723"},{"taxonomy":"post_tag","embeddable":true,"href":"https:\/\/historiografija.hr\/index.php?rest_route=%2Fwp%2Fv2%2Ftags&post=33723"}],"curies":[{"name":"wp","href":"https:\/\/api.w.org\/{rel}","templated":true}]}}